{"id":908,"date":"2022-07-11T09:16:19","date_gmt":"2022-07-11T07:16:19","guid":{"rendered":"http:\/\/5.45.101.177\/haut-allier\/usagers-transportse\/index.php\/2022\/07\/11\/ligne-des-causses-beziers908\/"},"modified":"2022-07-11T09:16:19","modified_gmt":"2022-07-11T07:16:19","slug":"ligne-des-causses-beziers908","status":"publish","type":"post","link":"https:\/\/usagers-transports.haut-allier.eu\/index.php\/2022\/07\/11\/ligne-des-causses-beziers908\/","title":{"rendered":"Ligne des Causses B\u00e9ziers &#8211; Neussargues &#8211; Clermont : travaux d\u00e8s ce jour et fiches horaires"},"content":{"rendered":"<p>La ligne reliant Clermont-Ferrand \u00e0 B\u00e9ziers est interrompue pour travaux. Les fiches horaires sont difficilement accessibles sur les sites SNCF \u00e0 cette heure.<br \/>\n&nbsp;<br \/>\nSur le site TER Auvergne Rh\u00f4ne Alpes lien non disponible :<br \/>\n<img loading=\"lazy\" decoding=\"async\" class=\" aligncenter size-full wp-image-3930\" src=\"http:\/\/5.45.101.177\/haut-allier\/usagers-transportse\/wp-content\/uploads\/2022\/07\/la-screenshot-www.ter_.sncf_.com-2022.07.11-08_35_49.jpg\" alt=\"la-screenshot-www.ter.sncf.com-2022.07.11-08_35_49.jpg\" align=\"center\" width=\"758\" height=\"431\" srcset=\"https:\/\/usagers-transports.haut-allier.eu\/wp-content\/uploads\/2022\/07\/la-screenshot-www.ter_.sncf_.com-2022.07.11-08_35_49.jpg 758w, https:\/\/usagers-transports.haut-allier.eu\/wp-content\/uploads\/2022\/07\/la-screenshot-www.ter_.sncf_.com-2022.07.11-08_35_49-300x171.jpg 300w\" sizes=\"auto, (max-width: 758px) 100vw, 758px\" \/><br \/>\nSur le site TER Occitanie :<br \/>\n<img loading=\"lazy\" decoding=\"async\" class=\" aligncenter size-full wp-image-3931\" src=\"http:\/\/5.45.101.177\/haut-allier\/usagers-transportse\/wp-content\/uploads\/2022\/07\/screenshot-www.ter_.sncf_.com-2022.07.11-08_49_02.jpg\" alt=\"screenshot-www.ter.sncf.com-2022.07.11-08_49_02.jpg\" align=\"center\" width=\"522\" height=\"141\" srcset=\"https:\/\/usagers-transports.haut-allier.eu\/wp-content\/uploads\/2022\/07\/screenshot-www.ter_.sncf_.com-2022.07.11-08_49_02.jpg 522w, https:\/\/usagers-transports.haut-allier.eu\/wp-content\/uploads\/2022\/07\/screenshot-www.ter_.sncf_.com-2022.07.11-08_49_02-300x81.jpg 300w\" sizes=\"auto, (max-width: 522px) 100vw, 522px\" \/><br \/>\n&nbsp;<br \/>\nCe que nous pouvons indiquer :<br \/>\n&nbsp;<br \/>\n&#8211; <strong>Entre B\u00e9darieux et Marvejols la ligne est ferm\u00e9e du 11 juillet au 12 ao\u00fbt.<\/strong><br \/>\n&#8211; <strong>Entre Marvejols et Saint-Ch\u00e9ly d&rsquo;Apcher la ligne sera ferm\u00e9e du 11 juillet jusqu&rsquo;au 16 septembre.<\/strong><br \/>\n&#8211; <strong>Entre Neussargues et Clermont tr\u00e8s mauvaise desserte. Voir les fiches ci-dessous.<\/strong><br \/>\n&nbsp;<br \/>\nDes travaux financ\u00e9s \u00e0 hauteur de 95,3 % par la R\u00e9gion Occitanie.<br \/>\n&nbsp;<br \/>\nLes op\u00e9rations concernent principalement :<br \/>\n&#8211; le remplacement de 4000 traverses entre Le Bousquet d\u2019Orb et Ceilhes et entre Marvejols et Peyre en Aubrac,<br \/>\n&#8211; le confortement du versant rocheux des Angles \u2013 Fondamente,<br \/>\n&#8211; la r\u00e9g\u00e9n\u00e9ration du tunnel de la Griffouli\u00e8re,<br \/>\n&#8211; la r\u00e9fection de supports cat\u00e9naires et la r\u00e9g\u00e9n\u00e9ration de bobines de signalisation.<br \/>\n&nbsp;<br \/>\n<strong>Entre B\u00e9darieux et B\u00e9ziers les trains continuent \u00e0 circuler, sauf indication contraire au jour le jour. Voir les sites <a href=\"https:\/\/www.sncf-connect.com\/\"><em>SNCF<\/em><\/a>.<\/strong><br \/>\n&nbsp;<br \/>\nMais voici les fiches horaires retrouv\u00e9es sur l&rsquo;axe B\u00e9ziers Clermont-Ferrand avec les bus de substitution :<br \/>\n&nbsp;<br \/>\n&#8211; du 11 au 31 juillet :<br \/>\n<a href=\"http:\/\/5.45.101.177\/haut-allier\/usagers-transportse\/wp-content\/uploads\/2022\/07\/81_web_du_11-07-22_au_31-07-22-version_du_01-07-22.pdf\">81_web_du_11-07-22_au_31-07-22-version_du_01-07-22.pdf<\/a><\/p>\n<p>&#8211; du 1er ao\u00fbt au 2 septembre :<br \/>\n<a href=\"http:\/\/5.45.101.177\/haut-allier\/usagers-transportse\/wp-content\/uploads\/2022\/07\/81_web_du_01-08_au_02-09-22_-_version_du_22-06-22.pdf\">81_web_du_01-08_au_02-09-22_-_version_du_22-06-22.pdf<\/a><\/p>\n<p>&#8211; du 3 au 30 septembre :<br \/>\n<a href=\"http:\/\/5.45.101.177\/haut-allier\/usagers-transportse\/wp-content\/uploads\/2022\/07\/81_web_du_03-09_au_30-09-22_-_version_du_27-06-22.pdf\">81_web_du_03-09_au_30-09-22_-_version_du_27-06-22.pdf<\/a><\/p>\n","protected":false},"excerpt":{"rendered":"<p>La ligne reliant Clermont-Ferrand \u00e0 B\u00e9ziers est interrompue pour travaux. Les fiches horaires sont difficilement accessibles sur les<\/p>\n","protected":false},"author":1,"featured_media":3929,"comment_status":"open","ping_status":"open","sticky":false,"template":"","format":"standard","meta":{"footnotes":""},"categories":[2],"tags":[],"class_list":["post-908","post","type-post","status-publish","format-standard","has-post-thumbnail","hentry","category-infos"],"_links":{"self":[{"href":"https:\/\/usagers-transports.haut-allier.eu\/index.php\/wp-json\/wp\/v2\/posts\/908","targetHints":{"allow":["GET"]}}],"collection":[{"href":"https:\/\/usagers-transports.haut-allier.eu\/index.php\/wp-json\/wp\/v2\/posts"}],"about":[{"href":"https:\/\/usagers-transports.haut-allier.eu\/index.php\/wp-json\/wp\/v2\/types\/post"}],"author":[{"embeddable":true,"href":"https:\/\/usagers-transports.haut-allier.eu\/index.php\/wp-json\/wp\/v2\/users\/1"}],"replies":[{"embeddable":true,"href":"https:\/\/usagers-transports.haut-allier.eu\/index.php\/wp-json\/wp\/v2\/comments?post=908"}],"version-history":[{"count":0,"href":"https:\/\/usagers-transports.haut-allier.eu\/index.php\/wp-json\/wp\/v2\/posts\/908\/revisions"}],"wp:featuredmedia":[{"embeddable":true,"href":"https:\/\/usagers-transports.haut-allier.eu\/index.php\/wp-json\/wp\/v2\/media\/3929"}],"wp:attachment":[{"href":"https:\/\/usagers-transports.haut-allier.eu\/index.php\/wp-json\/wp\/v2\/media?parent=908"}],"wp:term":[{"taxonomy":"category","embeddable":true,"href":"https:\/\/usagers-transports.haut-allier.eu\/index.php\/wp-json\/wp\/v2\/categories?post=908"},{"taxonomy":"post_tag","embeddable":true,"href":"https:\/\/usagers-transports.haut-allier.eu\/index.php\/wp-json\/wp\/v2\/tags?post=908"}],"curies":[{"name":"wp","href":"https:\/\/api.w.org\/{rel}","templated":true}]}}