{"id":909,"date":"2022-07-11T18:38:19","date_gmt":"2022-07-11T16:38:19","guid":{"rendered":"http:\/\/5.45.101.177\/haut-allier\/usagers-transportse\/index.php\/2022\/07\/11\/railcoop-recrute-webinaire-pour-l909\/"},"modified":"2022-07-11T18:38:19","modified_gmt":"2022-07-11T16:38:19","slug":"railcoop-recrute-webinaire-pour-l909","status":"publish","type":"post","link":"https:\/\/usagers-transports.haut-allier.eu\/index.php\/2022\/07\/11\/railcoop-recrute-webinaire-pour-l909\/","title":{"rendered":"Railcoop recrute : webinaire pour l&#8217;emploi le 12 juillet 18h30"},"content":{"rendered":"<p><em>Le nouvel op\u00e9rateur ferroviaire coop\u00e9ratif communique : <\/em><br \/>\n&nbsp;<br \/>\n<strong>Railcoop recrute<\/strong><br \/>\n&nbsp;<br \/>\nEnvie de rejoindre l\u2019\u00e9quipe salari\u00e9e de Railcoop ?<br \/>\n&nbsp;<br \/>\nVenez d\u00e9couvrir nos m\u00e9tiers et notre \u00e9quipe !<br \/>\n&nbsp;<br \/>\nL\u2019\u00e9quipe de Railcoop compte aujourd\u2019hui 37 salari\u00e9s. Pour r\u00e9pondre \u00e0 la croissance de notre service fret en Occitanie et pr\u00e9parer le lancement de notre service voyageurs, nous avons besoin de comp\u00e9tences suppl\u00e9mentaires !<br \/>\n&nbsp;<br \/>\nVous souhaitez en savoir plus sur nos offres d\u2019emploi ?<br \/>\n&nbsp;<br \/>\nRejoignez-nous le 12 juillet prochain \u00e0 18h30 lors de notre webinaire pour en savoir plus sur les postes ouverts et \u00e9changer avec les salari\u00e9s de la coop\u00e9rative.<br \/>\n&nbsp;<br \/>\n<a href=\"http:\/\/xpgwm.mjt.lu\/lnk\/AVQAAFvsSikAAc2PNAAAAdXhtpkAAYDNwckAJfdNAA_jmgBiy_hn6GcZZbnYRQ6hO3A36JVXCAAPoTk\/1\/NuVg3B-_RppVjYMBiUvOXQ\/aHR0cHM6Ly91czAyd2ViLnpvb20udXMvd2ViaW5hci9yZWdpc3Rlci9XTl8wS0JmbmJSclRnLWVPNGYtaHBtZ01B\"><strong>S\u2019inscrire au webinaire<\/strong><br \/>\n<\/a><br \/>\n&nbsp;<br \/>\nEn attendant, retrouvez toutes nos offres en <a href=\"http:\/\/xpgwm.mjt.lu\/lnk\/AVQAAFvsSikAAc2PNAAAAdXhtpkAAYDNwckAJfdNAA_jmgBiy_hn6GcZZbnYRQ6hO3A36JVXCAAPoTk\/2\/fEiht3qJEV-hzsoY3zAtoA\/aHR0cHM6Ly93d3cucmFpbGNvb3AuZnIvcmFpbGNvb3AtcmVjcnV0ZS8\"><strong>cliquant ici<\/strong><\/a>.<br \/>\n&nbsp;<br \/>\nL&rsquo;\u00e9quipe Railcoop<br \/>\n&nbsp;\u200a<br \/>\n2 Avenue d&rsquo;Aurillac<br \/>\n46100 Figeac<\/p>\n","protected":false},"excerpt":{"rendered":"<p>Le nouvel op\u00e9rateur ferroviaire coop\u00e9ratif communique : &nbsp; Railcoop recrute &nbsp; Envie de rejoindre l\u2019\u00e9quipe salari\u00e9e de Railcoop<\/p>\n","protected":false},"author":1,"featured_media":3935,"comment_status":"open","ping_status":"open","sticky":false,"template":"","format":"standard","meta":{"footnotes":""},"categories":[2],"tags":[],"class_list":["post-909","post","type-post","status-publish","format-standard","has-post-thumbnail","hentry","category-infos"],"_links":{"self":[{"href":"https:\/\/usagers-transports.haut-allier.eu\/index.php\/wp-json\/wp\/v2\/posts\/909","targetHints":{"allow":["GET"]}}],"collection":[{"href":"https:\/\/usagers-transports.haut-allier.eu\/index.php\/wp-json\/wp\/v2\/posts"}],"about":[{"href":"https:\/\/usagers-transports.haut-allier.eu\/index.php\/wp-json\/wp\/v2\/types\/post"}],"author":[{"embeddable":true,"href":"https:\/\/usagers-transports.haut-allier.eu\/index.php\/wp-json\/wp\/v2\/users\/1"}],"replies":[{"embeddable":true,"href":"https:\/\/usagers-transports.haut-allier.eu\/index.php\/wp-json\/wp\/v2\/comments?post=909"}],"version-history":[{"count":0,"href":"https:\/\/usagers-transports.haut-allier.eu\/index.php\/wp-json\/wp\/v2\/posts\/909\/revisions"}],"wp:featuredmedia":[{"embeddable":true,"href":"https:\/\/usagers-transports.haut-allier.eu\/index.php\/wp-json\/wp\/v2\/media\/3935"}],"wp:attachment":[{"href":"https:\/\/usagers-transports.haut-allier.eu\/index.php\/wp-json\/wp\/v2\/media?parent=909"}],"wp:term":[{"taxonomy":"category","embeddable":true,"href":"https:\/\/usagers-transports.haut-allier.eu\/index.php\/wp-json\/wp\/v2\/categories?post=909"},{"taxonomy":"post_tag","embeddable":true,"href":"https:\/\/usagers-transports.haut-allier.eu\/index.php\/wp-json\/wp\/v2\/tags?post=909"}],"curies":[{"name":"wp","href":"https:\/\/api.w.org\/{rel}","templated":true}]}}