{"id":91,"date":"2013-11-21T07:50:18","date_gmt":"2013-11-21T06:50:18","guid":{"rendered":"http:\/\/5.45.101.177\/haut-allier\/usagers-transportse\/index.php\/2013\/11\/21\/auvergne-l-etat-et-la-sncf091\/"},"modified":"2026-09-01T15:53:15","modified_gmt":"2026-09-01T13:53:15","slug":"auvergne-l-etat-et-la-sncf091","status":"publish","type":"post","link":"https:\/\/usagers-transports.haut-allier.eu\/index.php\/2013\/11\/21\/auvergne-l-etat-et-la-sncf091\/","title":{"rendered":"Auvergne : l&rsquo;\u00e9tat et la SNCF pr\u00e9voient moins de budget pour ses trains et son r\u00e9seau"},"content":{"rendered":"Voici ce que le minist\u00e8re des transports ose r\u00e9pondre s&rsquo;agissant de nos inqui\u00e9tudes sur l&rsquo;\u00e9tat du service ferroviaire dans le massif central. Assembl\u00e9e nationale, mardi 19 novembre 2013, aux questions du d\u00e9put\u00e9 auvergnat Andr\u00e9 Chassaigne :\n&nbsp;\n&#8211; <strong>Train TET C\u00e9venol et Aubrac : rien ne va bouger d&rsquo;ici&#8230; 2025 !<\/strong> Les vieilles rames corail auront tout le temps d&rsquo;\u00eatre rong\u00e9es par la rouille. \u00ab\u00a0L&rsquo;\u00e9tat veillera \u00e0 ce que les deux lignes soient perennis\u00e9es\u00a0\u00bb : air connu. Fantastique ! Sans budget, avec les retards syst\u00e9matiques quotidiens, sans possibilit\u00e9 de correspondances, sans \u00e9ligibilit\u00e9 aux tarifs promotionnels, sans guichets les week-ends dans les gares, sans changement urgent du mat\u00e9riel roulant v\u00e9tuste, et donc sans volont\u00e9 de promotion, on tient l\u00e0 une d\u00e9claration r\u00e9chauff\u00e9e ridicule r\u00e9guli\u00e8rement envoy\u00e9e \u00e0 la face des acteurs du massif central.\n\n&#8211; <strong>Infrastructure ferroviaire : <\/strong> sa soit-disant maintenance par RFF et le Plan Rail, qui a englouti des dizaines de millions d&rsquo;euros et interrompu le trafic pendant plusieurs mois par an durant 4 ans et qui ne permet m\u00eame pas une circulation des trains aux vitesses normales, laisse un go\u00fbt amer \u00e0 tous les d\u00e9cideurs, \u00e9lus, et \u00e0 la r\u00e9gion puisque rien ne change en fait. <strong>Au contraire tout r\u00e9gresse. Le service est lamentable. C&rsquo;est le r\u00e9sultat et la volont\u00e9 tr\u00e9s claire de d\u00e9nigrement de la SNCF qui continue dans sa politique du tout TGV.<\/strong>\n&nbsp;\n<img loading=\"lazy\" decoding=\"async\" class=\" aligncenter size-full wp-image-1517\" src=\"http:\/\/5.45.101.177\/haut-allier\/usagers-transportse\/wp-content\/uploads\/2013\/11\/carte_auvergne_trains_gare_rail.jpg\" alt=\"carte_auvergne_trains_gare_rail.jpg\" align=\"center\" width=\"680\" height=\"753\" srcset=\"https:\/\/usagers-transports.haut-allier.eu\/wp-content\/uploads\/2013\/11\/carte_auvergne_trains_gare_rail.jpg 680w, https:\/\/usagers-transports.haut-allier.eu\/wp-content\/uploads\/2013\/11\/carte_auvergne_trains_gare_rail-271x300.jpg 271w\" sizes=\"auto, (max-width: 680px) 100vw, 680px\" \/>\n&nbsp;\n\n<p class=\"wp-block-paragraph\">L&rsquo;int\u00e9gralit\u00e9 de l&rsquo;intervention peut-\u00eatre consult\u00e9e sur le <sup data-fn=\"68c939c8-9b78-4666-a7af-815fbcb3d80f\" class=\"fn\"><a href=\"#68c939c8-9b78-4666-a7af-815fbcb3d80f\" id=\"68c939c8-9b78-4666-a7af-815fbcb3d80f-link\">1<\/a><\/sup><a href=\"http:\/\/andrechassaigne.org\/Etat-de-l-infrastructure.html\">http:\/\/andrechassaigne.org\/Etat-de-l-infrastructure.html<\/a> du d\u00e9put\u00e9 Front de Gauche.<\/p>\n\n&nbsp;\n<iframe loading=\"lazy\" frameborder=\"0\" width=\"480\" height=\"270\" src=\"http:\/\/www.dailymotion.com\/embed\/video\/x17eymi\"><\/iframe><br \/><a href=\"http:\/\/www.dailymotion.com\/video\/x17eymi_etat-de-l-infrastructure-ferroviaire-dans-le-massif-central-andre-chassaigne_news\" target=\"_blank\">Etat de l&rsquo;infrastructure ferroviaire dans le&#8230;<\/a> <i>par <a href=\"http:\/\/www.dailymotion.com\/andrechassaigne\" target=\"_blank\">andrechassaigne<\/a><\/i>\n&nbsp;\n<strong>Sans une r\u00e9action tr\u00e8s tr\u00e8s forte et tr\u00e8s m\u00e9diatique de nous tous, usagers, habitants et \u00e9lus, la SNCF nous m\u00e8nera encore en bateau pendant des d\u00e9cennies !<\/strong>\n&nbsp;\n<ol class=\"wp-block-footnotes\"><li id=\"68c939c8-9b78-4666-a7af-815fbcb3d80f\">site <a href=\"#68c939c8-9b78-4666-a7af-815fbcb3d80f-link\" aria-label=\"Aller \u00e0 la note de bas de page 1\">\u21a9\ufe0e<\/a><\/li><\/ol>\n","protected":false},"excerpt":{"rendered":"<p>Voici ce que le minist\u00e8re des transports ose r\u00e9pondre s&rsquo;agissant de nos inqui\u00e9tudes sur l&rsquo;\u00e9tat du service ferroviaire<\/p>\n","protected":false},"author":1,"featured_media":1516,"comment_status":"closed","ping_status":"open","sticky":false,"template":"","format":"standard","meta":{"footnotes":"[{\"id\":\"68c939c8-9b78-4666-a7af-815fbcb3d80f\",\"content\":\"site\"}]"},"categories":[2],"tags":[],"class_list":["post-91","post","type-post","status-publish","format-standard","has-post-thumbnail","hentry","category-infos"],"_links":{"self":[{"href":"https:\/\/usagers-transports.haut-allier.eu\/index.php\/wp-json\/wp\/v2\/posts\/91","targetHints":{"allow":["GET"]}}],"collection":[{"href":"https:\/\/usagers-transports.haut-allier.eu\/index.php\/wp-json\/wp\/v2\/posts"}],"about":[{"href":"https:\/\/usagers-transports.haut-allier.eu\/index.php\/wp-json\/wp\/v2\/types\/post"}],"author":[{"embeddable":true,"href":"https:\/\/usagers-transports.haut-allier.eu\/index.php\/wp-json\/wp\/v2\/users\/1"}],"replies":[{"embeddable":true,"href":"https:\/\/usagers-transports.haut-allier.eu\/index.php\/wp-json\/wp\/v2\/comments?post=91"}],"version-history":[{"count":1,"href":"https:\/\/usagers-transports.haut-allier.eu\/index.php\/wp-json\/wp\/v2\/posts\/91\/revisions"}],"predecessor-version":[{"id":1518,"href":"https:\/\/usagers-transports.haut-allier.eu\/index.php\/wp-json\/wp\/v2\/posts\/91\/revisions\/1518"}],"wp:featuredmedia":[{"embeddable":true,"href":"https:\/\/usagers-transports.haut-allier.eu\/index.php\/wp-json\/wp\/v2\/media\/1516"}],"wp:attachment":[{"href":"https:\/\/usagers-transports.haut-allier.eu\/index.php\/wp-json\/wp\/v2\/media?parent=91"}],"wp:term":[{"taxonomy":"category","embeddable":true,"href":"https:\/\/usagers-transports.haut-allier.eu\/index.php\/wp-json\/wp\/v2\/categories?post=91"},{"taxonomy":"post_tag","embeddable":true,"href":"https:\/\/usagers-transports.haut-allier.eu\/index.php\/wp-json\/wp\/v2\/tags?post=91"}],"curies":[{"name":"wp","href":"https:\/\/api.w.org\/{rel}","templated":true}]}}