{"id":910,"date":"2022-07-16T16:23:05","date_gmt":"2022-07-16T14:23:05","guid":{"rendered":"http:\/\/5.45.101.177\/haut-allier\/usagers-transportse\/index.php\/2022\/07\/16\/translozerien-la-ligne-mende-la910\/"},"modified":"2022-07-16T16:23:05","modified_gmt":"2022-07-16T14:23:05","slug":"translozerien-la-ligne-mende-la910","status":"publish","type":"post","link":"https:\/\/usagers-transports.haut-allier.eu\/index.php\/2022\/07\/16\/translozerien-la-ligne-mende-la910\/","title":{"rendered":"Transloz\u00e9rien : la ligne Mende La Bastide St-Laurent va f\u00eater ses 120 ans"},"content":{"rendered":"<p>Du 7 au 12 ao\u00fbt prochains ce tron\u00e7on de ligne, une des plus hautes de France, c\u00e9l\u00e9brera ses 120 ans. Cette transversale qui fait partie de la \u00ab\u00a0Transloz\u00e9rienne\u00a0\u00bb est raccord\u00e9e \u00e0 la ligne des C\u00e9vennes \u00e0 l&rsquo;est. De nombreuses manifestations se tiendront \u00e0 Mende, Bagnols les Bains, Larzalier &#8211; Chasserad\u00e8s, Belvezet et Labastide.<br \/>\n&nbsp;<br \/>\nNombreuses animations : conf\u00e9rences, expositions, stands ferroviaires, projections de films, ateliers enfants, ferro-randos, gastronomie sont propos\u00e9es. D\u00e9tails en bas de page.<br \/>\n&nbsp;<br \/>\nLe vendredi 12 ao\u00fbt un aller retour Mende &#8211; La Bastide &#8211; Mende sera organis\u00e9 par l&rsquo;association AP2800 \u00e0 bord du train bleu avec repas \u00e0 midi.<br \/>\n&nbsp;<br \/>\n<em>La Bastide Saint-Laurent les Bains, sa gare au centre. On y distingue deux rames de TER Occitanie en provenance de Mende :<\/em><br \/>\n<img loading=\"lazy\" decoding=\"async\" class=\" aligncenter size-full wp-image-3937\" src=\"http:\/\/5.45.101.177\/haut-allier\/usagers-transportse\/wp-content\/uploads\/2022\/07\/1500-dji_0069.jpg\" alt=\"1500--dji_0069.jpg\" align=\"center\" width=\"1585\" height=\"1326\" srcset=\"https:\/\/usagers-transports.haut-allier.eu\/wp-content\/uploads\/2022\/07\/1500-dji_0069.jpg 1585w, https:\/\/usagers-transports.haut-allier.eu\/wp-content\/uploads\/2022\/07\/1500-dji_0069-300x251.jpg 300w, https:\/\/usagers-transports.haut-allier.eu\/wp-content\/uploads\/2022\/07\/1500-dji_0069-1024x857.jpg 1024w, https:\/\/usagers-transports.haut-allier.eu\/wp-content\/uploads\/2022\/07\/1500-dji_0069-768x643.jpg 768w, https:\/\/usagers-transports.haut-allier.eu\/wp-content\/uploads\/2022\/07\/1500-dji_0069-1536x1285.jpg 1536w\" sizes=\"auto, (max-width: 1585px) 100vw, 1585px\" \/><br \/>\n&nbsp;<br \/>\nUn stand de l&rsquo;association Vive le Train C\u00e9venol sera install\u00e9 le vendredi 12 ao\u00fbt \u00e0 La Bastide.<br \/>\n&nbsp;<br \/>\nLe programme (cliquer pour meilleure lisibilit\u00e9) :<br \/>\n&nbsp;<br \/>\n<img loading=\"lazy\" decoding=\"async\" class=\" aligncenter size-full wp-image-3938\" src=\"http:\/\/5.45.101.177\/haut-allier\/usagers-transportse\/wp-content\/uploads\/2022\/07\/translozerien-r-120ans.jpg\" alt=\"translozerien-r-120ans.jpg\" align=\"center\" width=\"1326\" height=\"931\" srcset=\"https:\/\/usagers-transports.haut-allier.eu\/wp-content\/uploads\/2022\/07\/translozerien-r-120ans.jpg 1326w, https:\/\/usagers-transports.haut-allier.eu\/wp-content\/uploads\/2022\/07\/translozerien-r-120ans-300x211.jpg 300w, https:\/\/usagers-transports.haut-allier.eu\/wp-content\/uploads\/2022\/07\/translozerien-r-120ans-1024x719.jpg 1024w, https:\/\/usagers-transports.haut-allier.eu\/wp-content\/uploads\/2022\/07\/translozerien-r-120ans-768x539.jpg 768w\" sizes=\"auto, (max-width: 1326px) 100vw, 1326px\" \/><\/p>\n<p><img loading=\"lazy\" decoding=\"async\" class=\" aligncenter size-full wp-image-3939\" src=\"http:\/\/5.45.101.177\/haut-allier\/usagers-transportse\/wp-content\/uploads\/2022\/07\/translozerien-v-120ans.jpg\" alt=\"translozerien-v-120ans.jpg\" align=\"center\" width=\"1330\" height=\"919\" srcset=\"https:\/\/usagers-transports.haut-allier.eu\/wp-content\/uploads\/2022\/07\/translozerien-v-120ans.jpg 1330w, https:\/\/usagers-transports.haut-allier.eu\/wp-content\/uploads\/2022\/07\/translozerien-v-120ans-300x207.jpg 300w, https:\/\/usagers-transports.haut-allier.eu\/wp-content\/uploads\/2022\/07\/translozerien-v-120ans-1024x708.jpg 1024w, https:\/\/usagers-transports.haut-allier.eu\/wp-content\/uploads\/2022\/07\/translozerien-v-120ans-768x531.jpg 768w\" sizes=\"auto, (max-width: 1330px) 100vw, 1330px\" \/><br \/>\n&nbsp;<br \/>\nOn y ajoute :<br \/>\n&nbsp;<br \/>\n<strong>Ferro-rando Langogne Labastide le dimanche 7 ao\u00fbt<\/strong><br \/>\n<em>(Non pr\u00e9vue sur le d\u00e9pliant ci-dessus)<\/em><br \/>\n&nbsp;<br \/>\nRendez-vous en gare de Langogne \u00e0 8h30.<br \/>\n10\u20ac seront \u00e0 pr\u00e9voir pour le parcours en train , aller et retour.<br \/>\nD\u00e9part en train sp\u00e9cial de la gare de Langogne \u00e0 8h58 pour Chasserad\u00e8s.<br \/>\nRandonn\u00e9e de Chasserad\u00e8s vers La Bastide via Mirandol.<br \/>\nParcours \u00e0 pied de 17 km, d\u00e9nivel\u00e9s : +371m  -514m.<br \/>\nMarche effectu\u00e9e en grande partie sur chemins agricoles, sans difficult\u00e9s particuli\u00e8res.<br \/>\nRetour en train sp\u00e9cial au d\u00e9part de la gare de La Bastide \u00e0 17h00 pour une arriv\u00e9e \u00e0 Langogne \u00e0 17h25.<br \/>\nPr\u00e9voir repas tir\u00e9 du sac pour pique nique \u00e0 midi et suffisamment d&rsquo;eau car aucune possibilit\u00e9 de ravitaillement.<br \/>\nInscriptions et renseignements compl\u00e9mentaires : 06 76 33 40 44<br \/>\n&nbsp;<\/p>\n","protected":false},"excerpt":{"rendered":"<p>Du 7 au 12 ao\u00fbt prochains ce tron\u00e7on de ligne, une des plus hautes de France, c\u00e9l\u00e9brera ses<\/p>\n","protected":false},"author":1,"featured_media":3936,"comment_status":"open","ping_status":"open","sticky":false,"template":"","format":"standard","meta":{"footnotes":""},"categories":[2],"tags":[],"class_list":["post-910","post","type-post","status-publish","format-standard","has-post-thumbnail","hentry","category-infos"],"_links":{"self":[{"href":"https:\/\/usagers-transports.haut-allier.eu\/index.php\/wp-json\/wp\/v2\/posts\/910","targetHints":{"allow":["GET"]}}],"collection":[{"href":"https:\/\/usagers-transports.haut-allier.eu\/index.php\/wp-json\/wp\/v2\/posts"}],"about":[{"href":"https:\/\/usagers-transports.haut-allier.eu\/index.php\/wp-json\/wp\/v2\/types\/post"}],"author":[{"embeddable":true,"href":"https:\/\/usagers-transports.haut-allier.eu\/index.php\/wp-json\/wp\/v2\/users\/1"}],"replies":[{"embeddable":true,"href":"https:\/\/usagers-transports.haut-allier.eu\/index.php\/wp-json\/wp\/v2\/comments?post=910"}],"version-history":[{"count":0,"href":"https:\/\/usagers-transports.haut-allier.eu\/index.php\/wp-json\/wp\/v2\/posts\/910\/revisions"}],"wp:featuredmedia":[{"embeddable":true,"href":"https:\/\/usagers-transports.haut-allier.eu\/index.php\/wp-json\/wp\/v2\/media\/3936"}],"wp:attachment":[{"href":"https:\/\/usagers-transports.haut-allier.eu\/index.php\/wp-json\/wp\/v2\/media?parent=910"}],"wp:term":[{"taxonomy":"category","embeddable":true,"href":"https:\/\/usagers-transports.haut-allier.eu\/index.php\/wp-json\/wp\/v2\/categories?post=910"},{"taxonomy":"post_tag","embeddable":true,"href":"https:\/\/usagers-transports.haut-allier.eu\/index.php\/wp-json\/wp\/v2\/tags?post=910"}],"curies":[{"name":"wp","href":"https:\/\/api.w.org\/{rel}","templated":true}]}}