{"id":911,"date":"2022-07-18T08:30:08","date_gmt":"2022-07-18T06:30:08","guid":{"rendered":"http:\/\/5.45.101.177\/haut-allier\/usagers-transportse\/index.php\/2022\/07\/18\/ligne-ussel-brive-bordeaux-des911\/"},"modified":"2022-07-18T08:30:08","modified_gmt":"2022-07-18T06:30:08","slug":"ligne-ussel-brive-bordeaux-des911","status":"publish","type":"post","link":"https:\/\/usagers-transports.haut-allier.eu\/index.php\/2022\/07\/18\/ligne-ussel-brive-bordeaux-des911\/","title":{"rendered":"Ligne Ussel Brive Bordeaux : des retours vers la sous-pr\u00e9fecture de Corr\u00e8ze mais sans aller ! [REPONSE]"},"content":{"rendered":"<p><img loading=\"lazy\" decoding=\"async\" class=\" aligncenter size-full wp-image-3941\" src=\"http:\/\/5.45.101.177\/haut-allier\/usagers-transportse\/wp-content\/uploads\/2022\/07\/screenshot-www.banquedesterritoires.fr-2022.07.18-08_26_11.jpg\" alt=\"screenshot-www.banquedesterritoires.fr-2022.07.18-08_26_11.jpg\" align=\"center\" width=\"616\" height=\"631\" srcset=\"https:\/\/usagers-transports.haut-allier.eu\/wp-content\/uploads\/2022\/07\/screenshot-www.banquedesterritoires.fr-2022.07.18-08_26_11.jpg 616w, https:\/\/usagers-transports.haut-allier.eu\/wp-content\/uploads\/2022\/07\/screenshot-www.banquedesterritoires.fr-2022.07.18-08_26_11-293x300.jpg 293w\" sizes=\"auto, (max-width: 616px) 100vw, 616px\" \/><\/p>\n<p>Pour la petite ville du massif central, d\u00e9j\u00e0 sujette en juillet 2014 \u00e0 la suppression de sa liaison ferroviaire avec Clermont-Ferrand, rien ne va plus pour ce qui reste.<br \/>\n&nbsp;<br \/>\nLa fiche TER 32 (Bordeaux Ussel) jusqu&rsquo;au 28 ao\u00fbt est \u00e9loquente : en semaine rien au-del\u00e0 de Tulle pour Ussel, sauf le samedi, le dimanche et les jours f\u00e9ri\u00e9s o\u00f9 l\u00e0 pas de probl\u00e8me.<br \/>\n&nbsp;<br \/>\nEt pour le retour ? Rien en train 7 jours sur 7 !<\/p>\n<p><img loading=\"lazy\" decoding=\"async\" class=\" aligncenter size-full wp-image-3942\" src=\"http:\/\/5.45.101.177\/haut-allier\/usagers-transportse\/wp-content\/uploads\/2022\/07\/affiche-ter-nouvelle-aquitaine-bordeaux-ussel.jpg\" alt=\"affiche-ter-nouvelle-aquitaine-bordeaux-ussel.jpg\" align=\"center\" width=\"1266\" height=\"1813\" srcset=\"https:\/\/usagers-transports.haut-allier.eu\/wp-content\/uploads\/2022\/07\/affiche-ter-nouvelle-aquitaine-bordeaux-ussel.jpg 1266w, https:\/\/usagers-transports.haut-allier.eu\/wp-content\/uploads\/2022\/07\/affiche-ter-nouvelle-aquitaine-bordeaux-ussel-209x300.jpg 209w, https:\/\/usagers-transports.haut-allier.eu\/wp-content\/uploads\/2022\/07\/affiche-ter-nouvelle-aquitaine-bordeaux-ussel-715x1024.jpg 715w, https:\/\/usagers-transports.haut-allier.eu\/wp-content\/uploads\/2022\/07\/affiche-ter-nouvelle-aquitaine-bordeaux-ussel-768x1100.jpg 768w, https:\/\/usagers-transports.haut-allier.eu\/wp-content\/uploads\/2022\/07\/affiche-ter-nouvelle-aquitaine-bordeaux-ussel-1073x1536.jpg 1073w\" sizes=\"auto, (max-width: 1266px) 100vw, 1266px\" \/><\/p>\n<p><img loading=\"lazy\" decoding=\"async\" class=\" aligncenter size-full wp-image-3943\" src=\"http:\/\/5.45.101.177\/haut-allier\/usagers-transportse\/wp-content\/uploads\/2022\/07\/affiche-ter-nouvelle-aquitaine-ussel-bordeaux.jpg\" alt=\"affiche-ter-nouvelle-aquitaine-ussel-bordeaux.jpg\" align=\"center\" width=\"1281\" height=\"1836\" srcset=\"https:\/\/usagers-transports.haut-allier.eu\/wp-content\/uploads\/2022\/07\/affiche-ter-nouvelle-aquitaine-ussel-bordeaux.jpg 1281w, https:\/\/usagers-transports.haut-allier.eu\/wp-content\/uploads\/2022\/07\/affiche-ter-nouvelle-aquitaine-ussel-bordeaux-209x300.jpg 209w, https:\/\/usagers-transports.haut-allier.eu\/wp-content\/uploads\/2022\/07\/affiche-ter-nouvelle-aquitaine-ussel-bordeaux-714x1024.jpg 714w, https:\/\/usagers-transports.haut-allier.eu\/wp-content\/uploads\/2022\/07\/affiche-ter-nouvelle-aquitaine-ussel-bordeaux-768x1101.jpg 768w, https:\/\/usagers-transports.haut-allier.eu\/wp-content\/uploads\/2022\/07\/affiche-ter-nouvelle-aquitaine-ussel-bordeaux-1072x1536.jpg 1072w\" sizes=\"auto, (max-width: 1281px) 100vw, 1281px\" \/><\/p>\n<p>On a connu des situations similaires voil\u00e0 12 ans \u00e0 Alleyras (Haute-Loire) o\u00f9 un seul train s&rsquo;arr\u00eatait dans un seul sens en semaine.<br \/>\n&nbsp;<br \/>\nLa ville abrite 10 000 \u00e2mes.<br \/>\n&nbsp;<br \/>\nMerci \u00e0 la SNCF et la r\u00e9gion Nouvelle-Aquitaine de r\u00e9agir.<br \/>\n&nbsp;<br \/>\n<img loading=\"lazy\" decoding=\"async\" class=\" aligncenter size-full wp-image-3944\" src=\"http:\/\/5.45.101.177\/haut-allier\/usagers-transportse\/wp-content\/uploads\/2022\/07\/ussel_eglise.jpg\" alt=\"ussel_eglise.jpg\" align=\"center\" width=\"2000\" height=\"1500\" srcset=\"https:\/\/usagers-transports.haut-allier.eu\/wp-content\/uploads\/2022\/07\/ussel_eglise.jpg 2000w, https:\/\/usagers-transports.haut-allier.eu\/wp-content\/uploads\/2022\/07\/ussel_eglise-300x225.jpg 300w, https:\/\/usagers-transports.haut-allier.eu\/wp-content\/uploads\/2022\/07\/ussel_eglise-1024x768.jpg 1024w, https:\/\/usagers-transports.haut-allier.eu\/wp-content\/uploads\/2022\/07\/ussel_eglise-768x576.jpg 768w, https:\/\/usagers-transports.haut-allier.eu\/wp-content\/uploads\/2022\/07\/ussel_eglise-1536x1152.jpg 1536w\" sizes=\"auto, (max-width: 2000px) 100vw, 2000px\" \/><br \/>\n&nbsp;<br \/>\nProbl\u00e9matique relev\u00e9e sur le blog <a href=\"http:\/\/raildusud.canalblog.com\/\"><em>Rail du Sud<\/em><\/a>.<br \/>\n&nbsp;<br \/>\n[fond rouge][blanc]<strong>[MAJ du 20 juillet]<br \/>\n<\/strong>[\/blanc][\/fond rouge]<br \/>\n&nbsp;<br \/>\nNous recevons r\u00e9ponse de la r\u00e9gion Nouvelle &#8211; Aquitaine de la part de Thomas Bernede de la Direction des Transports Ferroviaires de Voyageurs :<br \/>\n&nbsp;<\/p>\n<p>[(<br \/>\n<em><br \/>\nComme \u00e9voqu\u00e9, je me permets de revenir vers vous sur ce point pour la R\u00e9gion Nouvelle-Aquitaine.<\/p>\n<p>La desserte d\u2019Ussel est assur\u00e9e depuis Brive par la ligne 27 Ussel-Tulle-Brive, avec 8 circulations\/jour op\u00e9r\u00e9es (en semaine), compl\u00e9t\u00e9e par de l\u2019offre routi\u00e8re. Cette desserte est notamment renforc\u00e9e le vendredi (+2 circulations) afin de r\u00e9pondre \u00e0 l\u2019enjeu de desserte pour les \u00e9l\u00e8ves internes et \u00e9tudiants de Haute-Corr\u00e8ze.<\/p>\n<p>La desserte depuis Limoges est quant \u00e0 elle assur\u00e9e par la ligne 26 Limoges-Ussel, avec 10 circulations\/jour op\u00e9r\u00e9es (en semaine).<\/p>\n<p>Une offre routi\u00e8re de substitution est mise en place par la R\u00e9gion Auvergne-Rh\u00f4ne-Alpes pour maintenir des liaisons entre Ussel et Clermont-Ferrand, cette offre permet des correspondances vers\/depuis Limoges et Brive.<\/p>\n<p>Je vous joins les affiches horaires concernant ces deux lignes, pour le 2nd semestre 2022.<\/p>\n<p>La R\u00e9gion Nouvelle-Aquitaine est engag\u00e9e aux c\u00f4t\u00e9s de SNCF Voyageurs dans la d\u00e9marche Optim\u2019TER, visant une am\u00e9lioration de la desserte. Cette d\u00e9marche sera appliqu\u00e9e sur le lot 2 (\u00e9toiles de Limoges et Brive, comprenant la desserte d\u2019Ussel) en deux temps \u00e0 partir de 2023 et 2024.<\/p>\n<p>Concernant la ligne 32 Bordeaux-Ussel que vous mentionnez, elle est compl\u00e9mentaire \u00e0 la ligne Ussel-Tulle-Brive sur cette section, avec des liaisons assur\u00e9es vers P\u00e9rigueux et Bordeaux.<\/p>\n<p>L\u2019enjeu de cette desserte est principalement en heures de pointes hebdomadaires, les vendredi et dimanche pour les besoins des scolaires et \u00e9tudiants pr\u00e9c\u00e9demment \u00e9voqu\u00e9s. Des liaisons Bordeaux-Ussel (avec correspondance) sont ainsi propos\u00e9s dans les deux sens ces jours-l\u00e0. Une correction sera apport\u00e9e \u00e0 l\u2019affiche horaire relay\u00e9e, pour que puisse figurer la liaison op\u00e9r\u00e9e entre Bordeaux et Ussel le vendredi.<\/p>\n<p>Je reste disponible pour \u00e9changer sur ce sujet (ou autre), au besoin, en esp\u00e9rant que des \u00e9claircissements puissent \u00eatre apport\u00e9s \u00e0 vos lecteurs.<\/p>\n<p>Bien cordialement.<br \/>\n<\/em><\/p>\n<p>)]<\/p>\n<p>Les nouvelles affiches pour le deuxi\u00e8me semestre 2022.<\/p>\n<p><a href=\"http:\/\/5.45.101.177\/haut-allier\/usagers-transportse\/wp-content\/uploads\/2022\/07\/affiche_horaires_ussel-brive_2nd_semestre_2022.pdf\">affiche_horaires_ussel-brive_2nd_semestre_2022.pdf<\/a><\/p>\n<p><a href=\"http:\/\/5.45.101.177\/haut-allier\/usagers-transportse\/wp-content\/uploads\/2022\/07\/affiche_horaires_limoges-ussel_2nd_semestre_2022.pdf\">affiche_horaires_limoges-ussel_2nd_semestre_2022.pdf<\/a><\/p>\n","protected":false},"excerpt":{"rendered":"<p>Pour la petite ville du massif central, d\u00e9j\u00e0 sujette en juillet 2014 \u00e0 la suppression de sa liaison<\/p>\n","protected":false},"author":1,"featured_media":3940,"comment_status":"open","ping_status":"open","sticky":false,"template":"","format":"standard","meta":{"footnotes":""},"categories":[3],"tags":[],"class_list":["post-911","post","type-post","status-publish","format-standard","has-post-thumbnail","hentry","category-en-train"],"_links":{"self":[{"href":"https:\/\/usagers-transports.haut-allier.eu\/index.php\/wp-json\/wp\/v2\/posts\/911","targetHints":{"allow":["GET"]}}],"collection":[{"href":"https:\/\/usagers-transports.haut-allier.eu\/index.php\/wp-json\/wp\/v2\/posts"}],"about":[{"href":"https:\/\/usagers-transports.haut-allier.eu\/index.php\/wp-json\/wp\/v2\/types\/post"}],"author":[{"embeddable":true,"href":"https:\/\/usagers-transports.haut-allier.eu\/index.php\/wp-json\/wp\/v2\/users\/1"}],"replies":[{"embeddable":true,"href":"https:\/\/usagers-transports.haut-allier.eu\/index.php\/wp-json\/wp\/v2\/comments?post=911"}],"version-history":[{"count":0,"href":"https:\/\/usagers-transports.haut-allier.eu\/index.php\/wp-json\/wp\/v2\/posts\/911\/revisions"}],"wp:featuredmedia":[{"embeddable":true,"href":"https:\/\/usagers-transports.haut-allier.eu\/index.php\/wp-json\/wp\/v2\/media\/3940"}],"wp:attachment":[{"href":"https:\/\/usagers-transports.haut-allier.eu\/index.php\/wp-json\/wp\/v2\/media?parent=911"}],"wp:term":[{"taxonomy":"category","embeddable":true,"href":"https:\/\/usagers-transports.haut-allier.eu\/index.php\/wp-json\/wp\/v2\/categories?post=911"},{"taxonomy":"post_tag","embeddable":true,"href":"https:\/\/usagers-transports.haut-allier.eu\/index.php\/wp-json\/wp\/v2\/tags?post=911"}],"curies":[{"name":"wp","href":"https:\/\/api.w.org\/{rel}","templated":true}]}}