{"id":912,"date":"2022-07-21T14:52:31","date_gmt":"2022-07-21T12:52:31","guid":{"rendered":"http:\/\/5.45.101.177\/haut-allier\/usagers-transportse\/index.php\/2022\/07\/21\/train-de-nuit-paris-brive-aurillac912\/"},"modified":"2022-07-21T14:52:31","modified_gmt":"2022-07-21T12:52:31","slug":"train-de-nuit-paris-brive-aurillac912","status":"publish","type":"post","link":"https:\/\/usagers-transports.haut-allier.eu\/index.php\/2022\/07\/21\/train-de-nuit-paris-brive-aurillac912\/","title":{"rendered":"Train de nuit Paris Brive Aurillac : S\u00e9verac d&rsquo;Aveyron souhaite sa prolongation jusqu&rsquo;\u00e0 Millau"},"content":{"rendered":"<p>Le conseil municipal de <a href=\"https:\/\/www.severacdaveyron.fr\/\"><em>S\u00e9verac d&rsquo;Aveyron<\/em><\/a> (S\u00e9verac le Ch\u00e2teau) vient d&rsquo;adopter dans sa s\u00e9ance du 23 mai 2022, \u00e0 l&rsquo;unanimit\u00e9, le voeu de soutien au train de nuit et au prolongement rapide de la ligne nocturne Paris &#8211; Brive &#8211; Aurillac pr\u00e9vue en fin d&rsquo;ann\u00e9e vers Millau.<\/p>\n<p><strong>Extrait : <\/strong> <\/p>\n<blockquote class=\"poesie\"><p>\nTRAIN DE NUIT<\/p>\n<p>Monsieur le Maire fait part au Conseil Municipal d&rsquo;un courrier re\u00e7u du Collectif Nous Voyageurs ! Massif central pour :<br \/>\n&#8211; le retour du train de nuit tribranche Paris \u2013 Clermont-Ferrand vers Aurillac \/ B\u00e9ziers \/ N\u00eemes, actuellement non encore planifi\u00e9 par le gouvernement,<br \/>\n&#8211; la prolongation du train de nuit Paris \u2013 Brive \u2013 Aurillac pr\u00e9vue fin 2023, vers Neussargues, Saint-Ch\u00e9ly d\u2019Apcher, Marvejols, S\u00e9v\u00e9rac d\u2019Aveyron et Millau en attendant le train tribranche cit\u00e9 plus haut.<\/p>\n<p>Des d\u00e9bats, il ressort :<br \/>\n&#8211; que le retour du train de nuit tribranche B\u00e9ziers \u2013 N\u00eemes \u2013 Aurillac vers Clermont-Ferrand et Paris est urgent pour le d\u00e9senclavement de nos d\u00e9partements,<br \/>\n&#8211; qu\u2019en attendant sa planification le prolongement du train de nuit Paris Brive terminus Aurillac vers Millau, accessible fin 2023, est une bonne solution pour les usagers de l\u2019est Aveyron et de l\u2019ouest de la Loz\u00e8re.<\/p>\n<p>Apr\u00e8s en avoir d\u00e9lib\u00e9r\u00e9, le Conseil Municipal \u00e0 l\u2019unanimit\u00e9, soutient l\u2019initiative du Collectif Nous Voyageurs ! Massif central et demande au ministre des Transports et \u00e0 la SNCF :<br \/>\n&#8211; le retour du train de nuit N\u00eemes \/ B\u00e9ziers \/ Aurillac par Clermont-Ferrand vers Paris dans les plus brefs d\u00e9lais,<br \/>\n&#8211; dans l\u2019attente de ce dernier, le prolongement du train de nuit Paris Brive terminus Aurillac vers Millau.<br \/>\n&#8211; l&rsquo;ouverture de toilettes dans toutes les gares et haltes (Algeco) \u00e0 l&rsquo;arriv\u00e9e des trains de nuit.\n<\/p><\/blockquote>\n<p>&nbsp;<br \/>\nLe CR du conseil municipal complet :<br \/>\n<a href=\"http:\/\/5.45.101.177\/haut-allier\/usagers-transportse\/wp-content\/uploads\/2022\/07\/cr-severac-traindenuit-23-mai-2022.pdf\">cr-severac-traindenuit-23-mai-2022.pdf<\/a><br \/>\n&nbsp;<br \/>\nLa ville et son ch\u00e2teau depuis la gare :<br \/>\n<img loading=\"lazy\" decoding=\"async\" class=\" aligncenter size-full wp-image-3949\" src=\"http:\/\/5.45.101.177\/haut-allier\/usagers-transportse\/wp-content\/uploads\/2022\/07\/1500-vlcsnap-2022-05-28-08h04m01s383.jpg\" alt=\"1500-vlcsnap-2022-05-28-08h04m01s383.jpg\" align=\"center\" width=\"1500\" height=\"790\" srcset=\"https:\/\/usagers-transports.haut-allier.eu\/wp-content\/uploads\/2022\/07\/1500-vlcsnap-2022-05-28-08h04m01s383.jpg 1500w, https:\/\/usagers-transports.haut-allier.eu\/wp-content\/uploads\/2022\/07\/1500-vlcsnap-2022-05-28-08h04m01s383-300x158.jpg 300w, https:\/\/usagers-transports.haut-allier.eu\/wp-content\/uploads\/2022\/07\/1500-vlcsnap-2022-05-28-08h04m01s383-1024x539.jpg 1024w, https:\/\/usagers-transports.haut-allier.eu\/wp-content\/uploads\/2022\/07\/1500-vlcsnap-2022-05-28-08h04m01s383-768x404.jpg 768w\" sizes=\"auto, (max-width: 1500px) 100vw, 1500px\" \/><br \/>\n&nbsp;<br \/>\n<strong>Ensemble demandons au gouvernement de :<\/strong><br \/>\n&nbsp;<br \/>\n<img loading=\"lazy\" decoding=\"async\" class=\" aligncenter size-full wp-image-3950\" src=\"http:\/\/5.45.101.177\/haut-allier\/usagers-transportse\/wp-content\/uploads\/2022\/07\/logo-tdn-massifcentral-22-2.jpg\" alt=\"logo-tdn-massifcentral-22-2.jpg\" align=\"center\" width=\"1318\" height=\"1866\" srcset=\"https:\/\/usagers-transports.haut-allier.eu\/wp-content\/uploads\/2022\/07\/logo-tdn-massifcentral-22-2.jpg 1318w, https:\/\/usagers-transports.haut-allier.eu\/wp-content\/uploads\/2022\/07\/logo-tdn-massifcentral-22-2-212x300.jpg 212w, https:\/\/usagers-transports.haut-allier.eu\/wp-content\/uploads\/2022\/07\/logo-tdn-massifcentral-22-2-723x1024.jpg 723w, https:\/\/usagers-transports.haut-allier.eu\/wp-content\/uploads\/2022\/07\/logo-tdn-massifcentral-22-2-768x1087.jpg 768w, https:\/\/usagers-transports.haut-allier.eu\/wp-content\/uploads\/2022\/07\/logo-tdn-massifcentral-22-2-1085x1536.jpg 1085w\" sizes=\"auto, (max-width: 1318px) 100vw, 1318px\" \/><br \/>\n&nbsp;<\/p>\n","protected":false},"excerpt":{"rendered":"<p>Le conseil municipal de S\u00e9verac d&rsquo;Aveyron (S\u00e9verac le Ch\u00e2teau) vient d&rsquo;adopter dans sa s\u00e9ance du 23 mai 2022,<\/p>\n","protected":false},"author":1,"featured_media":3947,"comment_status":"open","ping_status":"open","sticky":false,"template":"","format":"standard","meta":{"footnotes":""},"categories":[8],"tags":[],"class_list":["post-912","post","type-post","status-publish","format-standard","has-post-thumbnail","hentry","category-communiques"],"_links":{"self":[{"href":"https:\/\/usagers-transports.haut-allier.eu\/index.php\/wp-json\/wp\/v2\/posts\/912","targetHints":{"allow":["GET"]}}],"collection":[{"href":"https:\/\/usagers-transports.haut-allier.eu\/index.php\/wp-json\/wp\/v2\/posts"}],"about":[{"href":"https:\/\/usagers-transports.haut-allier.eu\/index.php\/wp-json\/wp\/v2\/types\/post"}],"author":[{"embeddable":true,"href":"https:\/\/usagers-transports.haut-allier.eu\/index.php\/wp-json\/wp\/v2\/users\/1"}],"replies":[{"embeddable":true,"href":"https:\/\/usagers-transports.haut-allier.eu\/index.php\/wp-json\/wp\/v2\/comments?post=912"}],"version-history":[{"count":0,"href":"https:\/\/usagers-transports.haut-allier.eu\/index.php\/wp-json\/wp\/v2\/posts\/912\/revisions"}],"wp:featuredmedia":[{"embeddable":true,"href":"https:\/\/usagers-transports.haut-allier.eu\/index.php\/wp-json\/wp\/v2\/media\/3947"}],"wp:attachment":[{"href":"https:\/\/usagers-transports.haut-allier.eu\/index.php\/wp-json\/wp\/v2\/media?parent=912"}],"wp:term":[{"taxonomy":"category","embeddable":true,"href":"https:\/\/usagers-transports.haut-allier.eu\/index.php\/wp-json\/wp\/v2\/categories?post=912"},{"taxonomy":"post_tag","embeddable":true,"href":"https:\/\/usagers-transports.haut-allier.eu\/index.php\/wp-json\/wp\/v2\/tags?post=912"}],"curies":[{"name":"wp","href":"https:\/\/api.w.org\/{rel}","templated":true}]}}