{"id":914,"date":"2022-07-29T15:29:24","date_gmt":"2022-07-29T13:29:24","guid":{"rendered":"http:\/\/5.45.101.177\/haut-allier\/usagers-transportse\/index.php\/2022\/07\/29\/ligne-du-train-cevenol-des-fiches914\/"},"modified":"2022-07-29T15:29:24","modified_gmt":"2022-07-29T13:29:24","slug":"ligne-du-train-cevenol-des-fiches914","status":"publish","type":"post","link":"https:\/\/usagers-transports.haut-allier.eu\/index.php\/2022\/07\/29\/ligne-du-train-cevenol-des-fiches914\/","title":{"rendered":"Ligne du train C\u00e9venol : des fiches balades dans les gares"},"content":{"rendered":"<p>Cela se fait depuis quelques temps dans certains gares de la ligne des C\u00e9vennes cot\u00e9 Occitanie avec l&rsquo;accord de la SNCF. Par exemple \u00e0 G\u00e9nolhac o\u00f9 les touristes appr\u00e9cient.<br \/>\n&nbsp;<br \/>\nCot\u00e9 Auvergne Rhone Alpes si l&rsquo;association <a href=\"https:\/\/vivele.traincevenol.eu\"><em>Vive le train C\u00e9venol<\/em><\/a> a contact\u00e9 il y a plus d&rsquo;un mois le service concern\u00e9 il ne lui est pas encore parvenu de r\u00e9ponse. Les vacances certainement.<br \/>\n&nbsp;<br \/>\nSans doute \u00e0 la fin de l&rsquo;\u00e9t\u00e9, de la p\u00e9riode touristique. Ce sera trop tard. Alors un document proposant 4 balades &#8211; randos de difficult\u00e9s diff\u00e9rentes a \u00e9t\u00e9 \u00e9dit\u00e9 pour le site du Pont d&rsquo;Alleyras (Haute Loire) et dans la foul\u00e9e l&rsquo;installation d&rsquo;un porte cartes a eu lieu ce matin dans l&rsquo;abri voyageurs de la gare de la commune.<br \/>\n&nbsp;<br \/>\n<img loading=\"lazy\" decoding=\"async\" class=\" aligncenter size-full wp-image-3951\" src=\"http:\/\/5.45.101.177\/haut-allier\/usagers-transportse\/wp-content\/uploads\/2022\/07\/img_20220729_141705_246.jpg\" alt=\"img_20220729_141705_246.jpg\" align=\"center\" width=\"1692\" height=\"2000\" srcset=\"https:\/\/usagers-transports.haut-allier.eu\/wp-content\/uploads\/2022\/07\/img_20220729_141705_246.jpg 1692w, https:\/\/usagers-transports.haut-allier.eu\/wp-content\/uploads\/2022\/07\/img_20220729_141705_246-254x300.jpg 254w, https:\/\/usagers-transports.haut-allier.eu\/wp-content\/uploads\/2022\/07\/img_20220729_141705_246-866x1024.jpg 866w, https:\/\/usagers-transports.haut-allier.eu\/wp-content\/uploads\/2022\/07\/img_20220729_141705_246-768x908.jpg 768w, https:\/\/usagers-transports.haut-allier.eu\/wp-content\/uploads\/2022\/07\/img_20220729_141705_246-1299x1536.jpg 1299w\" sizes=\"auto, (max-width: 1692px) 100vw, 1692px\" \/><br \/>\n&nbsp;<br \/>\n<img loading=\"lazy\" decoding=\"async\" class=\" aligncenter size-full wp-image-3952\" src=\"http:\/\/5.45.101.177\/haut-allier\/usagers-transportse\/wp-content\/uploads\/2022\/07\/img_20220729_141641_954.jpg\" alt=\"img_20220729_141641_954.jpg\" align=\"center\" width=\"1286\" height=\"2000\" srcset=\"https:\/\/usagers-transports.haut-allier.eu\/wp-content\/uploads\/2022\/07\/img_20220729_141641_954.jpg 1286w, https:\/\/usagers-transports.haut-allier.eu\/wp-content\/uploads\/2022\/07\/img_20220729_141641_954-193x300.jpg 193w, https:\/\/usagers-transports.haut-allier.eu\/wp-content\/uploads\/2022\/07\/img_20220729_141641_954-658x1024.jpg 658w, https:\/\/usagers-transports.haut-allier.eu\/wp-content\/uploads\/2022\/07\/img_20220729_141641_954-768x1194.jpg 768w, https:\/\/usagers-transports.haut-allier.eu\/wp-content\/uploads\/2022\/07\/img_20220729_141641_954-988x1536.jpg 988w\" sizes=\"auto, (max-width: 1286px) 100vw, 1286px\" \/><br \/>\n&nbsp;<br \/>\nAinsi nos visiteurs, nos randonneurs et nos estivants pourront tr\u00e8s facilement s&rsquo;\u00e9chapper du train pour partir \u00e0 la d\u00e9couverte de 4 circuits de part et d&rsquo;autres de la rivi\u00e8re Allier, deux en Velay, deux en G\u00e9vaudan.<br \/>\n&nbsp;<br \/>\nVoici d&rsquo;ailleurs la feuille \u00e0 imprimer sur une feuille A4 simple face.<br \/>\n&nbsp;<br \/>\n<a href=\"http:\/\/5.45.101.177\/haut-allier\/usagers-transportse\/wp-content\/uploads\/2022\/07\/depliant-a4-balades-depuis-gare-alleyras_compressed.pdf\">depliant-a4-balades-depuis-gare-alleyras_compressed.pdf<\/a><br \/>\n&nbsp;<br \/>\nVive le Train C\u00e9venol ! compte bien \u00e9quiper les diff\u00e9rentes gares du haut Allier prochainement.<br \/>\n&nbsp;<br \/>\nBonne promenade !<\/p>\n","protected":false},"excerpt":{"rendered":"<p>Cela se fait depuis quelques temps dans certains gares de la ligne des C\u00e9vennes cot\u00e9 Occitanie avec l&rsquo;accord<\/p>\n","protected":false},"author":1,"featured_media":3954,"comment_status":"open","ping_status":"open","sticky":false,"template":"","format":"standard","meta":{"footnotes":""},"categories":[3],"tags":[],"class_list":["post-914","post","type-post","status-publish","format-standard","has-post-thumbnail","hentry","category-en-train"],"_links":{"self":[{"href":"https:\/\/usagers-transports.haut-allier.eu\/index.php\/wp-json\/wp\/v2\/posts\/914","targetHints":{"allow":["GET"]}}],"collection":[{"href":"https:\/\/usagers-transports.haut-allier.eu\/index.php\/wp-json\/wp\/v2\/posts"}],"about":[{"href":"https:\/\/usagers-transports.haut-allier.eu\/index.php\/wp-json\/wp\/v2\/types\/post"}],"author":[{"embeddable":true,"href":"https:\/\/usagers-transports.haut-allier.eu\/index.php\/wp-json\/wp\/v2\/users\/1"}],"replies":[{"embeddable":true,"href":"https:\/\/usagers-transports.haut-allier.eu\/index.php\/wp-json\/wp\/v2\/comments?post=914"}],"version-history":[{"count":0,"href":"https:\/\/usagers-transports.haut-allier.eu\/index.php\/wp-json\/wp\/v2\/posts\/914\/revisions"}],"wp:featuredmedia":[{"embeddable":true,"href":"https:\/\/usagers-transports.haut-allier.eu\/index.php\/wp-json\/wp\/v2\/media\/3954"}],"wp:attachment":[{"href":"https:\/\/usagers-transports.haut-allier.eu\/index.php\/wp-json\/wp\/v2\/media?parent=914"}],"wp:term":[{"taxonomy":"category","embeddable":true,"href":"https:\/\/usagers-transports.haut-allier.eu\/index.php\/wp-json\/wp\/v2\/categories?post=914"},{"taxonomy":"post_tag","embeddable":true,"href":"https:\/\/usagers-transports.haut-allier.eu\/index.php\/wp-json\/wp\/v2\/tags?post=914"}],"curies":[{"name":"wp","href":"https:\/\/api.w.org\/{rel}","templated":true}]}}