{"id":915,"date":"2022-07-30T08:04:08","date_gmt":"2022-07-30T06:04:08","guid":{"rendered":"http:\/\/5.45.101.177\/haut-allier\/usagers-transportse\/index.php\/2022\/07\/30\/lignes-du-sancy-soutenons-le915\/"},"modified":"2022-07-30T08:04:08","modified_gmt":"2022-07-30T06:04:08","slug":"lignes-du-sancy-soutenons-le915","status":"publish","type":"post","link":"https:\/\/usagers-transports.haut-allier.eu\/index.php\/2022\/07\/30\/lignes-du-sancy-soutenons-le915\/","title":{"rendered":"Lignes du Sancy : soutenons le retour de la ligne Clermont-Ferrand La Bourboule"},"content":{"rendered":"<p>Les amis du Massif du Sancy ont lanc\u00e9 une p\u00e9tition citoyenne pour le retour de leur liaison avec la capitale auvergnate.<br \/>\n&nbsp;<br \/>\n<img loading=\"lazy\" decoding=\"async\" class=\" aligncenter size-full wp-image-3956\" src=\"http:\/\/5.45.101.177\/haut-allier\/usagers-transportse\/wp-content\/uploads\/2022\/07\/screenshot-www.mesopinions.com-2022.07.30-07_48_17.jpg\" alt=\"screenshot-www.mesopinions.com-2022.07.30-07_48_17.jpg\" align=\"center\" width=\"1076\" height=\"613\" srcset=\"https:\/\/usagers-transports.haut-allier.eu\/wp-content\/uploads\/2022\/07\/screenshot-www.mesopinions.com-2022.07.30-07_48_17.jpg 1076w, https:\/\/usagers-transports.haut-allier.eu\/wp-content\/uploads\/2022\/07\/screenshot-www.mesopinions.com-2022.07.30-07_48_17-300x171.jpg 300w, https:\/\/usagers-transports.haut-allier.eu\/wp-content\/uploads\/2022\/07\/screenshot-www.mesopinions.com-2022.07.30-07_48_17-1024x583.jpg 1024w, https:\/\/usagers-transports.haut-allier.eu\/wp-content\/uploads\/2022\/07\/screenshot-www.mesopinions.com-2022.07.30-07_48_17-768x438.jpg 768w\" sizes=\"auto, (max-width: 1076px) 100vw, 1076px\" \/><br \/>\n&nbsp;<br \/>\nNous avions relat\u00e9 d\u00e9but juin <a href=\"https:\/\/usagers-transports.haut-allier.eu\/?etoile-ferroviaire-de-clermont,893\"><em>la remise de l&rsquo;\u00e9tude du cabinet Progexa<\/em><\/a> sur les r\u00e9ouvertures des lignes \u00e0 l&rsquo;ouest de la r\u00e9gion Auvergne Rh\u00f4ne Alpes avec un CR de la r\u00e9union publique en vid\u00e9o que l&rsquo;on peut \u00e9couter si on veut des pr\u00e9cisions.<br \/>\n&nbsp;<br \/>\nLa p\u00e9tition comme on le voit atteint plus de 2000 signatures.<br \/>\n&nbsp;<br \/>\nSon texte d&rsquo;introduction :<br \/>\n&nbsp;<\/p>\n<blockquote class=\"poesie\"><p>\n<em>Nous citoyens du Massif du Sancy et touristes qui appr\u00e9cions cette belle r\u00e9gion, souhaitons le r\u00e9tablissement de la ligne ferroviaire desservant les stations thermales de La Bourboule, du Mont-Dore et des communes environnantes autrefois desservies par cette ligne.<\/p>\n<p>Le r\u00e9chauffement climatique n\u00e9cessite la priorit\u00e9 aux transports collectifs par rail et notamment le maintien des structures ferroviaires existantes, comme c&rsquo;est le cas pour la ligne SNCF Clermont-Ferrand => Le Mont-Dore. Nous demandons le maintien des transports par rail pour les voyageurs mais aussi pour les lignes de Fret afin de r\u00e9duire la quantit\u00e9 de camions sur nos routes&#8230;<\/p>\n<p>Lorsque les grandes cit\u00e9s seront asphyxi\u00e9es par des canicules \u00e0 r\u00e9p\u00e9tition (&#8230;) leurs habitants seront heureux de venir se r\u00e9g\u00e9n\u00e9rer dans nos petites communes provinciales et plus particuli\u00e8rement dans celles situ\u00e9es en altitude&#8230; Leur acc\u00e8s par train, bien pratique, limitant les transports par route et par cons\u00e9quent la pollution inh\u00e9rente \u00e0 ce mode de transport.<\/em>\n<\/p><\/blockquote>\n<p>&nbsp;<br \/>\n<strong>Si vous ne l&rsquo;avez pas d\u00e9j\u00e0 sign\u00e9e n&rsquo;h\u00e9sitez pas \u00e0 le faire <a href=\"https:\/\/www.mesopinions.com\/petition\/social\/maintien-ligne-ferroviaire-clermont-fd-mont\/97369\"><em>c&rsquo;est ici<\/em><\/a>. <\/strong> Ses initiateurs s&rsquo;inqui\u00e8tent un peu de sa stagnation. L&rsquo;id\u00e9al serait d&rsquo;atteindre le double de participants pour la remettre aux destinataires, l&rsquo;\u00e9tat, la SNCF, la r\u00e9gion Auvergne Rh\u00f4ne-Alpes, la communaut\u00e9 de Communes Massif du Sancy.<br \/>\n&nbsp;<br \/>\n<em>L&rsquo;imposante gare du Mont-Dore.<br \/>\n<\/em><br \/>\n&nbsp;<br \/>\n<img loading=\"lazy\" decoding=\"async\" class=\" aligncenter size-full wp-image-3957\" src=\"http:\/\/5.45.101.177\/haut-allier\/usagers-transportse\/wp-content\/uploads\/2022\/07\/1500-img_20220607_170752_803.jpg\" alt=\"1500-img_20220607_170752_803.jpg\" align=\"center\" width=\"1500\" height=\"843\" srcset=\"https:\/\/usagers-transports.haut-allier.eu\/wp-content\/uploads\/2022\/07\/1500-img_20220607_170752_803.jpg 1500w, https:\/\/usagers-transports.haut-allier.eu\/wp-content\/uploads\/2022\/07\/1500-img_20220607_170752_803-300x169.jpg 300w, https:\/\/usagers-transports.haut-allier.eu\/wp-content\/uploads\/2022\/07\/1500-img_20220607_170752_803-1024x575.jpg 1024w, https:\/\/usagers-transports.haut-allier.eu\/wp-content\/uploads\/2022\/07\/1500-img_20220607_170752_803-768x432.jpg 768w\" sizes=\"auto, (max-width: 1500px) 100vw, 1500px\" \/><\/p>\n","protected":false},"excerpt":{"rendered":"<p>Les amis du Massif du Sancy ont lanc\u00e9 une p\u00e9tition citoyenne pour le retour de leur liaison avec<\/p>\n","protected":false},"author":1,"featured_media":3955,"comment_status":"open","ping_status":"open","sticky":false,"template":"","format":"standard","meta":{"footnotes":""},"categories":[5],"tags":[],"class_list":["post-915","post","type-post","status-publish","format-standard","has-post-thumbnail","hentry","category-ensemble"],"_links":{"self":[{"href":"https:\/\/usagers-transports.haut-allier.eu\/index.php\/wp-json\/wp\/v2\/posts\/915","targetHints":{"allow":["GET"]}}],"collection":[{"href":"https:\/\/usagers-transports.haut-allier.eu\/index.php\/wp-json\/wp\/v2\/posts"}],"about":[{"href":"https:\/\/usagers-transports.haut-allier.eu\/index.php\/wp-json\/wp\/v2\/types\/post"}],"author":[{"embeddable":true,"href":"https:\/\/usagers-transports.haut-allier.eu\/index.php\/wp-json\/wp\/v2\/users\/1"}],"replies":[{"embeddable":true,"href":"https:\/\/usagers-transports.haut-allier.eu\/index.php\/wp-json\/wp\/v2\/comments?post=915"}],"version-history":[{"count":0,"href":"https:\/\/usagers-transports.haut-allier.eu\/index.php\/wp-json\/wp\/v2\/posts\/915\/revisions"}],"wp:featuredmedia":[{"embeddable":true,"href":"https:\/\/usagers-transports.haut-allier.eu\/index.php\/wp-json\/wp\/v2\/media\/3955"}],"wp:attachment":[{"href":"https:\/\/usagers-transports.haut-allier.eu\/index.php\/wp-json\/wp\/v2\/media?parent=915"}],"wp:term":[{"taxonomy":"category","embeddable":true,"href":"https:\/\/usagers-transports.haut-allier.eu\/index.php\/wp-json\/wp\/v2\/categories?post=915"},{"taxonomy":"post_tag","embeddable":true,"href":"https:\/\/usagers-transports.haut-allier.eu\/index.php\/wp-json\/wp\/v2\/tags?post=915"}],"curies":[{"name":"wp","href":"https:\/\/api.w.org\/{rel}","templated":true}]}}