{"id":916,"date":"2022-08-04T18:44:45","date_gmt":"2022-08-04T16:44:45","guid":{"rendered":"http:\/\/5.45.101.177\/haut-allier\/usagers-transportse\/index.php\/2022\/08\/04\/ligne-nimes-clermont-fd916\/"},"modified":"2022-08-04T18:44:45","modified_gmt":"2022-08-04T16:44:45","slug":"ligne-nimes-clermont-fd916","status":"publish","type":"post","link":"https:\/\/usagers-transports.haut-allier.eu\/index.php\/2022\/08\/04\/ligne-nimes-clermont-fd916\/","title":{"rendered":"Ligne N\u00eemes Clermont-Fd : circulations perturb\u00e9es le vendredi 5 ao\u00fbt 2022"},"content":{"rendered":"<p>Suite \u00e0 un mouvement social local, les circulations sur la ligne des C\u00e9vennes seront tr\u00e8s perturb\u00e9es le vendredi 5 ao\u00fbt.<br \/>\n&nbsp;<br \/>\nSeuls les trains et cars mentionn\u00e9s ci-dessous circuleront \u00e0 la date annonc\u00e9e.<br \/>\n&nbsp;<br \/>\nV\u00e9rifiez le d\u00e9tail des circulations avant votre voyage dans la rubrique info trafic de votre site liO Train, sur les applications SNCF, par t\u00e9l\u00e9phone au 0800 31 31 31 et sur Twitter @liO_Train_sncf.<br \/>\n&nbsp;<br \/>\n<img loading=\"lazy\" decoding=\"async\" class=\" aligncenter size-full wp-image-3959\" src=\"http:\/\/5.45.101.177\/haut-allier\/usagers-transportse\/wp-content\/uploads\/2022\/08\/fiche-r.jpg\" alt=\"fiche-r.jpg\" align=\"center\" width=\"1316\" height=\"1859\" srcset=\"https:\/\/usagers-transports.haut-allier.eu\/wp-content\/uploads\/2022\/08\/fiche-r.jpg 1316w, https:\/\/usagers-transports.haut-allier.eu\/wp-content\/uploads\/2022\/08\/fiche-r-212x300.jpg 212w, https:\/\/usagers-transports.haut-allier.eu\/wp-content\/uploads\/2022\/08\/fiche-r-725x1024.jpg 725w, https:\/\/usagers-transports.haut-allier.eu\/wp-content\/uploads\/2022\/08\/fiche-r-768x1085.jpg 768w, https:\/\/usagers-transports.haut-allier.eu\/wp-content\/uploads\/2022\/08\/fiche-r-1087x1536.jpg 1087w\" sizes=\"auto, (max-width: 1316px) 100vw, 1316px\" \/><br \/>\n&nbsp;<br \/>\n<img loading=\"lazy\" decoding=\"async\" class=\" aligncenter size-full wp-image-3960\" src=\"http:\/\/5.45.101.177\/haut-allier\/usagers-transportse\/wp-content\/uploads\/2022\/08\/fiche-v.jpg\" alt=\"fiche-v.jpg\" align=\"center\" width=\"1304\" height=\"1863\" srcset=\"https:\/\/usagers-transports.haut-allier.eu\/wp-content\/uploads\/2022\/08\/fiche-v.jpg 1304w, https:\/\/usagers-transports.haut-allier.eu\/wp-content\/uploads\/2022\/08\/fiche-v-210x300.jpg 210w, https:\/\/usagers-transports.haut-allier.eu\/wp-content\/uploads\/2022\/08\/fiche-v-717x1024.jpg 717w, https:\/\/usagers-transports.haut-allier.eu\/wp-content\/uploads\/2022\/08\/fiche-v-768x1097.jpg 768w, https:\/\/usagers-transports.haut-allier.eu\/wp-content\/uploads\/2022\/08\/fiche-v-1075x1536.jpg 1075w\" sizes=\"auto, (max-width: 1304px) 100vw, 1304px\" \/><br \/>\n&nbsp;<br \/>\n<a href=\"https:\/\/www.ter.sncf.com\/occitanie\/se-deplacer\/fiches-horaires\"><em>Le site TER et ses fiches de trafic<\/em><\/a>.<\/p>\n","protected":false},"excerpt":{"rendered":"<p>Suite \u00e0 un mouvement social local, les circulations sur la ligne des C\u00e9vennes seront tr\u00e8s perturb\u00e9es le vendredi<\/p>\n","protected":false},"author":1,"featured_media":3958,"comment_status":"open","ping_status":"open","sticky":false,"template":"","format":"standard","meta":{"footnotes":""},"categories":[2],"tags":[],"class_list":["post-916","post","type-post","status-publish","format-standard","has-post-thumbnail","hentry","category-infos"],"_links":{"self":[{"href":"https:\/\/usagers-transports.haut-allier.eu\/index.php\/wp-json\/wp\/v2\/posts\/916","targetHints":{"allow":["GET"]}}],"collection":[{"href":"https:\/\/usagers-transports.haut-allier.eu\/index.php\/wp-json\/wp\/v2\/posts"}],"about":[{"href":"https:\/\/usagers-transports.haut-allier.eu\/index.php\/wp-json\/wp\/v2\/types\/post"}],"author":[{"embeddable":true,"href":"https:\/\/usagers-transports.haut-allier.eu\/index.php\/wp-json\/wp\/v2\/users\/1"}],"replies":[{"embeddable":true,"href":"https:\/\/usagers-transports.haut-allier.eu\/index.php\/wp-json\/wp\/v2\/comments?post=916"}],"version-history":[{"count":0,"href":"https:\/\/usagers-transports.haut-allier.eu\/index.php\/wp-json\/wp\/v2\/posts\/916\/revisions"}],"wp:featuredmedia":[{"embeddable":true,"href":"https:\/\/usagers-transports.haut-allier.eu\/index.php\/wp-json\/wp\/v2\/media\/3958"}],"wp:attachment":[{"href":"https:\/\/usagers-transports.haut-allier.eu\/index.php\/wp-json\/wp\/v2\/media?parent=916"}],"wp:term":[{"taxonomy":"category","embeddable":true,"href":"https:\/\/usagers-transports.haut-allier.eu\/index.php\/wp-json\/wp\/v2\/categories?post=916"},{"taxonomy":"post_tag","embeddable":true,"href":"https:\/\/usagers-transports.haut-allier.eu\/index.php\/wp-json\/wp\/v2\/tags?post=916"}],"curies":[{"name":"wp","href":"https:\/\/api.w.org\/{rel}","templated":true}]}}