{"id":917,"date":"2022-08-10T19:37:37","date_gmt":"2022-08-10T17:37:37","guid":{"rendered":"http:\/\/5.45.101.177\/haut-allier\/usagers-transportse\/index.php\/2022\/08\/10\/ligne-du-translozerien-les-120-ans917\/"},"modified":"2022-08-10T19:37:37","modified_gmt":"2022-08-10T17:37:37","slug":"ligne-du-translozerien-les-120-ans917","status":"publish","type":"post","link":"https:\/\/usagers-transports.haut-allier.eu\/index.php\/2022\/08\/10\/ligne-du-translozerien-les-120-ans917\/","title":{"rendered":"Ligne du Transloz\u00e9rien : les 120 ans de Mende &#8211; La Bastide St Laurent les Bains"},"content":{"rendered":"<p>Les c\u00e9l\u00e9brations ont d\u00e9but\u00e9 mardi 9 ao\u00fbt avec la circulation exceptionnelle du train bleu du sud de l&rsquo;association AP2800 entre Langogne et Mende. Voici d&rsquo;une part le passage du train \u00e0 la sortie de la galerie pare-neige de Larzalier pr\u00e8s d&rsquo;Allenc&#8230;<br \/>\n&nbsp;<br \/>\n<iframe loading=\"lazy\" width=\"560\" height=\"315\" src=\"https:\/\/www.youtube.com\/embed\/NZcOwrsxa78\" title=\"YouTube video player\" frameborder=\"0\" allow=\"accelerometer; autoplay; clipboard-write; encrypted-media; gyroscope; picture-in-picture\" allowfullscreen><\/iframe><br \/>\n&nbsp;<br \/>\nPuis l&rsquo;arriv\u00e9e du train gare de Mende, r\u00e9nov\u00e9e il y a peu (la gare) :<br \/>\n&nbsp;<br \/>\n<a href=\"http:\/\/5.45.101.177\/haut-allier\/usagers-transportse\/wp-content\/uploads\/2022\/08\/vid_20220809_145930.mp4\">vid_20220809_145930.mp4<\/a><br \/>\n&nbsp;<br \/>\nA Mende donc, espace du machiav\u00e9lique Georges Fr\u00eache&#8230;<br \/>\n&nbsp;<br \/>\n<img loading=\"lazy\" decoding=\"async\" class=\" aligncenter size-full wp-image-3963\" src=\"http:\/\/5.45.101.177\/haut-allier\/usagers-transportse\/wp-content\/uploads\/2022\/08\/1500-img_20220809_145103_253.jpg\" alt=\"1500-img_20220809_145103_253.jpg\" align=\"center\" width=\"1500\" height=\"843\" srcset=\"https:\/\/usagers-transports.haut-allier.eu\/wp-content\/uploads\/2022\/08\/1500-img_20220809_145103_253.jpg 1500w, https:\/\/usagers-transports.haut-allier.eu\/wp-content\/uploads\/2022\/08\/1500-img_20220809_145103_253-300x169.jpg 300w, https:\/\/usagers-transports.haut-allier.eu\/wp-content\/uploads\/2022\/08\/1500-img_20220809_145103_253-1024x575.jpg 1024w, https:\/\/usagers-transports.haut-allier.eu\/wp-content\/uploads\/2022\/08\/1500-img_20220809_145103_253-768x432.jpg 768w\" sizes=\"auto, (max-width: 1500px) 100vw, 1500px\" \/><br \/>\n&nbsp;<br \/>\n&#8230;dont le portrait, un rien goguenard honore l&rsquo;entr\u00e9e&#8230;<br \/>\n&nbsp;<br \/>\n<img loading=\"lazy\" decoding=\"async\" class=\" aligncenter size-full wp-image-3964\" src=\"http:\/\/5.45.101.177\/haut-allier\/usagers-transportse\/wp-content\/uploads\/2022\/08\/1500-img_20220809_151920_300.jpg\" alt=\"1500-img_20220809_151920_300.jpg\" align=\"center\" width=\"1500\" height=\"843\" srcset=\"https:\/\/usagers-transports.haut-allier.eu\/wp-content\/uploads\/2022\/08\/1500-img_20220809_151920_300.jpg 1500w, https:\/\/usagers-transports.haut-allier.eu\/wp-content\/uploads\/2022\/08\/1500-img_20220809_151920_300-300x169.jpg 300w, https:\/\/usagers-transports.haut-allier.eu\/wp-content\/uploads\/2022\/08\/1500-img_20220809_151920_300-1024x575.jpg 1024w, https:\/\/usagers-transports.haut-allier.eu\/wp-content\/uploads\/2022\/08\/1500-img_20220809_151920_300-768x432.jpg 768w\" sizes=\"auto, (max-width: 1500px) 100vw, 1500px\" \/><br \/>\n&nbsp;<br \/>\n&#8230;se tenait l&rsquo;expo \u00ab\u00a0Un train sur un plateau\u00a0\u00bb<br \/>\n&nbsp;<br \/>\n<img loading=\"lazy\" decoding=\"async\" class=\" aligncenter size-full wp-image-3965\" src=\"http:\/\/5.45.101.177\/haut-allier\/usagers-transportse\/wp-content\/uploads\/2022\/08\/1500-img_20220809_150312_158.jpg\" alt=\"1500-img_20220809_150312_158.jpg\" align=\"center\" width=\"843\" height=\"1500\" srcset=\"https:\/\/usagers-transports.haut-allier.eu\/wp-content\/uploads\/2022\/08\/1500-img_20220809_150312_158.jpg 843w, https:\/\/usagers-transports.haut-allier.eu\/wp-content\/uploads\/2022\/08\/1500-img_20220809_150312_158-169x300.jpg 169w, https:\/\/usagers-transports.haut-allier.eu\/wp-content\/uploads\/2022\/08\/1500-img_20220809_150312_158-575x1024.jpg 575w, https:\/\/usagers-transports.haut-allier.eu\/wp-content\/uploads\/2022\/08\/1500-img_20220809_150312_158-768x1367.jpg 768w\" sizes=\"auto, (max-width: 843px) 100vw, 843px\" \/><br \/>\n<img loading=\"lazy\" decoding=\"async\" class=\" aligncenter size-full wp-image-3966\" src=\"http:\/\/5.45.101.177\/haut-allier\/usagers-transportse\/wp-content\/uploads\/2022\/08\/1500-img_20220809_150232_319.jpg\" alt=\"1500-img_20220809_150232_319.jpg\" align=\"center\" width=\"1500\" height=\"843\" srcset=\"https:\/\/usagers-transports.haut-allier.eu\/wp-content\/uploads\/2022\/08\/1500-img_20220809_150232_319.jpg 1500w, https:\/\/usagers-transports.haut-allier.eu\/wp-content\/uploads\/2022\/08\/1500-img_20220809_150232_319-300x169.jpg 300w, https:\/\/usagers-transports.haut-allier.eu\/wp-content\/uploads\/2022\/08\/1500-img_20220809_150232_319-1024x575.jpg 1024w, https:\/\/usagers-transports.haut-allier.eu\/wp-content\/uploads\/2022\/08\/1500-img_20220809_150232_319-768x432.jpg 768w\" sizes=\"auto, (max-width: 1500px) 100vw, 1500px\" \/><br \/>\n&nbsp;<br \/>\n&#8230;o\u00f9 on put admirer plein de bonnes choses ferroviaires comme une collection de casquettes de chef de gares, les stands associatifs, de nombreux bouquins sur le sujet, divers documents, des maquettes fabuleuses, etc&#8230;<br \/>\n&nbsp;<br \/>\n<img loading=\"lazy\" decoding=\"async\" class=\" aligncenter size-full wp-image-3967\" src=\"http:\/\/5.45.101.177\/haut-allier\/usagers-transportse\/wp-content\/uploads\/2022\/08\/1500-img_20220809_145208_942.jpg\" alt=\"1500-img_20220809_145208_942.jpg\" align=\"center\" width=\"1500\" height=\"843\" srcset=\"https:\/\/usagers-transports.haut-allier.eu\/wp-content\/uploads\/2022\/08\/1500-img_20220809_145208_942.jpg 1500w, https:\/\/usagers-transports.haut-allier.eu\/wp-content\/uploads\/2022\/08\/1500-img_20220809_145208_942-300x169.jpg 300w, https:\/\/usagers-transports.haut-allier.eu\/wp-content\/uploads\/2022\/08\/1500-img_20220809_145208_942-1024x575.jpg 1024w, https:\/\/usagers-transports.haut-allier.eu\/wp-content\/uploads\/2022\/08\/1500-img_20220809_145208_942-768x432.jpg 768w\" sizes=\"auto, (max-width: 1500px) 100vw, 1500px\" \/><br \/>\n<img loading=\"lazy\" decoding=\"async\" class=\" aligncenter size-full wp-image-3968\" src=\"http:\/\/5.45.101.177\/haut-allier\/usagers-transportse\/wp-content\/uploads\/2022\/08\/1500-img_20220809_145356_302.jpg\" alt=\"1500-img_20220809_145356_302.jpg\" align=\"center\" width=\"1500\" height=\"843\" srcset=\"https:\/\/usagers-transports.haut-allier.eu\/wp-content\/uploads\/2022\/08\/1500-img_20220809_145356_302.jpg 1500w, https:\/\/usagers-transports.haut-allier.eu\/wp-content\/uploads\/2022\/08\/1500-img_20220809_145356_302-300x169.jpg 300w, https:\/\/usagers-transports.haut-allier.eu\/wp-content\/uploads\/2022\/08\/1500-img_20220809_145356_302-1024x575.jpg 1024w, https:\/\/usagers-transports.haut-allier.eu\/wp-content\/uploads\/2022\/08\/1500-img_20220809_145356_302-768x432.jpg 768w\" sizes=\"auto, (max-width: 1500px) 100vw, 1500px\" \/><br \/>\n<img loading=\"lazy\" decoding=\"async\" class=\" aligncenter size-full wp-image-3969\" src=\"http:\/\/5.45.101.177\/haut-allier\/usagers-transportse\/wp-content\/uploads\/2022\/08\/1500-img_20220809_145846_207.jpg\" alt=\"1500-img_20220809_145846_207.jpg\" align=\"center\" width=\"1500\" height=\"843\" srcset=\"https:\/\/usagers-transports.haut-allier.eu\/wp-content\/uploads\/2022\/08\/1500-img_20220809_145846_207.jpg 1500w, https:\/\/usagers-transports.haut-allier.eu\/wp-content\/uploads\/2022\/08\/1500-img_20220809_145846_207-300x169.jpg 300w, https:\/\/usagers-transports.haut-allier.eu\/wp-content\/uploads\/2022\/08\/1500-img_20220809_145846_207-1024x575.jpg 1024w, https:\/\/usagers-transports.haut-allier.eu\/wp-content\/uploads\/2022\/08\/1500-img_20220809_145846_207-768x432.jpg 768w\" sizes=\"auto, (max-width: 1500px) 100vw, 1500px\" \/><br \/>\n<img loading=\"lazy\" decoding=\"async\" class=\" aligncenter size-full wp-image-3970\" src=\"http:\/\/5.45.101.177\/haut-allier\/usagers-transportse\/wp-content\/uploads\/2022\/08\/1500-img_20220809_150023_626.jpg\" alt=\"1500-img_20220809_150023_626.jpg\" align=\"center\" width=\"1500\" height=\"843\" srcset=\"https:\/\/usagers-transports.haut-allier.eu\/wp-content\/uploads\/2022\/08\/1500-img_20220809_150023_626.jpg 1500w, https:\/\/usagers-transports.haut-allier.eu\/wp-content\/uploads\/2022\/08\/1500-img_20220809_150023_626-300x169.jpg 300w, https:\/\/usagers-transports.haut-allier.eu\/wp-content\/uploads\/2022\/08\/1500-img_20220809_150023_626-1024x575.jpg 1024w, https:\/\/usagers-transports.haut-allier.eu\/wp-content\/uploads\/2022\/08\/1500-img_20220809_150023_626-768x432.jpg 768w\" sizes=\"auto, (max-width: 1500px) 100vw, 1500px\" \/><br \/>\n<img loading=\"lazy\" decoding=\"async\" class=\" aligncenter size-full wp-image-3971\" src=\"http:\/\/5.45.101.177\/haut-allier\/usagers-transportse\/wp-content\/uploads\/2022\/08\/1500-img_20220809_150240_897.jpg\" alt=\"1500-img_20220809_150240_897.jpg\" align=\"center\" width=\"1500\" height=\"843\" srcset=\"https:\/\/usagers-transports.haut-allier.eu\/wp-content\/uploads\/2022\/08\/1500-img_20220809_150240_897.jpg 1500w, https:\/\/usagers-transports.haut-allier.eu\/wp-content\/uploads\/2022\/08\/1500-img_20220809_150240_897-300x169.jpg 300w, https:\/\/usagers-transports.haut-allier.eu\/wp-content\/uploads\/2022\/08\/1500-img_20220809_150240_897-1024x575.jpg 1024w, https:\/\/usagers-transports.haut-allier.eu\/wp-content\/uploads\/2022\/08\/1500-img_20220809_150240_897-768x432.jpg 768w\" sizes=\"auto, (max-width: 1500px) 100vw, 1500px\" \/><br \/>\n<img loading=\"lazy\" decoding=\"async\" class=\" aligncenter size-full wp-image-3972\" src=\"http:\/\/5.45.101.177\/haut-allier\/usagers-transportse\/wp-content\/uploads\/2022\/08\/1500-img_20220809_150243_439.jpg\" alt=\"1500-img_20220809_150243_439.jpg\" align=\"center\" width=\"1500\" height=\"843\" srcset=\"https:\/\/usagers-transports.haut-allier.eu\/wp-content\/uploads\/2022\/08\/1500-img_20220809_150243_439.jpg 1500w, https:\/\/usagers-transports.haut-allier.eu\/wp-content\/uploads\/2022\/08\/1500-img_20220809_150243_439-300x169.jpg 300w, https:\/\/usagers-transports.haut-allier.eu\/wp-content\/uploads\/2022\/08\/1500-img_20220809_150243_439-1024x575.jpg 1024w, https:\/\/usagers-transports.haut-allier.eu\/wp-content\/uploads\/2022\/08\/1500-img_20220809_150243_439-768x432.jpg 768w\" sizes=\"auto, (max-width: 1500px) 100vw, 1500px\" \/><br \/>\n<img loading=\"lazy\" decoding=\"async\" class=\" aligncenter size-full wp-image-3973\" src=\"http:\/\/5.45.101.177\/haut-allier\/usagers-transportse\/wp-content\/uploads\/2022\/08\/1500-img_20220809_150338_108.jpg\" alt=\"1500-img_20220809_150338_108.jpg\" align=\"center\" width=\"843\" height=\"1500\" srcset=\"https:\/\/usagers-transports.haut-allier.eu\/wp-content\/uploads\/2022\/08\/1500-img_20220809_150338_108.jpg 843w, https:\/\/usagers-transports.haut-allier.eu\/wp-content\/uploads\/2022\/08\/1500-img_20220809_150338_108-169x300.jpg 169w, https:\/\/usagers-transports.haut-allier.eu\/wp-content\/uploads\/2022\/08\/1500-img_20220809_150338_108-575x1024.jpg 575w, https:\/\/usagers-transports.haut-allier.eu\/wp-content\/uploads\/2022\/08\/1500-img_20220809_150338_108-768x1367.jpg 768w\" sizes=\"auto, (max-width: 843px) 100vw, 843px\" \/><br \/>\n<img loading=\"lazy\" decoding=\"async\" class=\" aligncenter size-full wp-image-3974\" src=\"http:\/\/5.45.101.177\/haut-allier\/usagers-transportse\/wp-content\/uploads\/2022\/08\/1500-img_20220809_150350_228.jpg\" alt=\"1500-img_20220809_150350_228.jpg\" align=\"center\" width=\"843\" height=\"1500\" srcset=\"https:\/\/usagers-transports.haut-allier.eu\/wp-content\/uploads\/2022\/08\/1500-img_20220809_150350_228.jpg 843w, https:\/\/usagers-transports.haut-allier.eu\/wp-content\/uploads\/2022\/08\/1500-img_20220809_150350_228-169x300.jpg 169w, https:\/\/usagers-transports.haut-allier.eu\/wp-content\/uploads\/2022\/08\/1500-img_20220809_150350_228-575x1024.jpg 575w, https:\/\/usagers-transports.haut-allier.eu\/wp-content\/uploads\/2022\/08\/1500-img_20220809_150350_228-768x1367.jpg 768w\" sizes=\"auto, (max-width: 843px) 100vw, 843px\" \/><br \/>\n<img loading=\"lazy\" decoding=\"async\" class=\" aligncenter size-full wp-image-3975\" src=\"http:\/\/5.45.101.177\/haut-allier\/usagers-transportse\/wp-content\/uploads\/2022\/08\/1500-img_20220809_150636_445.jpg\" alt=\"1500-img_20220809_150636_445.jpg\" align=\"center\" width=\"843\" height=\"1500\" srcset=\"https:\/\/usagers-transports.haut-allier.eu\/wp-content\/uploads\/2022\/08\/1500-img_20220809_150636_445.jpg 843w, https:\/\/usagers-transports.haut-allier.eu\/wp-content\/uploads\/2022\/08\/1500-img_20220809_150636_445-169x300.jpg 169w, https:\/\/usagers-transports.haut-allier.eu\/wp-content\/uploads\/2022\/08\/1500-img_20220809_150636_445-575x1024.jpg 575w, https:\/\/usagers-transports.haut-allier.eu\/wp-content\/uploads\/2022\/08\/1500-img_20220809_150636_445-768x1367.jpg 768w\" sizes=\"auto, (max-width: 843px) 100vw, 843px\" \/><br \/>\n<img loading=\"lazy\" decoding=\"async\" class=\" aligncenter size-full wp-image-3976\" src=\"http:\/\/5.45.101.177\/haut-allier\/usagers-transportse\/wp-content\/uploads\/2022\/08\/1500-img_20220809_152018_862.jpg\" alt=\"1500-img_20220809_152018_862.jpg\" align=\"center\" width=\"1500\" height=\"843\" srcset=\"https:\/\/usagers-transports.haut-allier.eu\/wp-content\/uploads\/2022\/08\/1500-img_20220809_152018_862.jpg 1500w, https:\/\/usagers-transports.haut-allier.eu\/wp-content\/uploads\/2022\/08\/1500-img_20220809_152018_862-300x169.jpg 300w, https:\/\/usagers-transports.haut-allier.eu\/wp-content\/uploads\/2022\/08\/1500-img_20220809_152018_862-1024x575.jpg 1024w, https:\/\/usagers-transports.haut-allier.eu\/wp-content\/uploads\/2022\/08\/1500-img_20220809_152018_862-768x432.jpg 768w\" sizes=\"auto, (max-width: 1500px) 100vw, 1500px\" \/><br \/>\n&nbsp;<br \/>\nLa semaine devait se poursuivre \u00e0 Bagnols les Bains le mercredi et \u00e0 La Bastide Saint-Laurent les Bains vendredi o\u00f9 se reportage se cl\u00f4turera.<\/p>\n","protected":false},"excerpt":{"rendered":"<p>Les c\u00e9l\u00e9brations ont d\u00e9but\u00e9 mardi 9 ao\u00fbt avec la circulation exceptionnelle du train bleu du sud de l&rsquo;association<\/p>\n","protected":false},"author":1,"featured_media":3961,"comment_status":"open","ping_status":"open","sticky":false,"template":"","format":"standard","meta":{"footnotes":""},"categories":[3],"tags":[],"class_list":["post-917","post","type-post","status-publish","format-standard","has-post-thumbnail","hentry","category-en-train"],"_links":{"self":[{"href":"https:\/\/usagers-transports.haut-allier.eu\/index.php\/wp-json\/wp\/v2\/posts\/917","targetHints":{"allow":["GET"]}}],"collection":[{"href":"https:\/\/usagers-transports.haut-allier.eu\/index.php\/wp-json\/wp\/v2\/posts"}],"about":[{"href":"https:\/\/usagers-transports.haut-allier.eu\/index.php\/wp-json\/wp\/v2\/types\/post"}],"author":[{"embeddable":true,"href":"https:\/\/usagers-transports.haut-allier.eu\/index.php\/wp-json\/wp\/v2\/users\/1"}],"replies":[{"embeddable":true,"href":"https:\/\/usagers-transports.haut-allier.eu\/index.php\/wp-json\/wp\/v2\/comments?post=917"}],"version-history":[{"count":0,"href":"https:\/\/usagers-transports.haut-allier.eu\/index.php\/wp-json\/wp\/v2\/posts\/917\/revisions"}],"wp:featuredmedia":[{"embeddable":true,"href":"https:\/\/usagers-transports.haut-allier.eu\/index.php\/wp-json\/wp\/v2\/media\/3961"}],"wp:attachment":[{"href":"https:\/\/usagers-transports.haut-allier.eu\/index.php\/wp-json\/wp\/v2\/media?parent=917"}],"wp:term":[{"taxonomy":"category","embeddable":true,"href":"https:\/\/usagers-transports.haut-allier.eu\/index.php\/wp-json\/wp\/v2\/categories?post=917"},{"taxonomy":"post_tag","embeddable":true,"href":"https:\/\/usagers-transports.haut-allier.eu\/index.php\/wp-json\/wp\/v2\/tags?post=917"}],"curies":[{"name":"wp","href":"https:\/\/api.w.org\/{rel}","templated":true}]}}