{"id":919,"date":"2022-08-27T10:12:31","date_gmt":"2022-08-27T08:12:31","guid":{"rendered":"http:\/\/5.45.101.177\/haut-allier\/usagers-transportse\/index.php\/2022\/08\/27\/rive-droite-du-rhone-des-lundi-29919\/"},"modified":"2022-08-27T10:12:31","modified_gmt":"2022-08-27T08:12:31","slug":"rive-droite-du-rhone-des-lundi-29919","status":"publish","type":"post","link":"https:\/\/usagers-transports.haut-allier.eu\/index.php\/2022\/08\/27\/rive-droite-du-rhone-des-lundi-29919\/","title":{"rendered":"Rive droite du Rh\u00f4ne : d\u00e8s lundi 29 ao\u00fbt retour partiel de l&rsquo;acc\u00e8s aux voyageurs"},"content":{"rendered":"<p>La r\u00e9gion Occitanie a tenu promesse : elle inaugure ce dimanche d&rsquo;une fa\u00e7on festive, le retour, partiel, au sud, et apr\u00e8s pr\u00e8s de 50 ans d&rsquo;interruption, de la possibilit\u00e9 pour les usagers de se d\u00e9placer dans un premier temps jusqu&rsquo;\u00e0 Pont Saint-Esprit, Bagnols sur C\u00e8ze, Remoulins, sur la ligne ferroviaire d\u00e9di\u00e9e jusqu&rsquo;\u00e0 pr\u00e9sent au fret, celle de la rive droite du Rh\u00f4ne qui va de Givors (Rh\u00f4ne) \u00e0 N\u00eemes (Gard), en tout 254 km.<br \/>\n&nbsp;<br \/>\nSur le parcours direct r\u00e9ouvert, qui repr\u00e9sente 82 km, en \u00e9vitant Tarascon sur Rh\u00f4ne, depuis N\u00eemes Centre les TER passeront par :<br \/>\n<em><br \/>\n&#8211; Marguerites<br \/>\n&#8211; Remoulins<br \/>\n&#8211; Aramon<br \/>\n&#8211; <strong>Avignon Centre<\/strong> ce qui permet l&rsquo;interconnexion avec la ligne de la rive gauche<br \/>\n&#8211; Roquemaure<br \/>\n&#8211; Laudun l&rsquo;Ardoise<br \/>\n&#8211; <strong>Bagnols sur C\u00e8ze<\/strong><br \/>\n&#8211; <strong>Pont Saint-Esprit<\/strong><br \/>\n<\/em><br \/>\n&nbsp;<br \/>\n<img loading=\"lazy\" decoding=\"async\" class=\" aligncenter size-full wp-image-3999\" src=\"http:\/\/5.45.101.177\/haut-allier\/usagers-transportse\/wp-content\/uploads\/2022\/08\/rdr_schema.jpg\" alt=\"rdr_schema.jpg\" align=\"center\" width=\"706\" height=\"668\" srcset=\"https:\/\/usagers-transports.haut-allier.eu\/wp-content\/uploads\/2022\/08\/rdr_schema.jpg 706w, https:\/\/usagers-transports.haut-allier.eu\/wp-content\/uploads\/2022\/08\/rdr_schema-300x284.jpg 300w\" sizes=\"auto, (max-width: 706px) 100vw, 706px\" \/><br \/>\n&nbsp;<br \/>\nLa ligne est constitu\u00e9e d&rsquo;une double voie \u00e9lectrifi\u00e9e, une montante, une descendante. Et le hic de cette premi\u00e8re phase est que les trains ne peuvent pas changer de voie \u00e0 Pont Saint-Esprit et sont oblig\u00e9s de \u00ab\u00a0monter\u00a0\u00bb jusqu&rsquo;au Teil (Ard\u00e8che) \u00e0 VIDE pour effectuer la manoeuvre de positionnement pour le retour ce qui repr\u00e9sente en tout plus de 80 km suppl\u00e9mentaires. Sur son site SNCF R\u00e9seau explique : <em>\u00ab\u00a0Des travaux de communication entre les diff\u00e9rentes voies et la mise en place de dispositifs de signalisation d\u00e9di\u00e9s seront aussi n\u00e9cessaires.\u00a0\u00bb<\/em><br \/>\n&nbsp;<br \/>\n&nbsp;<br \/>\n[fond rouge][blanc]<strong>Pourquoi cette manoeuvre de rebroussement \u00e0 VIDE ?<br \/>\n<\/strong>[\/blanc][\/fond rouge]<br \/>\n&nbsp;<br \/>\nParce que Le Teil se trouve en Auvergne Rh\u00f4ne Alpes et que, malgr\u00e9 une lettre de promesse de cette r\u00e9gion autorisant les habitants du Teil \u00e0 monter dans les TER LIO Occitanie, seuls disponibles \u00e0 partir de lundi, la r\u00e9gion g\u00e9r\u00e9e par Wauquiez, en retard sur le ferroviaire comme \u00e0 son habitude, compte rouvrir aussi la partie nord mais pas avant 2025 &#8211; 2026, et les gares qu&rsquo;elle doit r\u00e9habiliter ne sont pas pr\u00eates pour accueillir les voyageurs. Donc les habitants du Teil mais aussi de Viviers et de Bourg Saint-And\u00e9ol devront attendre que leur r\u00e9gion s&rsquo;occupe de leurs gares.<br \/>\n&nbsp;<br \/>\nPourtant si les usagers locaux regroup\u00e9s notamment au sein du Collectif des usagers des transports publics de Sud Ard\u00e8che (adh\u00e9rant \u00e0 la FNAUT comme il est de suite placard\u00e9 sur leur site web) semblent satisfaits d&rsquo;avoir re\u00e7u cette missive du charg\u00e9 des mobilit\u00e9s \u00e0 la r\u00e9gion AuRA, puisqu&rsquo;ils manifestent leur joie ce dimanche 28\/08 de voir des trains de la r\u00e9gion voisine passer dans lesquels ils ne pourront pas monter, il faut leur indiquer que pour cela une gare r\u00e9habilit\u00e9e n&rsquo;est pas forc\u00e9ment n\u00e9cessaire : <strong>un distributeur de billets et un abri voyageurs sont suffisants comme dans la plupart des haltes de cette r\u00e9gion<\/strong>. Co\u00fbt tr\u00e8s bas en vue du service rendu. Pr\u00e9f\u00e8rent-ils attendre 3 \u00e0 4 ans de plus ?<br \/>\n&nbsp;<br \/>\n<strong>En tous cas ce voyage \u00e0 VIDE de 80 kms pour effectuer un changement de voie, certes impos\u00e9 par SNCF, est scandaleux dans un temps o\u00f9 l&rsquo;\u00e9nergie devient ch\u00e8re, et que la demande des usagers pour le train est tr\u00e8s forte.<\/strong><br \/>\n&nbsp;<br \/>\n&nbsp;<br \/>\n[fond rouge][blanc]<strong>Les gares du parcours gardois r\u00e9habilit\u00e9es par la r\u00e9gion<br \/>\n<\/strong>[\/blanc][\/fond rouge]<br \/>\n&nbsp;<br \/>\n<img loading=\"lazy\" decoding=\"async\" class=\" aligncenter size-full wp-image-4000\" src=\"http:\/\/5.45.101.177\/haut-allier\/usagers-transportse\/wp-content\/uploads\/2022\/08\/gare-ptstesprit.jpg\" alt=\"gare-ptstesprit.jpg\" align=\"center\" width=\"775\" height=\"484\" srcset=\"https:\/\/usagers-transports.haut-allier.eu\/wp-content\/uploads\/2022\/08\/gare-ptstesprit.jpg 775w, https:\/\/usagers-transports.haut-allier.eu\/wp-content\/uploads\/2022\/08\/gare-ptstesprit-300x187.jpg 300w, https:\/\/usagers-transports.haut-allier.eu\/wp-content\/uploads\/2022\/08\/gare-ptstesprit-768x480.jpg 768w\" sizes=\"auto, (max-width: 775px) 100vw, 775px\" \/><br \/>\n<em>La gare de Pont Saint-Esprit.<br \/>\n<\/em><br \/>\n&nbsp;<br \/>\nPour le moment seules les gares de Bagnols sur C\u00e8ze et Pont Saint-Esprit sont desservies et ce bien que les P\u00f4les d&rsquo;Echange Multimodaux de ces deux gares ne soient pas termin\u00e9s. En tous cas la desserte de la totalit\u00e9 des gares tant au sud qu&rsquo;au nord est pr\u00e9vue \u00e0 ce jour en 2025 &#8211; 2026.<br \/>\n&nbsp;<br \/>\n&nbsp;<br \/>\n[fond rouge][blanc]<strong>Les horaires<br \/>\n<\/strong>[\/blanc][\/fond rouge]<br \/>\n&nbsp;<br \/>\nCliquer pour t\u00e9l\u00e9charger le PDF.<br \/>\n&nbsp;<br \/>\n<a href=\"http:\/\/5.45.101.177\/haut-allier\/usagers-transportse\/wp-content\/uploads\/2022\/08\/web_fh34_pont_st_esprit_-_avignon_-_nimes.pdf\">web_fh34_pont_st_esprit_-_avignon_-_nimes.pdf<\/a><br \/>\n&nbsp;<br \/>\nLe besoin au quotidien est tr\u00e8s clair effectivement entre Avignon et Pont St-Esprit. Et comme on peut le constater c&rsquo;est cinq allers-retours quotidiens entre les deux villes qui sont mis en place dont deux jusqu&rsquo;\u00e0 N\u00eemes via cette nouvelle voie.<br \/>\n&nbsp;<br \/>\n&nbsp;<br \/>\n[fond rouge][blanc]<strong>Un long combat relay\u00e9 par la r\u00e9gion Occitanie.<br \/>\n<\/strong>[\/blanc][\/fond rouge]<br \/>\n&nbsp;<br \/>\nDepuis plus de 20 ans Laurette Bastaroli, pr\u00e9sidente du collectif pour la r\u00e9ouverture, se bat pour ce moment tant attendu, avec les autres groupes d&rsquo;usagers comme Jean Michel, le fondateur des Usagers SNCF du Gard et des d\u00e9partements limitrophes.<br \/>\n&nbsp;<br \/>\nIci Laurette Bastaroli en 2015 avec le maire de Remoulins<br \/>\n<img loading=\"lazy\" decoding=\"async\" class=\" aligncenter size-full wp-image-4002\" src=\"http:\/\/5.45.101.177\/haut-allier\/usagers-transportse\/wp-content\/uploads\/2022\/08\/lb.jpg\" alt=\"lb.jpg\" align=\"center\" width=\"885\" height=\"500\" srcset=\"https:\/\/usagers-transports.haut-allier.eu\/wp-content\/uploads\/2022\/08\/lb.jpg 885w, https:\/\/usagers-transports.haut-allier.eu\/wp-content\/uploads\/2022\/08\/lb-300x169.jpg 300w, https:\/\/usagers-transports.haut-allier.eu\/wp-content\/uploads\/2022\/08\/lb-768x434.jpg 768w\" sizes=\"auto, (max-width: 885px) 100vw, 885px\" \/><br \/>\n&nbsp;<br \/>\nNous devrions vous relater la journ\u00e9e d&rsquo;inauguration ici-m\u00eame d\u00e8s le 28 au soir. Et sur Twitter en direct.<br \/>\n&nbsp;<\/p>\n","protected":false},"excerpt":{"rendered":"<p>La r\u00e9gion Occitanie a tenu promesse : elle inaugure ce dimanche d&rsquo;une fa\u00e7on festive, le retour, partiel, au<\/p>\n","protected":false},"author":1,"featured_media":3998,"comment_status":"open","ping_status":"open","sticky":false,"template":"","format":"standard","meta":{"footnotes":""},"categories":[2],"tags":[],"class_list":["post-919","post","type-post","status-publish","format-standard","has-post-thumbnail","hentry","category-infos"],"_links":{"self":[{"href":"https:\/\/usagers-transports.haut-allier.eu\/index.php\/wp-json\/wp\/v2\/posts\/919","targetHints":{"allow":["GET"]}}],"collection":[{"href":"https:\/\/usagers-transports.haut-allier.eu\/index.php\/wp-json\/wp\/v2\/posts"}],"about":[{"href":"https:\/\/usagers-transports.haut-allier.eu\/index.php\/wp-json\/wp\/v2\/types\/post"}],"author":[{"embeddable":true,"href":"https:\/\/usagers-transports.haut-allier.eu\/index.php\/wp-json\/wp\/v2\/users\/1"}],"replies":[{"embeddable":true,"href":"https:\/\/usagers-transports.haut-allier.eu\/index.php\/wp-json\/wp\/v2\/comments?post=919"}],"version-history":[{"count":0,"href":"https:\/\/usagers-transports.haut-allier.eu\/index.php\/wp-json\/wp\/v2\/posts\/919\/revisions"}],"wp:featuredmedia":[{"embeddable":true,"href":"https:\/\/usagers-transports.haut-allier.eu\/index.php\/wp-json\/wp\/v2\/media\/3998"}],"wp:attachment":[{"href":"https:\/\/usagers-transports.haut-allier.eu\/index.php\/wp-json\/wp\/v2\/media?parent=919"}],"wp:term":[{"taxonomy":"category","embeddable":true,"href":"https:\/\/usagers-transports.haut-allier.eu\/index.php\/wp-json\/wp\/v2\/categories?post=919"},{"taxonomy":"post_tag","embeddable":true,"href":"https:\/\/usagers-transports.haut-allier.eu\/index.php\/wp-json\/wp\/v2\/tags?post=919"}],"curies":[{"name":"wp","href":"https:\/\/api.w.org\/{rel}","templated":true}]}}