{"id":92,"date":"2013-11-25T18:34:18","date_gmt":"2013-11-25T17:34:18","guid":{"rendered":"http:\/\/5.45.101.177\/haut-allier\/usagers-transportse\/index.php\/2013\/11\/25\/annulation-de-circulation-du-train092\/"},"modified":"2013-11-25T18:34:18","modified_gmt":"2013-11-25T17:34:18","slug":"annulation-de-circulation-du-train092","status":"publish","type":"post","link":"https:\/\/usagers-transports.haut-allier.eu\/index.php\/2013\/11\/25\/annulation-de-circulation-du-train092\/","title":{"rendered":"Annulation de circulation du train C\u00e9venol N\u00eemes Clermont : la col\u00e8re des usagers"},"content":{"rendered":"<p>[MAJ du 26 novembre 2013]<br \/>\n<strong>La non circulation du C\u00e9venol le 9 novembre \u00e9tait pr\u00e9vue effectivement dans le calendrier de travaux. Nous avons confondu avec celle, bien r\u00e9elle, du lundi 18 novembre une semaine plus tard. D\u00e9sol\u00e9s.<\/strong><br \/>\n&nbsp;<br \/>\nC&rsquo;est la goutte d&rsquo;eau qui fait d\u00e9border le vase pour Christophe Martin, usager n\u00eemois r\u00e9gulier du train de la ligne des C\u00e9vennes, qui vient d&rsquo;adresser au directeur SNCF de la r\u00e9gion Auvergne une lettre pour exprimer son m\u00e9contentement suite \u00e0 l&rsquo;annulation de la circulation du train C\u00e9venol N\u00eemes Clermont-Ferrand le 9 novembre, \u00e0 cause chuchote t-on d&rsquo;une fuite d&rsquo;eau dans la cabine du conducteur, mais aussi apr\u00e8s les nombreux retards syst\u00e9matiques depuis sa remise en fonctionnement, voir notre <a href=\"http:\/\/usagers-transports.haut-allier.eu\/spip.php?article89\">article<\/a>. Preuve s&rsquo;il en fallait une qu&rsquo;aucune maintenance n&rsquo;a \u00e9t\u00e9 faite sur les locomotives de ce train durant ses deux mois d&rsquo;inactivit\u00e9. Et preuve de la d\u00e9liquescence de l&rsquo;incapable SNCF.<br \/>\n&nbsp;<br \/>\nVoici sa lettre :<br \/>\n&nbsp;<br \/>\n<img loading=\"lazy\" decoding=\"async\" class=\" aligncenter size-full wp-image-1520\" src=\"http:\/\/5.45.101.177\/haut-allier\/usagers-transportse\/wp-content\/uploads\/2013\/11\/numerisation0002.jpg\" alt=\"numerisation0002.jpg\" align=\"center\" width=\"800\" height=\"1175\" srcset=\"https:\/\/usagers-transports.haut-allier.eu\/wp-content\/uploads\/2013\/11\/numerisation0002.jpg 800w, https:\/\/usagers-transports.haut-allier.eu\/wp-content\/uploads\/2013\/11\/numerisation0002-204x300.jpg 204w, https:\/\/usagers-transports.haut-allier.eu\/wp-content\/uploads\/2013\/11\/numerisation0002-697x1024.jpg 697w, https:\/\/usagers-transports.haut-allier.eu\/wp-content\/uploads\/2013\/11\/numerisation0002-768x1128.jpg 768w\" sizes=\"auto, (max-width: 800px) 100vw, 800px\" \/><br \/>\n&nbsp;<br \/>\n<strong>Nous ne pouvons qu&rsquo;encourager les usagers m\u00e9contents \u00e0 faire de m\u00eame, avec une copie au <a href=\"mailto:usagers-transports@haut-allier.eu\">collectif<\/a>. Nous ferons syst\u00e9matiquement suivre au ministre des transports Fr\u00e9d\u00e9ric Cuvillier, au pr\u00e9sident de la SNCF et aux m\u00e9dias.<\/strong><\/p>\n","protected":false},"excerpt":{"rendered":"<p>[MAJ du 26 novembre 2013] La non circulation du C\u00e9venol le 9 novembre \u00e9tait pr\u00e9vue effectivement dans le<\/p>\n","protected":false},"author":1,"featured_media":1519,"comment_status":"closed","ping_status":"open","sticky":false,"template":"","format":"standard","meta":{"footnotes":""},"categories":[3],"tags":[],"class_list":["post-92","post","type-post","status-publish","format-standard","has-post-thumbnail","hentry","category-en-train"],"_links":{"self":[{"href":"https:\/\/usagers-transports.haut-allier.eu\/index.php\/wp-json\/wp\/v2\/posts\/92","targetHints":{"allow":["GET"]}}],"collection":[{"href":"https:\/\/usagers-transports.haut-allier.eu\/index.php\/wp-json\/wp\/v2\/posts"}],"about":[{"href":"https:\/\/usagers-transports.haut-allier.eu\/index.php\/wp-json\/wp\/v2\/types\/post"}],"author":[{"embeddable":true,"href":"https:\/\/usagers-transports.haut-allier.eu\/index.php\/wp-json\/wp\/v2\/users\/1"}],"replies":[{"embeddable":true,"href":"https:\/\/usagers-transports.haut-allier.eu\/index.php\/wp-json\/wp\/v2\/comments?post=92"}],"version-history":[{"count":0,"href":"https:\/\/usagers-transports.haut-allier.eu\/index.php\/wp-json\/wp\/v2\/posts\/92\/revisions"}],"wp:featuredmedia":[{"embeddable":true,"href":"https:\/\/usagers-transports.haut-allier.eu\/index.php\/wp-json\/wp\/v2\/media\/1519"}],"wp:attachment":[{"href":"https:\/\/usagers-transports.haut-allier.eu\/index.php\/wp-json\/wp\/v2\/media?parent=92"}],"wp:term":[{"taxonomy":"category","embeddable":true,"href":"https:\/\/usagers-transports.haut-allier.eu\/index.php\/wp-json\/wp\/v2\/categories?post=92"},{"taxonomy":"post_tag","embeddable":true,"href":"https:\/\/usagers-transports.haut-allier.eu\/index.php\/wp-json\/wp\/v2\/tags?post=92"}],"curies":[{"name":"wp","href":"https:\/\/api.w.org\/{rel}","templated":true}]}}