{"id":920,"date":"2022-08-29T09:46:19","date_gmt":"2022-08-29T07:46:19","guid":{"rendered":"http:\/\/5.45.101.177\/haut-allier\/usagers-transportse\/index.php\/2022\/08\/29\/ligne-du-train-cevenol-vers-paris920\/"},"modified":"2022-08-29T09:46:19","modified_gmt":"2022-08-29T07:46:19","slug":"ligne-du-train-cevenol-vers-paris920","status":"publish","type":"post","link":"https:\/\/usagers-transports.haut-allier.eu\/index.php\/2022\/08\/29\/ligne-du-train-cevenol-vers-paris920\/","title":{"rendered":"Ligne du train C\u00e9venol vers Paris : un bus le vendredi suite \u00e0 la perte de correspondance \u00e0 Clermont"},"content":{"rendered":"<p>Nous vous <a href=\"http:\/\/usagers-transports.haut-allier.eu\/?ligne-des-cevennes-le-train-877952,904\"><em>informions<\/em><\/a> de la perte de correspondance \u00e0 partir du 29 ao\u00fbt et jusqu&rsquo;\u00e0 la fin de l&rsquo;ann\u00e9e pour raisons de travaux dans la r\u00e9gion parisienne du train TER partant de N\u00eemes Centre \u00e0 14h18 avec le dernier Intercit\u00e9s de la journ\u00e9e vers Paris Bercy, qui a \u00e9t\u00e9 avanc\u00e9.<br \/>\n&nbsp;<br \/>\nLa r\u00e9gion Occitanie n&rsquo;a pas voulu avancer le d\u00e9part de son train mais a install\u00e9 le <strong>vendredi seulement<\/strong> un bus suppl\u00e9mentaire qui part de 14h23 de La Bastide et qui arrive \u00e0 Saint-Georges d&rsquo;Aurac \u00e0 16h11 permettant de prendre un TER vers Clermont \u00e0 16h54 qui arrive \u00e0 temps dans la capitale auvergnate pour prendre l&rsquo;IC qui part d\u00e9sormais \u00e0 19h04.<br \/>\n&nbsp;<br \/>\nAinsi le cheminement est celui-ci depuis N\u00eemes :<br \/>\nTER 877706<br \/>\nBUS LIO 423268<br \/>\nTER 873708<br \/>\npuis IC<br \/>\n&nbsp;<br \/>\nLes gares des gorges de l&rsquo;Allier NE SONT PAS DESSERVIES (Chapeauroux, Alleyras, Monistrol d&rsquo;Allier).<br \/>\n&nbsp;<br \/>\nVoici la fiche horaires modifi\u00e9e :<br \/>\n&nbsp;<br \/>\n<a href=\"http:\/\/5.45.101.177\/haut-allier\/usagers-transportse\/wp-content\/uploads\/2022\/08\/08_web_du_18-06-22_au_10-12-22-version_du_16-08-22.pdf\">08_web_du_18-06-22_au_10-12-22-version_du_16-08-22.pdf<\/a><br \/>\n&nbsp;<\/p>\n","protected":false},"excerpt":{"rendered":"<p>Nous vous informions de la perte de correspondance \u00e0 partir du 29 ao\u00fbt et jusqu&rsquo;\u00e0 la fin de<\/p>\n","protected":false},"author":1,"featured_media":4003,"comment_status":"open","ping_status":"open","sticky":false,"template":"","format":"standard","meta":{"footnotes":""},"categories":[2],"tags":[],"class_list":["post-920","post","type-post","status-publish","format-standard","has-post-thumbnail","hentry","category-infos"],"_links":{"self":[{"href":"https:\/\/usagers-transports.haut-allier.eu\/index.php\/wp-json\/wp\/v2\/posts\/920","targetHints":{"allow":["GET"]}}],"collection":[{"href":"https:\/\/usagers-transports.haut-allier.eu\/index.php\/wp-json\/wp\/v2\/posts"}],"about":[{"href":"https:\/\/usagers-transports.haut-allier.eu\/index.php\/wp-json\/wp\/v2\/types\/post"}],"author":[{"embeddable":true,"href":"https:\/\/usagers-transports.haut-allier.eu\/index.php\/wp-json\/wp\/v2\/users\/1"}],"replies":[{"embeddable":true,"href":"https:\/\/usagers-transports.haut-allier.eu\/index.php\/wp-json\/wp\/v2\/comments?post=920"}],"version-history":[{"count":0,"href":"https:\/\/usagers-transports.haut-allier.eu\/index.php\/wp-json\/wp\/v2\/posts\/920\/revisions"}],"wp:featuredmedia":[{"embeddable":true,"href":"https:\/\/usagers-transports.haut-allier.eu\/index.php\/wp-json\/wp\/v2\/media\/4003"}],"wp:attachment":[{"href":"https:\/\/usagers-transports.haut-allier.eu\/index.php\/wp-json\/wp\/v2\/media?parent=920"}],"wp:term":[{"taxonomy":"category","embeddable":true,"href":"https:\/\/usagers-transports.haut-allier.eu\/index.php\/wp-json\/wp\/v2\/categories?post=920"},{"taxonomy":"post_tag","embeddable":true,"href":"https:\/\/usagers-transports.haut-allier.eu\/index.php\/wp-json\/wp\/v2\/tags?post=920"}],"curies":[{"name":"wp","href":"https:\/\/api.w.org\/{rel}","templated":true}]}}