{"id":921,"date":"2022-08-29T11:18:46","date_gmt":"2022-08-29T09:18:46","guid":{"rendered":"http:\/\/5.45.101.177\/haut-allier\/usagers-transportse\/index.php\/2022\/08\/29\/rive-droite-du-rhone-mobilisation921\/"},"modified":"2026-09-01T16:00:18","modified_gmt":"2026-09-01T14:00:18","slug":"rive-droite-du-rhone-mobilisation921","status":"publish","type":"post","link":"https:\/\/usagers-transports.haut-allier.eu\/index.php\/2022\/08\/29\/rive-droite-du-rhone-mobilisation921\/","title":{"rendered":"Rive droite du Rh\u00f4ne : mobilisation record des acteurs et des habitants pour l&rsquo;inauguration"},"content":{"rendered":"Une journ\u00e9e d&rsquo;unit\u00e9 et de r\u00e9jouissance pour ceux et celles qui se sont battus des ann\u00e9es durant pour cette r\u00e9ouverture au trafic voyageurs du bas de la ligne dite &lsquo;rive droite du Rh\u00f4ne\u00a0\u00bb entre Pont Saint-Esprit et N\u00eemes. Voici un d\u00e9roul\u00e9 de la journ\u00e9e en images.\n&nbsp;\nM\u00eame si le P\u00f4le d&rsquo;\u00e9change Multimodal n&rsquo;\u00e9tait pas fini ici \u00e0 Bagnols sur C\u00e8ze, comme \u00e0 Pont Saint-Esprit\n<img loading=\"lazy\" decoding=\"async\" class=\" aligncenter size-full wp-image-4006\" src=\"http:\/\/5.45.101.177\/haut-allier\/usagers-transportse\/wp-content\/uploads\/2022\/08\/2000-img_20220828_111356_634.jpg\" alt=\"2000-img_20220828_111356_634.jpg\" align=\"center\" width=\"2000\" height=\"1125\" srcset=\"https:\/\/usagers-transports.haut-allier.eu\/wp-content\/uploads\/2022\/08\/2000-img_20220828_111356_634.jpg 2000w, https:\/\/usagers-transports.haut-allier.eu\/wp-content\/uploads\/2022\/08\/2000-img_20220828_111356_634-300x169.jpg 300w, https:\/\/usagers-transports.haut-allier.eu\/wp-content\/uploads\/2022\/08\/2000-img_20220828_111356_634-1024x576.jpg 1024w, https:\/\/usagers-transports.haut-allier.eu\/wp-content\/uploads\/2022\/08\/2000-img_20220828_111356_634-768x432.jpg 768w, https:\/\/usagers-transports.haut-allier.eu\/wp-content\/uploads\/2022\/08\/2000-img_20220828_111356_634-1536x864.jpg 1536w\" sizes=\"auto, (max-width: 2000px) 100vw, 2000px\" \/>\n45 minutes avant l&rsquo;arriv\u00e9e du premier train voyageur depuis 50 ans, tout le monde se pr\u00e9parait f\u00e9brilement \u00e0 le recevoir, avec ses h\u00f4tes\n<img loading=\"lazy\" decoding=\"async\" class=\" aligncenter size-full wp-image-4007\" src=\"http:\/\/5.45.101.177\/haut-allier\/usagers-transportse\/wp-content\/uploads\/2022\/08\/2000-img_20220828_111208_203.jpg\" alt=\"2000-img_20220828_111208_203.jpg\" align=\"center\" width=\"2000\" height=\"1125\" srcset=\"https:\/\/usagers-transports.haut-allier.eu\/wp-content\/uploads\/2022\/08\/2000-img_20220828_111208_203.jpg 2000w, https:\/\/usagers-transports.haut-allier.eu\/wp-content\/uploads\/2022\/08\/2000-img_20220828_111208_203-300x169.jpg 300w, https:\/\/usagers-transports.haut-allier.eu\/wp-content\/uploads\/2022\/08\/2000-img_20220828_111208_203-1024x576.jpg 1024w, https:\/\/usagers-transports.haut-allier.eu\/wp-content\/uploads\/2022\/08\/2000-img_20220828_111208_203-768x432.jpg 768w, https:\/\/usagers-transports.haut-allier.eu\/wp-content\/uploads\/2022\/08\/2000-img_20220828_111208_203-1536x864.jpg 1536w\" sizes=\"auto, (max-width: 2000px) 100vw, 2000px\" \/>\nFabrice Jacques Responsable satisfaction clients SNCF renseigne sur les horaires mis en place \n<img loading=\"lazy\" decoding=\"async\" class=\" aligncenter size-full wp-image-4008\" src=\"http:\/\/5.45.101.177\/haut-allier\/usagers-transportse\/wp-content\/uploads\/2022\/08\/2000-img_20220828_110239_297.jpg\" alt=\"2000-img_20220828_110239_297.jpg\" align=\"center\" width=\"2000\" height=\"1125\" srcset=\"https:\/\/usagers-transports.haut-allier.eu\/wp-content\/uploads\/2022\/08\/2000-img_20220828_110239_297.jpg 2000w, https:\/\/usagers-transports.haut-allier.eu\/wp-content\/uploads\/2022\/08\/2000-img_20220828_110239_297-300x169.jpg 300w, https:\/\/usagers-transports.haut-allier.eu\/wp-content\/uploads\/2022\/08\/2000-img_20220828_110239_297-1024x576.jpg 1024w, https:\/\/usagers-transports.haut-allier.eu\/wp-content\/uploads\/2022\/08\/2000-img_20220828_110239_297-768x432.jpg 768w, https:\/\/usagers-transports.haut-allier.eu\/wp-content\/uploads\/2022\/08\/2000-img_20220828_110239_297-1536x864.jpg 1536w\" sizes=\"auto, (max-width: 2000px) 100vw, 2000px\" \/>\nM\u00eame le guichet de la gare, physique, est ouvert !\n<img loading=\"lazy\" decoding=\"async\" class=\" aligncenter size-full wp-image-4009\" src=\"http:\/\/5.45.101.177\/haut-allier\/usagers-transportse\/wp-content\/uploads\/2022\/08\/2000-img_20220828_110213_443.jpg\" alt=\"2000-img_20220828_110213_443.jpg\" align=\"center\" width=\"2000\" height=\"1125\" srcset=\"https:\/\/usagers-transports.haut-allier.eu\/wp-content\/uploads\/2022\/08\/2000-img_20220828_110213_443.jpg 2000w, https:\/\/usagers-transports.haut-allier.eu\/wp-content\/uploads\/2022\/08\/2000-img_20220828_110213_443-300x169.jpg 300w, https:\/\/usagers-transports.haut-allier.eu\/wp-content\/uploads\/2022\/08\/2000-img_20220828_110213_443-1024x576.jpg 1024w, https:\/\/usagers-transports.haut-allier.eu\/wp-content\/uploads\/2022\/08\/2000-img_20220828_110213_443-768x432.jpg 768w, https:\/\/usagers-transports.haut-allier.eu\/wp-content\/uploads\/2022\/08\/2000-img_20220828_110213_443-1536x864.jpg 1536w\" sizes=\"auto, (max-width: 2000px) 100vw, 2000px\" \/>\nSur le parvis on se pr\u00e9pare, y compris le DJ\n<img loading=\"lazy\" decoding=\"async\" class=\" aligncenter size-full wp-image-4010\" src=\"http:\/\/5.45.101.177\/haut-allier\/usagers-transportse\/wp-content\/uploads\/2022\/08\/2000-img_20220828_110110_169.jpg\" alt=\"2000-img_20220828_110110_169.jpg\" align=\"center\" width=\"2000\" height=\"1125\" srcset=\"https:\/\/usagers-transports.haut-allier.eu\/wp-content\/uploads\/2022\/08\/2000-img_20220828_110110_169.jpg 2000w, https:\/\/usagers-transports.haut-allier.eu\/wp-content\/uploads\/2022\/08\/2000-img_20220828_110110_169-300x169.jpg 300w, https:\/\/usagers-transports.haut-allier.eu\/wp-content\/uploads\/2022\/08\/2000-img_20220828_110110_169-1024x576.jpg 1024w, https:\/\/usagers-transports.haut-allier.eu\/wp-content\/uploads\/2022\/08\/2000-img_20220828_110110_169-768x432.jpg 768w, https:\/\/usagers-transports.haut-allier.eu\/wp-content\/uploads\/2022\/08\/2000-img_20220828_110110_169-1536x864.jpg 1536w\" sizes=\"auto, (max-width: 2000px) 100vw, 2000px\" \/>\nLes diff\u00e9rents stands sont bien l\u00e0 y compris celui d&rsquo;Elien Cellier auteur du livre \u00ab\u00a0La Rive droite ferroviaire du Rh\u00f4ne\u00a0\u00bb\n<img loading=\"lazy\" decoding=\"async\" class=\" aligncenter size-full wp-image-4011\" src=\"http:\/\/5.45.101.177\/haut-allier\/usagers-transportse\/wp-content\/uploads\/2022\/08\/2000-img_20220828_111718_282.jpg\" alt=\"2000-img_20220828_111718_282.jpg\" align=\"center\" width=\"2000\" height=\"1125\" srcset=\"https:\/\/usagers-transports.haut-allier.eu\/wp-content\/uploads\/2022\/08\/2000-img_20220828_111718_282.jpg 2000w, https:\/\/usagers-transports.haut-allier.eu\/wp-content\/uploads\/2022\/08\/2000-img_20220828_111718_282-300x169.jpg 300w, https:\/\/usagers-transports.haut-allier.eu\/wp-content\/uploads\/2022\/08\/2000-img_20220828_111718_282-1024x576.jpg 1024w, https:\/\/usagers-transports.haut-allier.eu\/wp-content\/uploads\/2022\/08\/2000-img_20220828_111718_282-768x432.jpg 768w, https:\/\/usagers-transports.haut-allier.eu\/wp-content\/uploads\/2022\/08\/2000-img_20220828_111718_282-1536x864.jpg 1536w\" sizes=\"auto, (max-width: 2000px) 100vw, 2000px\" \/>\nJulien Sanchez, maire RN de Beaucaire et son \u00e9quipe, farouches opposants \u00e0 Carole Delga, sont l\u00e0, on ne comprend pas trop pourquoi, sans doute pour se montrer \u00e0 la pr\u00e9sidente de r\u00e9gion et \u00e0 la presse, nombreuse.\n<img loading=\"lazy\" decoding=\"async\" class=\" aligncenter size-full wp-image-4012\" src=\"http:\/\/5.45.101.177\/haut-allier\/usagers-transportse\/wp-content\/uploads\/2022\/08\/2000-img_20220828_111627_196.jpg\" alt=\"2000-img_20220828_111627_196.jpg\" align=\"center\" width=\"2000\" height=\"1125\" srcset=\"https:\/\/usagers-transports.haut-allier.eu\/wp-content\/uploads\/2022\/08\/2000-img_20220828_111627_196.jpg 2000w, https:\/\/usagers-transports.haut-allier.eu\/wp-content\/uploads\/2022\/08\/2000-img_20220828_111627_196-300x169.jpg 300w, https:\/\/usagers-transports.haut-allier.eu\/wp-content\/uploads\/2022\/08\/2000-img_20220828_111627_196-1024x576.jpg 1024w, https:\/\/usagers-transports.haut-allier.eu\/wp-content\/uploads\/2022\/08\/2000-img_20220828_111627_196-768x432.jpg 768w, https:\/\/usagers-transports.haut-allier.eu\/wp-content\/uploads\/2022\/08\/2000-img_20220828_111627_196-1536x864.jpg 1536w\" sizes=\"auto, (max-width: 2000px) 100vw, 2000px\" \/>\nVers 12h le beau train rouge flanqu\u00e9 du logo inaugural entre enfin en gare de Bagnols. On distingue parfaitement l&rsquo;aiguillage qui permet de changer de voie mais qui est apparemment hors d&rsquo;\u00e9tat puisque le train est oblig\u00e9 de remonter jusqu&rsquo;au Teil en Ard\u00e8che \u00e0 vide pour le faire (80 km sans voyageurs)\n<img loading=\"lazy\" decoding=\"async\" class=\" aligncenter size-full wp-image-4013\" src=\"http:\/\/5.45.101.177\/haut-allier\/usagers-transportse\/wp-content\/uploads\/2022\/08\/2000-vlcsnap-2022-08-29-10h23m35s034.jpg\" alt=\"2000-vlcsnap-2022-08-29-10h23m35s034.jpg\" align=\"center\" width=\"1900\" height=\"1068\" srcset=\"https:\/\/usagers-transports.haut-allier.eu\/wp-content\/uploads\/2022\/08\/2000-vlcsnap-2022-08-29-10h23m35s034.jpg 1900w, https:\/\/usagers-transports.haut-allier.eu\/wp-content\/uploads\/2022\/08\/2000-vlcsnap-2022-08-29-10h23m35s034-300x169.jpg 300w, https:\/\/usagers-transports.haut-allier.eu\/wp-content\/uploads\/2022\/08\/2000-vlcsnap-2022-08-29-10h23m35s034-1024x576.jpg 1024w, https:\/\/usagers-transports.haut-allier.eu\/wp-content\/uploads\/2022\/08\/2000-vlcsnap-2022-08-29-10h23m35s034-768x432.jpg 768w, https:\/\/usagers-transports.haut-allier.eu\/wp-content\/uploads\/2022\/08\/2000-vlcsnap-2022-08-29-10h23m35s034-1536x863.jpg 1536w\" sizes=\"auto, (max-width: 1900px) 100vw, 1900px\" \/>\n<img loading=\"lazy\" decoding=\"async\" class=\" aligncenter size-full wp-image-4014\" src=\"http:\/\/5.45.101.177\/haut-allier\/usagers-transportse\/wp-content\/uploads\/2022\/08\/2000-vlcsnap-2022-08-29-06h57m00s099.jpg\" alt=\"2000-vlcsnap-2022-08-29-06h57m00s099.jpg\" align=\"center\" width=\"1200\" height=\"675\" srcset=\"https:\/\/usagers-transports.haut-allier.eu\/wp-content\/uploads\/2022\/08\/2000-vlcsnap-2022-08-29-06h57m00s099.jpg 1200w, https:\/\/usagers-transports.haut-allier.eu\/wp-content\/uploads\/2022\/08\/2000-vlcsnap-2022-08-29-06h57m00s099-300x169.jpg 300w, https:\/\/usagers-transports.haut-allier.eu\/wp-content\/uploads\/2022\/08\/2000-vlcsnap-2022-08-29-06h57m00s099-1024x576.jpg 1024w, https:\/\/usagers-transports.haut-allier.eu\/wp-content\/uploads\/2022\/08\/2000-vlcsnap-2022-08-29-06h57m00s099-768x432.jpg 768w\" sizes=\"auto, (max-width: 1200px) 100vw, 1200px\" \/>\n&nbsp;\nJean-Yves Chapelet, maire de Bagnols accueille la pr\u00e9sidente de r\u00e9gion et le pr\u00e9fet du Gard\n<img loading=\"lazy\" decoding=\"async\" class=\" aligncenter size-full wp-image-4015\" src=\"http:\/\/5.45.101.177\/haut-allier\/usagers-transportse\/wp-content\/uploads\/2022\/08\/2000-vlcsnap-2022-08-29-11h13m55s189.jpg\" alt=\"2000-vlcsnap-2022-08-29-11h13m55s189.jpg\" align=\"center\" width=\"1900\" height=\"1068\" srcset=\"https:\/\/usagers-transports.haut-allier.eu\/wp-content\/uploads\/2022\/08\/2000-vlcsnap-2022-08-29-11h13m55s189.jpg 1900w, https:\/\/usagers-transports.haut-allier.eu\/wp-content\/uploads\/2022\/08\/2000-vlcsnap-2022-08-29-11h13m55s189-300x169.jpg 300w, https:\/\/usagers-transports.haut-allier.eu\/wp-content\/uploads\/2022\/08\/2000-vlcsnap-2022-08-29-11h13m55s189-1024x576.jpg 1024w, https:\/\/usagers-transports.haut-allier.eu\/wp-content\/uploads\/2022\/08\/2000-vlcsnap-2022-08-29-11h13m55s189-768x432.jpg 768w, https:\/\/usagers-transports.haut-allier.eu\/wp-content\/uploads\/2022\/08\/2000-vlcsnap-2022-08-29-11h13m55s189-1536x863.jpg 1536w\" sizes=\"auto, (max-width: 1900px) 100vw, 1900px\" \/>\nSortie des invit\u00e9s du train \u00e0 Bagnols sur C\u00e8ze\n<img loading=\"lazy\" decoding=\"async\" class=\" aligncenter size-full wp-image-4016\" src=\"http:\/\/5.45.101.177\/haut-allier\/usagers-transportse\/wp-content\/uploads\/2022\/08\/2000-vlcsnap-2022-08-29-11h11m21s258.jpg\" alt=\"2000-vlcsnap-2022-08-29-11h11m21s258.jpg\" align=\"center\" width=\"1900\" height=\"1068\" srcset=\"https:\/\/usagers-transports.haut-allier.eu\/wp-content\/uploads\/2022\/08\/2000-vlcsnap-2022-08-29-11h11m21s258.jpg 1900w, https:\/\/usagers-transports.haut-allier.eu\/wp-content\/uploads\/2022\/08\/2000-vlcsnap-2022-08-29-11h11m21s258-300x169.jpg 300w, https:\/\/usagers-transports.haut-allier.eu\/wp-content\/uploads\/2022\/08\/2000-vlcsnap-2022-08-29-11h11m21s258-1024x576.jpg 1024w, https:\/\/usagers-transports.haut-allier.eu\/wp-content\/uploads\/2022\/08\/2000-vlcsnap-2022-08-29-11h11m21s258-768x432.jpg 768w, https:\/\/usagers-transports.haut-allier.eu\/wp-content\/uploads\/2022\/08\/2000-vlcsnap-2022-08-29-11h11m21s258-1536x863.jpg 1536w\" sizes=\"auto, (max-width: 1900px) 100vw, 1900px\" \/>\nFoule immense devant la gare de Bagnols. Au premier plan un des artisans, discret, de ce retour du train : Jean-Luc Gibelin le Vice-pr\u00e9sident charg\u00e9 des mobilit\u00e9s \u00e0 la r\u00e9gion Occitanie\n<img loading=\"lazy\" decoding=\"async\" class=\" aligncenter size-full wp-image-4017\" src=\"http:\/\/5.45.101.177\/haut-allier\/usagers-transportse\/wp-content\/uploads\/2022\/08\/2000-vlcsnap-2022-08-29-11h07m40s055.jpg\" alt=\"2000-vlcsnap-2022-08-29-11h07m40s055.jpg\" align=\"center\" width=\"1900\" height=\"1068\" srcset=\"https:\/\/usagers-transports.haut-allier.eu\/wp-content\/uploads\/2022\/08\/2000-vlcsnap-2022-08-29-11h07m40s055.jpg 1900w, https:\/\/usagers-transports.haut-allier.eu\/wp-content\/uploads\/2022\/08\/2000-vlcsnap-2022-08-29-11h07m40s055-300x169.jpg 300w, https:\/\/usagers-transports.haut-allier.eu\/wp-content\/uploads\/2022\/08\/2000-vlcsnap-2022-08-29-11h07m40s055-1024x576.jpg 1024w, https:\/\/usagers-transports.haut-allier.eu\/wp-content\/uploads\/2022\/08\/2000-vlcsnap-2022-08-29-11h07m40s055-768x432.jpg 768w, https:\/\/usagers-transports.haut-allier.eu\/wp-content\/uploads\/2022\/08\/2000-vlcsnap-2022-08-29-11h07m40s055-1536x863.jpg 1536w\" sizes=\"auto, (max-width: 1900px) 100vw, 1900px\" \/>\nDiscours de Carole Delga devant la gare de Bagnols\n<img loading=\"lazy\" decoding=\"async\" class=\" aligncenter size-full wp-image-4018\" src=\"http:\/\/5.45.101.177\/haut-allier\/usagers-transportse\/wp-content\/uploads\/2022\/08\/2000-vlcsnap-2022-08-29-11h04m56s262.jpg\" alt=\"2000-vlcsnap-2022-08-29-11h04m56s262.jpg\" align=\"center\" width=\"1900\" height=\"1068\" srcset=\"https:\/\/usagers-transports.haut-allier.eu\/wp-content\/uploads\/2022\/08\/2000-vlcsnap-2022-08-29-11h04m56s262.jpg 1900w, https:\/\/usagers-transports.haut-allier.eu\/wp-content\/uploads\/2022\/08\/2000-vlcsnap-2022-08-29-11h04m56s262-300x169.jpg 300w, https:\/\/usagers-transports.haut-allier.eu\/wp-content\/uploads\/2022\/08\/2000-vlcsnap-2022-08-29-11h04m56s262-1024x576.jpg 1024w, https:\/\/usagers-transports.haut-allier.eu\/wp-content\/uploads\/2022\/08\/2000-vlcsnap-2022-08-29-11h04m56s262-768x432.jpg 768w, https:\/\/usagers-transports.haut-allier.eu\/wp-content\/uploads\/2022\/08\/2000-vlcsnap-2022-08-29-11h04m56s262-1536x863.jpg 1536w\" sizes=\"auto, (max-width: 1900px) 100vw, 1900px\" \/>\nInterview exclusive avec Laurette Bastoreli qui a men\u00e9 le combat depuis 20 ans (cliquer)\n<a href=\"http:\/\/5.45.101.177\/haut-allier\/usagers-transportse\/wp-content\/uploads\/2022\/08\/800-dji_20220828_123636_41_video.mp4\">800-dji_20220828_123636_41_video.mp4<\/a>\n&nbsp;\nNous quittons Bagnols pour la ville terminus \n<img loading=\"lazy\" decoding=\"async\" class=\" aligncenter size-full wp-image-4020\" src=\"http:\/\/5.45.101.177\/haut-allier\/usagers-transportse\/wp-content\/uploads\/2022\/08\/2000-img_20220828_124709_482.jpg\" alt=\"2000-img_20220828_124709_482.jpg\" align=\"center\" width=\"2000\" height=\"1125\" srcset=\"https:\/\/usagers-transports.haut-allier.eu\/wp-content\/uploads\/2022\/08\/2000-img_20220828_124709_482.jpg 2000w, https:\/\/usagers-transports.haut-allier.eu\/wp-content\/uploads\/2022\/08\/2000-img_20220828_124709_482-300x169.jpg 300w, https:\/\/usagers-transports.haut-allier.eu\/wp-content\/uploads\/2022\/08\/2000-img_20220828_124709_482-1024x576.jpg 1024w, https:\/\/usagers-transports.haut-allier.eu\/wp-content\/uploads\/2022\/08\/2000-img_20220828_124709_482-768x432.jpg 768w, https:\/\/usagers-transports.haut-allier.eu\/wp-content\/uploads\/2022\/08\/2000-img_20220828_124709_482-1536x864.jpg 1536w\" sizes=\"auto, (max-width: 2000px) 100vw, 2000px\" \/>\nPaysage de campagne, urbanis\u00e9e, entre Bagnols et Pont Saint-Esprit\n<img loading=\"lazy\" decoding=\"async\" class=\" aligncenter size-full wp-image-4021\" src=\"http:\/\/5.45.101.177\/haut-allier\/usagers-transportse\/wp-content\/uploads\/2022\/08\/2000-img_20220828_130725_146.jpg\" alt=\"2000-img_20220828_130725_146.jpg\" align=\"center\" width=\"2000\" height=\"1125\" srcset=\"https:\/\/usagers-transports.haut-allier.eu\/wp-content\/uploads\/2022\/08\/2000-img_20220828_130725_146.jpg 2000w, https:\/\/usagers-transports.haut-allier.eu\/wp-content\/uploads\/2022\/08\/2000-img_20220828_130725_146-300x169.jpg 300w, https:\/\/usagers-transports.haut-allier.eu\/wp-content\/uploads\/2022\/08\/2000-img_20220828_130725_146-1024x576.jpg 1024w, https:\/\/usagers-transports.haut-allier.eu\/wp-content\/uploads\/2022\/08\/2000-img_20220828_130725_146-768x432.jpg 768w, https:\/\/usagers-transports.haut-allier.eu\/wp-content\/uploads\/2022\/08\/2000-img_20220828_130725_146-1536x864.jpg 1536w\" sizes=\"auto, (max-width: 2000px) 100vw, 2000px\" \/>\nInauguration de la ligne sur le quai m\u00eame par la Pr\u00e9sidente de r\u00e9gion\n<img loading=\"lazy\" decoding=\"async\" class=\" aligncenter size-full wp-image-4022\" src=\"http:\/\/5.45.101.177\/haut-allier\/usagers-transportse\/wp-content\/uploads\/2022\/08\/2000-vlcsnap-2022-08-29-10h46m34s039.jpg\" alt=\"2000-vlcsnap-2022-08-29-10h46m34s039.jpg\" align=\"center\" width=\"1200\" height=\"675\" srcset=\"https:\/\/usagers-transports.haut-allier.eu\/wp-content\/uploads\/2022\/08\/2000-vlcsnap-2022-08-29-10h46m34s039.jpg 1200w, https:\/\/usagers-transports.haut-allier.eu\/wp-content\/uploads\/2022\/08\/2000-vlcsnap-2022-08-29-10h46m34s039-300x169.jpg 300w, https:\/\/usagers-transports.haut-allier.eu\/wp-content\/uploads\/2022\/08\/2000-vlcsnap-2022-08-29-10h46m34s039-1024x576.jpg 1024w, https:\/\/usagers-transports.haut-allier.eu\/wp-content\/uploads\/2022\/08\/2000-vlcsnap-2022-08-29-10h46m34s039-768x432.jpg 768w\" sizes=\"auto, (max-width: 1200px) 100vw, 1200px\" \/>\nDiscours d&rsquo;accueil de Claire Lapeyronie, maire NUPES de Pont Saint-Esprit. Le pr\u00e9fet du Gard \u00e0 sa droite\n<img loading=\"lazy\" decoding=\"async\" class=\" aligncenter size-full wp-image-4023\" src=\"http:\/\/5.45.101.177\/haut-allier\/usagers-transportse\/wp-content\/uploads\/2022\/08\/2000-img_20220828_133054_371.jpg\" alt=\"2000-img_20220828_133054_371.jpg\" align=\"center\" width=\"2000\" height=\"1451\" srcset=\"https:\/\/usagers-transports.haut-allier.eu\/wp-content\/uploads\/2022\/08\/2000-img_20220828_133054_371.jpg 2000w, https:\/\/usagers-transports.haut-allier.eu\/wp-content\/uploads\/2022\/08\/2000-img_20220828_133054_371-300x218.jpg 300w, https:\/\/usagers-transports.haut-allier.eu\/wp-content\/uploads\/2022\/08\/2000-img_20220828_133054_371-1024x743.jpg 1024w, https:\/\/usagers-transports.haut-allier.eu\/wp-content\/uploads\/2022\/08\/2000-img_20220828_133054_371-768x557.jpg 768w, https:\/\/usagers-transports.haut-allier.eu\/wp-content\/uploads\/2022\/08\/2000-img_20220828_133054_371-1536x1114.jpg 1536w\" sizes=\"auto, (max-width: 2000px) 100vw, 2000px\" \/>\nLa repr\u00e9sentante de SNCF avec Carole Delga et Laurette Bastaroli en plein discours\n<img loading=\"lazy\" decoding=\"async\" class=\" aligncenter size-full wp-image-4024\" src=\"http:\/\/5.45.101.177\/haut-allier\/usagers-transportse\/wp-content\/uploads\/2022\/08\/2000-vlcsnap-2022-08-29-10h36m07s419.jpg\" alt=\"2000-vlcsnap-2022-08-29-10h36m07s419.jpg\" align=\"center\" width=\"1900\" height=\"1068\" srcset=\"https:\/\/usagers-transports.haut-allier.eu\/wp-content\/uploads\/2022\/08\/2000-vlcsnap-2022-08-29-10h36m07s419.jpg 1900w, https:\/\/usagers-transports.haut-allier.eu\/wp-content\/uploads\/2022\/08\/2000-vlcsnap-2022-08-29-10h36m07s419-300x169.jpg 300w, https:\/\/usagers-transports.haut-allier.eu\/wp-content\/uploads\/2022\/08\/2000-vlcsnap-2022-08-29-10h36m07s419-1024x576.jpg 1024w, https:\/\/usagers-transports.haut-allier.eu\/wp-content\/uploads\/2022\/08\/2000-vlcsnap-2022-08-29-10h36m07s419-768x432.jpg 768w, https:\/\/usagers-transports.haut-allier.eu\/wp-content\/uploads\/2022\/08\/2000-vlcsnap-2022-08-29-10h36m07s419-1536x863.jpg 1536w\" sizes=\"auto, (max-width: 1900px) 100vw, 1900px\" \/>\nUn peu de gait\u00e9 avec la banda locale\n<img loading=\"lazy\" decoding=\"async\" class=\" aligncenter size-full wp-image-4025\" src=\"http:\/\/5.45.101.177\/haut-allier\/usagers-transportse\/wp-content\/uploads\/2022\/08\/2000-img_20220828_140548_472.jpg\" alt=\"2000-img_20220828_140548_472.jpg\" align=\"center\" width=\"2000\" height=\"1125\" srcset=\"https:\/\/usagers-transports.haut-allier.eu\/wp-content\/uploads\/2022\/08\/2000-img_20220828_140548_472.jpg 2000w, https:\/\/usagers-transports.haut-allier.eu\/wp-content\/uploads\/2022\/08\/2000-img_20220828_140548_472-300x169.jpg 300w, https:\/\/usagers-transports.haut-allier.eu\/wp-content\/uploads\/2022\/08\/2000-img_20220828_140548_472-1024x576.jpg 1024w, https:\/\/usagers-transports.haut-allier.eu\/wp-content\/uploads\/2022\/08\/2000-img_20220828_140548_472-768x432.jpg 768w, https:\/\/usagers-transports.haut-allier.eu\/wp-content\/uploads\/2022\/08\/2000-img_20220828_140548_472-1536x864.jpg 1536w\" sizes=\"auto, (max-width: 2000px) 100vw, 2000px\" \/>\nApr\u00e8s les discours on se rafra\u00eechit et on reprend des forces\n<img loading=\"lazy\" decoding=\"async\" class=\" aligncenter size-full wp-image-4026\" src=\"http:\/\/5.45.101.177\/haut-allier\/usagers-transportse\/wp-content\/uploads\/2022\/08\/2000-img_20220828_141324_756.jpg\" alt=\"2000-img_20220828_141324_756.jpg\" align=\"center\" width=\"2000\" height=\"1125\" srcset=\"https:\/\/usagers-transports.haut-allier.eu\/wp-content\/uploads\/2022\/08\/2000-img_20220828_141324_756.jpg 2000w, https:\/\/usagers-transports.haut-allier.eu\/wp-content\/uploads\/2022\/08\/2000-img_20220828_141324_756-300x169.jpg 300w, https:\/\/usagers-transports.haut-allier.eu\/wp-content\/uploads\/2022\/08\/2000-img_20220828_141324_756-1024x576.jpg 1024w, https:\/\/usagers-transports.haut-allier.eu\/wp-content\/uploads\/2022\/08\/2000-img_20220828_141324_756-768x432.jpg 768w, https:\/\/usagers-transports.haut-allier.eu\/wp-content\/uploads\/2022\/08\/2000-img_20220828_141324_756-1536x864.jpg 1536w\" sizes=\"auto, (max-width: 2000px) 100vw, 2000px\" \/>\nBien que pas termin\u00e9e avec son PEM, la gare de Pont Saint-Esprit est \u00e9quip\u00e9e du n\u00e9cessaire : distributeur de billets, affichage vid\u00e9o des horaires, passage sous-terrrain\n<img loading=\"lazy\" decoding=\"async\" class=\" aligncenter size-full wp-image-4027\" src=\"http:\/\/5.45.101.177\/haut-allier\/usagers-transportse\/wp-content\/uploads\/2022\/08\/2000-img_20220828_141624_574.jpg\" alt=\"2000-img_20220828_141624_574.jpg\" align=\"center\" width=\"2000\" height=\"1125\" srcset=\"https:\/\/usagers-transports.haut-allier.eu\/wp-content\/uploads\/2022\/08\/2000-img_20220828_141624_574.jpg 2000w, https:\/\/usagers-transports.haut-allier.eu\/wp-content\/uploads\/2022\/08\/2000-img_20220828_141624_574-300x169.jpg 300w, https:\/\/usagers-transports.haut-allier.eu\/wp-content\/uploads\/2022\/08\/2000-img_20220828_141624_574-1024x576.jpg 1024w, https:\/\/usagers-transports.haut-allier.eu\/wp-content\/uploads\/2022\/08\/2000-img_20220828_141624_574-768x432.jpg 768w, https:\/\/usagers-transports.haut-allier.eu\/wp-content\/uploads\/2022\/08\/2000-img_20220828_141624_574-1536x864.jpg 1536w\" sizes=\"auto, (max-width: 2000px) 100vw, 2000px\" \/>\n&nbsp;\nLe train du retour prend en charge les invit\u00e9s de Pont St Esprit \u00e0 N\u00eemes\n<img loading=\"lazy\" decoding=\"async\" class=\" aligncenter size-full wp-image-4028\" src=\"http:\/\/5.45.101.177\/haut-allier\/usagers-transportse\/wp-content\/uploads\/2022\/08\/2000-vlcsnap-2022-08-29-10h18m31s553.jpg\" alt=\"2000-vlcsnap-2022-08-29-10h18m31s553.jpg\" align=\"center\" width=\"1200\" height=\"675\" srcset=\"https:\/\/usagers-transports.haut-allier.eu\/wp-content\/uploads\/2022\/08\/2000-vlcsnap-2022-08-29-10h18m31s553.jpg 1200w, https:\/\/usagers-transports.haut-allier.eu\/wp-content\/uploads\/2022\/08\/2000-vlcsnap-2022-08-29-10h18m31s553-300x169.jpg 300w, https:\/\/usagers-transports.haut-allier.eu\/wp-content\/uploads\/2022\/08\/2000-vlcsnap-2022-08-29-10h18m31s553-1024x576.jpg 1024w, https:\/\/usagers-transports.haut-allier.eu\/wp-content\/uploads\/2022\/08\/2000-vlcsnap-2022-08-29-10h18m31s553-768x432.jpg 768w\" sizes=\"auto, (max-width: 1200px) 100vw, 1200px\" \/>\n<img loading=\"lazy\" decoding=\"async\" class=\" aligncenter size-full wp-image-4029\" src=\"http:\/\/5.45.101.177\/haut-allier\/usagers-transportse\/wp-content\/uploads\/2022\/08\/2000-img_20220828_144317_840.jpg\" alt=\"2000-img_20220828_144317_840.jpg\" align=\"center\" width=\"2000\" height=\"1125\" srcset=\"https:\/\/usagers-transports.haut-allier.eu\/wp-content\/uploads\/2022\/08\/2000-img_20220828_144317_840.jpg 2000w, https:\/\/usagers-transports.haut-allier.eu\/wp-content\/uploads\/2022\/08\/2000-img_20220828_144317_840-300x169.jpg 300w, https:\/\/usagers-transports.haut-allier.eu\/wp-content\/uploads\/2022\/08\/2000-img_20220828_144317_840-1024x576.jpg 1024w, https:\/\/usagers-transports.haut-allier.eu\/wp-content\/uploads\/2022\/08\/2000-img_20220828_144317_840-768x432.jpg 768w, https:\/\/usagers-transports.haut-allier.eu\/wp-content\/uploads\/2022\/08\/2000-img_20220828_144317_840-1536x864.jpg 1536w\" sizes=\"auto, (max-width: 2000px) 100vw, 2000px\" \/>\nFin de la journ\u00e9e pour nous : le train quitte Bagnols pour rejoindre Avignon Centre puis N\u00eemes Centre\n<img loading=\"lazy\" decoding=\"async\" class=\" aligncenter size-full wp-image-4030\" src=\"http:\/\/5.45.101.177\/haut-allier\/usagers-transportse\/wp-content\/uploads\/2022\/08\/2000-vlcsnap-2022-08-29-10h14m11s993.jpg\" alt=\"2000-vlcsnap-2022-08-29-10h14m11s993.jpg\" align=\"center\" width=\"1200\" height=\"675\" srcset=\"https:\/\/usagers-transports.haut-allier.eu\/wp-content\/uploads\/2022\/08\/2000-vlcsnap-2022-08-29-10h14m11s993.jpg 1200w, https:\/\/usagers-transports.haut-allier.eu\/wp-content\/uploads\/2022\/08\/2000-vlcsnap-2022-08-29-10h14m11s993-300x169.jpg 300w, https:\/\/usagers-transports.haut-allier.eu\/wp-content\/uploads\/2022\/08\/2000-vlcsnap-2022-08-29-10h14m11s993-1024x576.jpg 1024w, https:\/\/usagers-transports.haut-allier.eu\/wp-content\/uploads\/2022\/08\/2000-vlcsnap-2022-08-29-10h14m11s993-768x432.jpg 768w\" sizes=\"auto, (max-width: 1200px) 100vw, 1200px\" \/>\n&nbsp;\n[fond rouge][blanc]<strong>Pendant ce temps au Teil (07)\n<\/strong>[\/blanc][\/fond rouge]\n&nbsp;\nSelon France 3 Rh\u00f4ne Alpes les habitants du Teil et son maire assistent derri\u00e8re les grilles de la gare inaccessible \u00e0 l&rsquo;arriv\u00e9e du train LIO venu faire demi tour \u00e0 vide, sans passagers. Ils sont n\u00e9anmoins ravis de pouvoir monter au d\u00e9but 2024, dans un an et demi.\n&nbsp;\n<a href=\"https:\/\/france3-regions.francetvinfo.fr\/auvergne-rhone-alpes\/ardeche\/manifestation-au-teil-pour-le-retour-du-train-en-ardeche-2602580.html\"><img loading=\"lazy\" decoding=\"async\" class=\" aligncenter size-full wp-image-4031\" src=\"http:\/\/5.45.101.177\/haut-allier\/usagers-transportse\/wp-content\/uploads\/2022\/08\/screenshot-france3-regions.francetvinfo.fr-2022.08.29-16_22_28.jpg\" alt=\"screenshot-france3-regions.francetvinfo.fr-2022.08.29-16_22_28.jpg\" align=\"center\" width=\"1259\" height=\"555\" srcset=\"https:\/\/usagers-transports.haut-allier.eu\/wp-content\/uploads\/2022\/08\/screenshot-france3-regions.francetvinfo.fr-2022.08.29-16_22_28.jpg 1259w, https:\/\/usagers-transports.haut-allier.eu\/wp-content\/uploads\/2022\/08\/screenshot-france3-regions.francetvinfo.fr-2022.08.29-16_22_28-300x132.jpg 300w, https:\/\/usagers-transports.haut-allier.eu\/wp-content\/uploads\/2022\/08\/screenshot-france3-regions.francetvinfo.fr-2022.08.29-16_22_28-1024x451.jpg 1024w, https:\/\/usagers-transports.haut-allier.eu\/wp-content\/uploads\/2022\/08\/screenshot-france3-regions.francetvinfo.fr-2022.08.29-16_22_28-768x339.jpg 768w\" sizes=\"auto, (max-width: 1259px) 100vw, 1259px\" \/><\/a>\n&nbsp;\n\n<p>&nbsp;<\/p>\n\n\t<figure class=\"wp-block-gallery columns-1 is-cropped wp-block-gallery-1 is-layout-flex wp-block-gallery-is-layout-flex\">\n\t\t<ul class=\"blocks-gallery-grid\">\n\t\t\t<li class=\"blocks-gallery-item\">\n\t\t\t\t<figure>\n\t\t\t\t\t\t\t\t\t\t\t<img loading=\"lazy\" decoding=\"async\" width=\"2000\" height=\"1125\" src=\"http:\/\/5.45.101.177\/haut-allier\/usagers-transportse\/wp-content\/uploads\/2022\/08\/2000-img_20220828_111409_491.jpg\"\n\t\t\t\t\t\t alt=\"2000-img_20220828_111409_491.jpg\"\n\t\t\t\t\t\t data-id=\"4032\"\n\t\t\t\t\t\t data-full-url=\"http:\/\/5.45.101.177\/haut-allier\/usagers-transportse\/wp-content\/uploads\/2022\/08\/2000-img_20220828_111409_491.jpg\"\n\t\t\t\t\t\t data-link=\"http:\/\/5.45.101.177\/haut-allier\/usagers-transportse\/attachment-2000-img_20220828_111409_491-jpg\/\"\n\t\t\t\t\t\t class=\"wp-image-4032\" srcset=\"https:\/\/usagers-transports.haut-allier.eu\/wp-content\/uploads\/2022\/08\/2000-img_20220828_111409_491.jpg 2000w, https:\/\/usagers-transports.haut-allier.eu\/wp-content\/uploads\/2022\/08\/2000-img_20220828_111409_491-300x169.jpg 300w, https:\/\/usagers-transports.haut-allier.eu\/wp-content\/uploads\/2022\/08\/2000-img_20220828_111409_491-1024x576.jpg 1024w, https:\/\/usagers-transports.haut-allier.eu\/wp-content\/uploads\/2022\/08\/2000-img_20220828_111409_491-768x432.jpg 768w, https:\/\/usagers-transports.haut-allier.eu\/wp-content\/uploads\/2022\/08\/2000-img_20220828_111409_491-1536x864.jpg 1536w\" sizes=\"auto, (max-width: 2000px) 100vw, 2000px\" \/>\n\t\t\t\t<\/figure>\n\t\t\t<\/li>\n\t\t<\/ul>\n\t<\/figure>\n","protected":false},"excerpt":{"rendered":"<p>Une journ\u00e9e d&rsquo;unit\u00e9 et de r\u00e9jouissance pour ceux et celles qui se sont battus des ann\u00e9es durant pour<\/p>\n","protected":false},"author":1,"featured_media":4005,"comment_status":"open","ping_status":"open","sticky":false,"template":"","format":"standard","meta":{"footnotes":""},"categories":[2],"tags":[],"class_list":["post-921","post","type-post","status-publish","format-standard","has-post-thumbnail","hentry","category-infos"],"_links":{"self":[{"href":"https:\/\/usagers-transports.haut-allier.eu\/index.php\/wp-json\/wp\/v2\/posts\/921","targetHints":{"allow":["GET"]}}],"collection":[{"href":"https:\/\/usagers-transports.haut-allier.eu\/index.php\/wp-json\/wp\/v2\/posts"}],"about":[{"href":"https:\/\/usagers-transports.haut-allier.eu\/index.php\/wp-json\/wp\/v2\/types\/post"}],"author":[{"embeddable":true,"href":"https:\/\/usagers-transports.haut-allier.eu\/index.php\/wp-json\/wp\/v2\/users\/1"}],"replies":[{"embeddable":true,"href":"https:\/\/usagers-transports.haut-allier.eu\/index.php\/wp-json\/wp\/v2\/comments?post=921"}],"version-history":[{"count":1,"href":"https:\/\/usagers-transports.haut-allier.eu\/index.php\/wp-json\/wp\/v2\/posts\/921\/revisions"}],"predecessor-version":[{"id":4033,"href":"https:\/\/usagers-transports.haut-allier.eu\/index.php\/wp-json\/wp\/v2\/posts\/921\/revisions\/4033"}],"wp:featuredmedia":[{"embeddable":true,"href":"https:\/\/usagers-transports.haut-allier.eu\/index.php\/wp-json\/wp\/v2\/media\/4005"}],"wp:attachment":[{"href":"https:\/\/usagers-transports.haut-allier.eu\/index.php\/wp-json\/wp\/v2\/media?parent=921"}],"wp:term":[{"taxonomy":"category","embeddable":true,"href":"https:\/\/usagers-transports.haut-allier.eu\/index.php\/wp-json\/wp\/v2\/categories?post=921"},{"taxonomy":"post_tag","embeddable":true,"href":"https:\/\/usagers-transports.haut-allier.eu\/index.php\/wp-json\/wp\/v2\/tags?post=921"}],"curies":[{"name":"wp","href":"https:\/\/api.w.org\/{rel}","templated":true}]}}