{"id":922,"date":"2022-09-06T09:49:02","date_gmt":"2022-09-06T07:49:02","guid":{"rendered":"http:\/\/5.45.101.177\/haut-allier\/usagers-transportse\/index.php\/2022\/09\/06\/trains-de-nuit-dans-le-massif922\/"},"modified":"2022-09-06T09:49:02","modified_gmt":"2022-09-06T07:49:02","slug":"trains-de-nuit-dans-le-massif922","status":"publish","type":"post","link":"https:\/\/usagers-transports.haut-allier.eu\/index.php\/2022\/09\/06\/trains-de-nuit-dans-le-massif922\/","title":{"rendered":"Trains de nuit dans le Massif central : un questionnaire pour avoir votre avis"},"content":{"rendered":"<p>Notre collectif avec celui de Nous Voyageurs ! Massif central, et plusieurs autres groupes de d\u00e9fense d\u2019usagers, militent vous le savez, pour le retour du train de nuit tri-branche Paris Clermont vers Aurillac \/ B\u00e9ziers et N\u00eemes disparu en 2003, parce que nous pensons que ce trac\u00e9 est le plus adapt\u00e9 \u00e0 desservir compl\u00e8tement le massif central.<br \/>\n&nbsp;<br \/>\nPourtant cette desserte n\u2019est pas du tout actuellement pr\u00e9vue par le gouvernement qui a publi\u00e9 ses projets pour l&rsquo;avant 2030.<br \/>\n&nbsp;<br \/>\nNous <a href=\"https:\/\/usagers-transports.haut-allier.eu\/?prolonger-le-train-de-nuit-paris,881\"><em>d\u00e9fendons aussi<\/em><\/a> l\u2019extension provisoire possible et plus rapide de la liaison, celle-ci programm\u00e9e avant 2024, Paris Brive Aurillac vers Saint Flour, Saint Ch\u00e9ly d&rsquo;Apcher, Marvejols, S\u00e8verac d&rsquo;Aveyron et Millau.<br \/>\n&nbsp;<br \/>\nN\u00e9anmoins nous voulons vous donner la parole afin de mieux nous guider dans nos actions. Voici un questionnaire \u00e0 remplir en ligne.<\/p>\n<p>&nbsp;<br \/>\n&nbsp;<br \/>\n<iframe loading=\"lazy\" src=\"https:\/\/framaforms.org\/sondage-2022-2024-sur-les-trains-de-nuit-dans-le-massif-central-1662444163\" width=\"100%\" height=\"800\" border=\"0\"><\/iframe><br \/>\n&nbsp;<br \/>\n&nbsp;<\/p>\n<p>Vous pouvez simplement \u00e9galement t\u00e9l\u00e9charger le PDF ci-dessous pour l&rsquo;incorporer avec un copi\u00e9 coll\u00e9 dans un mail \u00e0 adresser \u00e0 <a href=\"mailto:cevennes-auvergne@nous-voyageurs.eu\">cevennes-auvergne@nous-voyageurs.eu<\/a><br \/>\n&nbsp;<br \/>\n<a href=\"http:\/\/5.45.101.177\/haut-allier\/usagers-transportse\/wp-content\/uploads\/2022\/09\/questionnaire-trains-de-nuit-massif-central.pdf\">questionnaire-trains-de-nuit-massif-central.pdf<\/a><br \/>\n&nbsp;<br \/>\n<strong>Les premiers r\u00e9sultats du questionnaire ont \u00e9t\u00e9 publi\u00e9 <a href=\"https:\/\/usagers-transports.haut-allier.eu\/?beau-succes-pour-notre,947\"><strong> <em>ici m\u00eame<\/em> <\/strong><\/a> le 6 novembre 2022.<br \/>\n<\/strong><br \/>\n&nbsp;<\/p>\n","protected":false},"excerpt":{"rendered":"<p>Notre collectif avec celui de Nous Voyageurs ! Massif central, et plusieurs autres groupes de d\u00e9fense d\u2019usagers, militent<\/p>\n","protected":false},"author":1,"featured_media":4034,"comment_status":"open","ping_status":"open","sticky":false,"template":"","format":"standard","meta":{"footnotes":""},"categories":[3],"tags":[],"class_list":["post-922","post","type-post","status-publish","format-standard","has-post-thumbnail","hentry","category-en-train"],"_links":{"self":[{"href":"https:\/\/usagers-transports.haut-allier.eu\/index.php\/wp-json\/wp\/v2\/posts\/922","targetHints":{"allow":["GET"]}}],"collection":[{"href":"https:\/\/usagers-transports.haut-allier.eu\/index.php\/wp-json\/wp\/v2\/posts"}],"about":[{"href":"https:\/\/usagers-transports.haut-allier.eu\/index.php\/wp-json\/wp\/v2\/types\/post"}],"author":[{"embeddable":true,"href":"https:\/\/usagers-transports.haut-allier.eu\/index.php\/wp-json\/wp\/v2\/users\/1"}],"replies":[{"embeddable":true,"href":"https:\/\/usagers-transports.haut-allier.eu\/index.php\/wp-json\/wp\/v2\/comments?post=922"}],"version-history":[{"count":0,"href":"https:\/\/usagers-transports.haut-allier.eu\/index.php\/wp-json\/wp\/v2\/posts\/922\/revisions"}],"wp:featuredmedia":[{"embeddable":true,"href":"https:\/\/usagers-transports.haut-allier.eu\/index.php\/wp-json\/wp\/v2\/media\/4034"}],"wp:attachment":[{"href":"https:\/\/usagers-transports.haut-allier.eu\/index.php\/wp-json\/wp\/v2\/media?parent=922"}],"wp:term":[{"taxonomy":"category","embeddable":true,"href":"https:\/\/usagers-transports.haut-allier.eu\/index.php\/wp-json\/wp\/v2\/categories?post=922"},{"taxonomy":"post_tag","embeddable":true,"href":"https:\/\/usagers-transports.haut-allier.eu\/index.php\/wp-json\/wp\/v2\/tags?post=922"}],"curies":[{"name":"wp","href":"https:\/\/api.w.org\/{rel}","templated":true}]}}