{"id":923,"date":"2022-09-14T08:39:12","date_gmt":"2022-09-14T06:39:12","guid":{"rendered":"http:\/\/5.45.101.177\/haut-allier\/usagers-transportse\/index.php\/2022\/09\/14\/des-trains-speciaux-sur-la-ligne923\/"},"modified":"2022-09-14T08:39:12","modified_gmt":"2022-09-14T06:39:12","slug":"des-trains-speciaux-sur-la-ligne923","status":"publish","type":"post","link":"https:\/\/usagers-transports.haut-allier.eu\/index.php\/2022\/09\/14\/des-trains-speciaux-sur-la-ligne923\/","title":{"rendered":"Des trains sp\u00e9ciaux sur la ligne des C\u00e9vennes sur la partie Auvergne Rh\u00f4ne Alpes ?"},"content":{"rendered":"<p>Vous n&rsquo;avez certainement pas manqu\u00e9 de le remarquer : des trains sp\u00e9ciaux sont organis\u00e9s en r\u00e9gion Occitanie avec une fr\u00e9quence soutenue, pratiquement un par mois cet \u00e9t\u00e9. Il s&rsquo;agissait cette ann\u00e9e de la tourn\u00e9e C\u00e9vennes &#8211; Causses pour un euro qui a permis de faire un circuit B\u00e9ziers &#8211; N\u00eemes &#8211; La Bastide &#8211; Mende &#8211; Marvejols &#8211; Millau &#8211; B\u00e9ziers, puis du train sp\u00e9cial Nuit des \u00e9toiles \u00e0 G\u00e9nolhac \/ Mont Loz\u00e8re et enfin cette fin de semaine du train des viaducs qui m\u00e8nera les voyageurs toujours pour un euro de Millau jusqu&rsquo;au viaduc de Garabit (Cantal). Le tout organis\u00e9 par LiO soit SNCF TER Occitanie.<br \/>\n&nbsp;<br \/>\n<strong>Et au nord nous direz vous ?<br \/>\n<\/strong><br \/>\n&nbsp;<br \/>\nAu nord, en r\u00e9gion Auvergne Rh\u00f4ne Alpes il y a un certain retard. Si l&rsquo;association \u00ab\u00a0Vive le Train C\u00e9venol\u00a0\u00bb (ou \u00ab\u00a0150 ans de la ligne du train C\u00e9venol\u00a0\u00bb) a pris contact tr\u00e8s t\u00f4t voici deux ans avec la division SNCF Voyages sise \u00e0 Clermont-Ferrand rien de concret n&rsquo;a abouti.<br \/>\n&nbsp;<br \/>\nIl y a eu reprise de contact r\u00e9cemment et la responsable du service s&rsquo;est dite ouverte \u00e0 toute proposition. Ainsi dans la foul\u00e9e l&rsquo;association vient de lui proposer plusieurs trains th\u00e9matiques dans un premier temps :<br \/>\n&nbsp;<br \/>\n<strong>&#8211; Un train de la B\u00eate du G\u00e9vaudan<\/strong><br \/>\n<img loading=\"lazy\" decoding=\"async\" class=\" aligncenter size-full wp-image-4037\" src=\"http:\/\/5.45.101.177\/haut-allier\/usagers-transportse\/wp-content\/uploads\/2022\/09\/figure_du_monstre_qui_desole_le_gevaudan.jpg\" alt=\"figure_du_monstre_qui_desole_le_gevaudan.jpg\" align=\"center\" width=\"2000\" height=\"1319\" srcset=\"https:\/\/usagers-transports.haut-allier.eu\/wp-content\/uploads\/2022\/09\/figure_du_monstre_qui_desole_le_gevaudan.jpg 2000w, https:\/\/usagers-transports.haut-allier.eu\/wp-content\/uploads\/2022\/09\/figure_du_monstre_qui_desole_le_gevaudan-300x198.jpg 300w, https:\/\/usagers-transports.haut-allier.eu\/wp-content\/uploads\/2022\/09\/figure_du_monstre_qui_desole_le_gevaudan-1024x675.jpg 1024w, https:\/\/usagers-transports.haut-allier.eu\/wp-content\/uploads\/2022\/09\/figure_du_monstre_qui_desole_le_gevaudan-768x506.jpg 768w, https:\/\/usagers-transports.haut-allier.eu\/wp-content\/uploads\/2022\/09\/figure_du_monstre_qui_desole_le_gevaudan-1536x1013.jpg 1536w\" sizes=\"auto, (max-width: 2000px) 100vw, 2000px\" \/><br \/>\navec visite des monts du G\u00e9vaudan et des mus\u00e9es consacr\u00e9s \u00e0 la b\u00eate, en pr\u00e9sence de diff\u00e9rents auteurs ayant publi\u00e9,<br \/>\n&nbsp;<br \/>\n<strong>&#8211; Un train du Bram du cerf<\/strong><br \/>\n<img loading=\"lazy\" decoding=\"async\" class=\" aligncenter size-full wp-image-4038\" src=\"http:\/\/5.45.101.177\/haut-allier\/usagers-transportse\/wp-content\/uploads\/2022\/09\/cervus_elaphus_luc_viatour_4.jpg\" alt=\"cervus_elaphus_luc_viatour_4.jpg\" align=\"center\" width=\"400\" height=\"400\" srcset=\"https:\/\/usagers-transports.haut-allier.eu\/wp-content\/uploads\/2022\/09\/cervus_elaphus_luc_viatour_4.jpg 400w, https:\/\/usagers-transports.haut-allier.eu\/wp-content\/uploads\/2022\/09\/cervus_elaphus_luc_viatour_4-300x300.jpg 300w, https:\/\/usagers-transports.haut-allier.eu\/wp-content\/uploads\/2022\/09\/cervus_elaphus_luc_viatour_4-150x150.jpg 150w\" sizes=\"auto, (max-width: 400px) 100vw, 400px\" \/><br \/>\navec le passage d&rsquo;une partie de la nuit dans les gorges sauvages pour l&rsquo;\u00e9coute des cervid\u00e9s, avec les commentaires de naturalistes,<br \/>\n&nbsp;<br \/>\n<strong>&#8211; Un train de la lentille du Velay<\/strong><br \/>\n<img loading=\"lazy\" decoding=\"async\" class=\" aligncenter size-full wp-image-4039\" src=\"http:\/\/5.45.101.177\/haut-allier\/usagers-transportse\/wp-content\/uploads\/2022\/09\/saucisses_lentilles_1.jpg\" alt=\"saucisses_lentilles_1.jpg\" align=\"center\" width=\"400\" height=\"300\" srcset=\"https:\/\/usagers-transports.haut-allier.eu\/wp-content\/uploads\/2022\/09\/saucisses_lentilles_1.jpg 400w, https:\/\/usagers-transports.haut-allier.eu\/wp-content\/uploads\/2022\/09\/saucisses_lentilles_1-300x225.jpg 300w\" sizes=\"auto, (max-width: 400px) 100vw, 400px\" \/><br \/>\navec visite des champs agricoles du Dev\u00e8s et un repas mettant en avant ce l\u00e9gume pris\u00e9,<br \/>\n&nbsp;<br \/>\n<strong>&#8211; Un train du Saumon de l&rsquo;Allier<\/strong><br \/>\n<img loading=\"lazy\" decoding=\"async\" class=\" aligncenter size-full wp-image-4040\" src=\"http:\/\/5.45.101.177\/haut-allier\/usagers-transportse\/wp-content\/uploads\/2022\/09\/salmon_leaping_up_waterfall_on_way_to_spawning_ground.jpg\" alt=\"salmon_leaping_up_waterfall_on_way_to_spawning_ground.jpg\" align=\"center\" width=\"1751\" height=\"1500\" srcset=\"https:\/\/usagers-transports.haut-allier.eu\/wp-content\/uploads\/2022\/09\/salmon_leaping_up_waterfall_on_way_to_spawning_ground.jpg 1751w, https:\/\/usagers-transports.haut-allier.eu\/wp-content\/uploads\/2022\/09\/salmon_leaping_up_waterfall_on_way_to_spawning_ground-300x257.jpg 300w, https:\/\/usagers-transports.haut-allier.eu\/wp-content\/uploads\/2022\/09\/salmon_leaping_up_waterfall_on_way_to_spawning_ground-1024x877.jpg 1024w, https:\/\/usagers-transports.haut-allier.eu\/wp-content\/uploads\/2022\/09\/salmon_leaping_up_waterfall_on_way_to_spawning_ground-768x658.jpg 768w, https:\/\/usagers-transports.haut-allier.eu\/wp-content\/uploads\/2022\/09\/salmon_leaping_up_waterfall_on_way_to_spawning_ground-1536x1316.jpg 1536w\" sizes=\"auto, (max-width: 1751px) 100vw, 1751px\" \/><br \/>\navec visites de la maison du Saumon sauvage \u00e0 Chanteuges et du barrage de Pout\u00e8s abaiss\u00e9 et repas \u00e0 base de salmonid\u00e9,<br \/>\n&nbsp;<br \/>\n<strong>&#8211; Un train des ch\u00e2teaux du haut Allier<\/strong><br \/>\n<img loading=\"lazy\" decoding=\"async\" class=\" aligncenter size-full wp-image-4041\" src=\"http:\/\/5.45.101.177\/haut-allier\/usagers-transportse\/wp-content\/uploads\/2022\/09\/h43h006700_5eec740ae128e.jpg\" alt=\"h43h006700_5eec740ae128e.jpg\" align=\"center\" width=\"800\" height=\"398\" srcset=\"https:\/\/usagers-transports.haut-allier.eu\/wp-content\/uploads\/2022\/09\/h43h006700_5eec740ae128e.jpg 800w, https:\/\/usagers-transports.haut-allier.eu\/wp-content\/uploads\/2022\/09\/h43h006700_5eec740ae128e-300x149.jpg 300w, https:\/\/usagers-transports.haut-allier.eu\/wp-content\/uploads\/2022\/09\/h43h006700_5eec740ae128e-768x382.jpg 768w\" sizes=\"auto, (max-width: 800px) 100vw, 800px\" \/><br \/>\navec arr\u00eats au pied des places fortes qui \u00ab\u00a0g\u00e9raient\u00a0\u00bb les passages payants sur l&rsquo;Allier en pr\u00e9sence d&rsquo;historiens,<br \/>\n&nbsp;<br \/>\nIl est propos\u00e9 que les voyageurs une fois arriv\u00e9s dans une gare puissent \u00eatre transport\u00e9s \u00e0 proximit\u00e9 par bus et \u00eatre restaur\u00e9s en collaboration avec les \u00e9tablissements gastronomiques de l&rsquo;endroit. De m\u00eame et surtout il est propos\u00e9 un train retour, aussi tard que ce sera n\u00e9cessaire.<br \/>\n&nbsp;<br \/>\nVoil\u00e0 qui pourra s&rsquo;\u00e9chelonner tout au long de l&rsquo;ann\u00e9e et pas forc\u00e9ment que l&rsquo;\u00e9t\u00e9. Si ces projets aboutissent l&rsquo;association Vive le train C\u00e9venol dont le but est de participer \u00e0 l&rsquo;animation de la ligne du C\u00e9venol et donc des territoires travers\u00e9s aura pleinement rempli son r\u00f4le en collaboration avec le transporteur SNCF.<br \/>\n&nbsp;<br \/>\n<a href=\"https:\/\/vivele.traincevenol.eu\/communique-sur-les-trains-speciaux-en-aura\/\"><em>Le m\u00eame article sur le site de l&rsquo;association.<br \/>\n<\/em><br \/>\n<\/a><\/p>\n","protected":false},"excerpt":{"rendered":"<p>Vous n&rsquo;avez certainement pas manqu\u00e9 de le remarquer : des trains sp\u00e9ciaux sont organis\u00e9s en r\u00e9gion Occitanie avec<\/p>\n","protected":false},"author":1,"featured_media":4036,"comment_status":"open","ping_status":"open","sticky":false,"template":"","format":"standard","meta":{"footnotes":""},"categories":[2],"tags":[],"class_list":["post-923","post","type-post","status-publish","format-standard","has-post-thumbnail","hentry","category-infos"],"_links":{"self":[{"href":"https:\/\/usagers-transports.haut-allier.eu\/index.php\/wp-json\/wp\/v2\/posts\/923","targetHints":{"allow":["GET"]}}],"collection":[{"href":"https:\/\/usagers-transports.haut-allier.eu\/index.php\/wp-json\/wp\/v2\/posts"}],"about":[{"href":"https:\/\/usagers-transports.haut-allier.eu\/index.php\/wp-json\/wp\/v2\/types\/post"}],"author":[{"embeddable":true,"href":"https:\/\/usagers-transports.haut-allier.eu\/index.php\/wp-json\/wp\/v2\/users\/1"}],"replies":[{"embeddable":true,"href":"https:\/\/usagers-transports.haut-allier.eu\/index.php\/wp-json\/wp\/v2\/comments?post=923"}],"version-history":[{"count":0,"href":"https:\/\/usagers-transports.haut-allier.eu\/index.php\/wp-json\/wp\/v2\/posts\/923\/revisions"}],"wp:featuredmedia":[{"embeddable":true,"href":"https:\/\/usagers-transports.haut-allier.eu\/index.php\/wp-json\/wp\/v2\/media\/4036"}],"wp:attachment":[{"href":"https:\/\/usagers-transports.haut-allier.eu\/index.php\/wp-json\/wp\/v2\/media?parent=923"}],"wp:term":[{"taxonomy":"category","embeddable":true,"href":"https:\/\/usagers-transports.haut-allier.eu\/index.php\/wp-json\/wp\/v2\/categories?post=923"},{"taxonomy":"post_tag","embeddable":true,"href":"https:\/\/usagers-transports.haut-allier.eu\/index.php\/wp-json\/wp\/v2\/tags?post=923"}],"curies":[{"name":"wp","href":"https:\/\/api.w.org\/{rel}","templated":true}]}}