{"id":924,"date":"2022-09-15T16:41:20","date_gmt":"2022-09-15T14:41:20","guid":{"rendered":"http:\/\/5.45.101.177\/haut-allier\/usagers-transportse\/index.php\/2022\/09\/15\/region-occitanie-le-nouveau924\/"},"modified":"2022-09-15T16:41:20","modified_gmt":"2022-09-15T14:41:20","slug":"region-occitanie-le-nouveau924","status":"publish","type":"post","link":"https:\/\/usagers-transports.haut-allier.eu\/index.php\/2022\/09\/15\/region-occitanie-le-nouveau924\/","title":{"rendered":"R\u00e9gion Occitanie : le nouveau service web Facil&rsquo;iti \u00e0 partir du 16\/09"},"content":{"rendered":"<p>Profitant de la semaine europ\u00e9enne de la mobilit\u00e9 du 16 au 22 septembre la r\u00e9gion Occitanie et son service de transports LIO lancent un nouveau service Facil\u2019iti, unique en France, qui permettra aux utilisateurs d\u2019obtenir en quelques clics toutes les informations n\u00e9cessaires sur l\u2019itin\u00e9raire de leur choix : nombre de trains par jour, meilleur temps de trajet, temps moyen d\u2019attente entre deux trains, premier et dernier train. Le tout pour faire changer les habitudes de mobilit\u00e9.<br \/>\n&nbsp;<br \/>\nRendez-vous le 16 septembre sur le <a href=\"https:\/\/lio.laregion.fr\/\"><em>site<\/em><\/a>.<br \/>\n&nbsp;<br \/>\nC&rsquo;est \u00e0 \u00e7a aussi qu&rsquo;on reconna\u00eet une politique de transport volontariste. Outre ce nouveau service cette r\u00e9gion et la SNCF partent \u00e0 la rencontre des usagers de leur territoire afin d\u2019\u00e9changer autour de leurs exp\u00e9riences et des solutions de mobilit\u00e9 existantes. Durant toute la semaine, les \u00e9quipes liO et la SNCF seront sur le terrain afin de pr\u00e9senter au grand public les offres et solutions de mobilit\u00e9 propos\u00e9es : abonnements pour les lignes de car ou de train, offres adapt\u00e9es aux activit\u00e9s de loisirs ou encore pr\u00e9sentation des tarifications attractives mises en place.<br \/>\n&nbsp;<br \/>\nLes rendez-vous programm\u00e9s dans le Massif central et proches :<br \/>\n&nbsp;<\/p>\n<table>\n<tbody>\n<tr class='row_even'>\n<td><strong>Aveyron<\/strong><\/td>\n<td> <\/td>\n<\/tr>\n<tr class='row_odd'>\n<td>Mercredi 21 septembre<\/td>\n<td>March\u00e9 de Rodez<\/td>\n<\/tr>\n<tr class='row_even'>\n<td>Jeudi 22 septembre<\/td>\n<td>March\u00e9 de Villefranche-de-Rouergue<\/td>\n<\/tr>\n<tr class='row_odd'>\n<td><strong>Gard<\/strong><\/td>\n<td> <\/td>\n<\/tr>\n<tr class='row_even'>\n<td>Vendredi 16 septembre<\/td>\n<td>Village de la Mobilit\u00e9 \u00e0 la gare routi\u00e8re de N\u00eemes<\/td>\n<\/tr>\n<tr class='row_odd'>\n<td>Mardi 20 septembre<\/td>\n<td> toute la journ\u00e9e : stand au Village de la Mobilit\u00e9 \u00e0 Avignon<\/td>\n<\/tr>\n<tr class='row_even'>\n<td><strong>Loz\u00e8re<\/strong><\/td>\n<td> <\/td>\n<\/tr>\n<tr class='row_odd'>\n<td>Samedi 17 septembre<\/td>\n<td>March\u00e9 de Mende<\/td>\n<\/tr>\n<\/tbody>\n<\/table>\n<p>&nbsp;<br \/>\n[fond rouge][blanc]Outre ceci jeu concours et Twitter[\/blanc][\/fond rouge]<br \/>\n&nbsp;<br \/>\nParticipez au jeu concours liO Train du 16 au 22 septembre<br \/>\nDurant toute la semaine, jouez sur la <a href=\"https:\/\/lio.laregion.fr\/\"><em>page liO Train SNCF Occitanie<\/em><\/a> pour gagner un aller-retour pour la destination de votre choix en Occitanie, des foutas, gourdes et tote-bags pour 2 personnes.<br \/>\n&nbsp;<br \/>\nParticipez au live Tweet liO Train le 22 septembre<br \/>\nRendez-vous le 22 septembre, de 16h \u00e0 19h !<br \/>\nLes \u00e9quipes liO Train r\u00e9pondront en live \u00e0 toutes les questions pos\u00e9es sur le fil Twitter @lio_train_sncf.<br \/>\n &nbsp;<br \/>\nVoil\u00e0. Quand \u00e7a bouge on le diffuse.<\/p>\n","protected":false},"excerpt":{"rendered":"<p>Profitant de la semaine europ\u00e9enne de la mobilit\u00e9 du 16 au 22 septembre la r\u00e9gion Occitanie et son<\/p>\n","protected":false},"author":1,"featured_media":4042,"comment_status":"open","ping_status":"open","sticky":false,"template":"","format":"standard","meta":{"footnotes":""},"categories":[2],"tags":[],"class_list":["post-924","post","type-post","status-publish","format-standard","has-post-thumbnail","hentry","category-infos"],"_links":{"self":[{"href":"https:\/\/usagers-transports.haut-allier.eu\/index.php\/wp-json\/wp\/v2\/posts\/924","targetHints":{"allow":["GET"]}}],"collection":[{"href":"https:\/\/usagers-transports.haut-allier.eu\/index.php\/wp-json\/wp\/v2\/posts"}],"about":[{"href":"https:\/\/usagers-transports.haut-allier.eu\/index.php\/wp-json\/wp\/v2\/types\/post"}],"author":[{"embeddable":true,"href":"https:\/\/usagers-transports.haut-allier.eu\/index.php\/wp-json\/wp\/v2\/users\/1"}],"replies":[{"embeddable":true,"href":"https:\/\/usagers-transports.haut-allier.eu\/index.php\/wp-json\/wp\/v2\/comments?post=924"}],"version-history":[{"count":0,"href":"https:\/\/usagers-transports.haut-allier.eu\/index.php\/wp-json\/wp\/v2\/posts\/924\/revisions"}],"wp:featuredmedia":[{"embeddable":true,"href":"https:\/\/usagers-transports.haut-allier.eu\/index.php\/wp-json\/wp\/v2\/media\/4042"}],"wp:attachment":[{"href":"https:\/\/usagers-transports.haut-allier.eu\/index.php\/wp-json\/wp\/v2\/media?parent=924"}],"wp:term":[{"taxonomy":"category","embeddable":true,"href":"https:\/\/usagers-transports.haut-allier.eu\/index.php\/wp-json\/wp\/v2\/categories?post=924"},{"taxonomy":"post_tag","embeddable":true,"href":"https:\/\/usagers-transports.haut-allier.eu\/index.php\/wp-json\/wp\/v2\/tags?post=924"}],"curies":[{"name":"wp","href":"https:\/\/api.w.org\/{rel}","templated":true}]}}