{"id":926,"date":"2022-09-16T07:40:23","date_gmt":"2022-09-16T05:40:23","guid":{"rendered":"http:\/\/5.45.101.177\/haut-allier\/usagers-transportse\/index.php\/2022\/09\/16\/ligne-des-cevennes-un-local-a926\/"},"modified":"2022-09-16T07:40:23","modified_gmt":"2022-09-16T05:40:23","slug":"ligne-des-cevennes-un-local-a926","status":"publish","type":"post","link":"https:\/\/usagers-transports.haut-allier.eu\/index.php\/2022\/09\/16\/ligne-des-cevennes-un-local-a926\/","title":{"rendered":"Ligne des C\u00e9vennes : un local \u00e0 louer en gare d&rsquo;Al\u00e8s"},"content":{"rendered":"<p>La SNCF met en location des locaux vides dans ses gares, comme dans celles de Verg\u00e8ze-Codognan, Al\u00e8s, Lunel, S\u00e8te, Chatel-Guyon ou la Bourboule. Elle vient de lancer le programme \u00ab\u00a0Place de la gare\u00a0\u00bb qui propose donc des locaux inoccup\u00e9s dans les b\u00e2timents qu&rsquo;elle veut \u00ab\u00a0redynamiser\u00a0\u00bb. Il \u00e9tait temps.<br \/>\n&nbsp;<br \/>\nTous ceux qui souhaitent porter une activit\u00e9 peuvent postuler sauf <em>\u00ab\u00a0la presse, la restauration et la vente \u00e0 emporter, le service de taxi\u00a0\u00bb<\/em> pr\u00e9cise le site. Il ne reste plus grand chose.<br \/>\n&nbsp;<br \/>\nDans certaines gares on ouvre par exemple des services de coworking, soit des espaces de bureaux \u00e0 louer pendant une, deux, trois heures.<br \/>\n&nbsp;<br \/>\nVoici la page du site <a href=\"https:\/\/placedelagare.sncf\/\"><em>Place de la gare<\/em><\/a> consacr\u00e9e \u00e0 la seule gare concern\u00e9e de la ligne des C\u00e9vennes. Cliquer pour agrandir.<br \/>\n&nbsp;<br \/>\n<img loading=\"lazy\" decoding=\"async\" class=\" aligncenter size-full wp-image-4045\" src=\"http:\/\/5.45.101.177\/haut-allier\/usagers-transportse\/wp-content\/uploads\/2022\/09\/screenshot-placedelagare.sncf-2022.09.16-07_19_38.jpg\" alt=\"screenshot-placedelagare.sncf-2022.09.16-07_19_38.jpg\" align=\"center\" width=\"1366\" height=\"2290\" srcset=\"https:\/\/usagers-transports.haut-allier.eu\/wp-content\/uploads\/2022\/09\/screenshot-placedelagare.sncf-2022.09.16-07_19_38.jpg 1366w, https:\/\/usagers-transports.haut-allier.eu\/wp-content\/uploads\/2022\/09\/screenshot-placedelagare.sncf-2022.09.16-07_19_38-179x300.jpg 179w, https:\/\/usagers-transports.haut-allier.eu\/wp-content\/uploads\/2022\/09\/screenshot-placedelagare.sncf-2022.09.16-07_19_38-611x1024.jpg 611w, https:\/\/usagers-transports.haut-allier.eu\/wp-content\/uploads\/2022\/09\/screenshot-placedelagare.sncf-2022.09.16-07_19_38-768x1287.jpg 768w, https:\/\/usagers-transports.haut-allier.eu\/wp-content\/uploads\/2022\/09\/screenshot-placedelagare.sncf-2022.09.16-07_19_38-916x1536.jpg 916w, https:\/\/usagers-transports.haut-allier.eu\/wp-content\/uploads\/2022\/09\/screenshot-placedelagare.sncf-2022.09.16-07_19_38-1222x2048.jpg 1222w\" sizes=\"auto, (max-width: 1366px) 100vw, 1366px\" \/><\/p>\n","protected":false},"excerpt":{"rendered":"<p>La SNCF met en location des locaux vides dans ses gares, comme dans celles de Verg\u00e8ze-Codognan, Al\u00e8s, Lunel,<\/p>\n","protected":false},"author":1,"featured_media":4044,"comment_status":"open","ping_status":"open","sticky":false,"template":"","format":"standard","meta":{"footnotes":""},"categories":[2],"tags":[],"class_list":["post-926","post","type-post","status-publish","format-standard","has-post-thumbnail","hentry","category-infos"],"_links":{"self":[{"href":"https:\/\/usagers-transports.haut-allier.eu\/index.php\/wp-json\/wp\/v2\/posts\/926","targetHints":{"allow":["GET"]}}],"collection":[{"href":"https:\/\/usagers-transports.haut-allier.eu\/index.php\/wp-json\/wp\/v2\/posts"}],"about":[{"href":"https:\/\/usagers-transports.haut-allier.eu\/index.php\/wp-json\/wp\/v2\/types\/post"}],"author":[{"embeddable":true,"href":"https:\/\/usagers-transports.haut-allier.eu\/index.php\/wp-json\/wp\/v2\/users\/1"}],"replies":[{"embeddable":true,"href":"https:\/\/usagers-transports.haut-allier.eu\/index.php\/wp-json\/wp\/v2\/comments?post=926"}],"version-history":[{"count":0,"href":"https:\/\/usagers-transports.haut-allier.eu\/index.php\/wp-json\/wp\/v2\/posts\/926\/revisions"}],"wp:featuredmedia":[{"embeddable":true,"href":"https:\/\/usagers-transports.haut-allier.eu\/index.php\/wp-json\/wp\/v2\/media\/4044"}],"wp:attachment":[{"href":"https:\/\/usagers-transports.haut-allier.eu\/index.php\/wp-json\/wp\/v2\/media?parent=926"}],"wp:term":[{"taxonomy":"category","embeddable":true,"href":"https:\/\/usagers-transports.haut-allier.eu\/index.php\/wp-json\/wp\/v2\/categories?post=926"},{"taxonomy":"post_tag","embeddable":true,"href":"https:\/\/usagers-transports.haut-allier.eu\/index.php\/wp-json\/wp\/v2\/tags?post=926"}],"curies":[{"name":"wp","href":"https:\/\/api.w.org\/{rel}","templated":true}]}}