{"id":927,"date":"2022-09-19T15:19:13","date_gmt":"2022-09-19T13:19:13","guid":{"rendered":"http:\/\/5.45.101.177\/haut-allier\/usagers-transportse\/index.php\/2022\/09\/19\/train-des-viaducs-du-18-septembre927\/"},"modified":"2022-09-19T15:19:13","modified_gmt":"2022-09-19T13:19:13","slug":"train-des-viaducs-du-18-septembre927","status":"publish","type":"post","link":"https:\/\/usagers-transports.haut-allier.eu\/index.php\/2022\/09\/19\/train-des-viaducs-du-18-septembre927\/","title":{"rendered":"Train des viaducs du 18 septembre 2022 : une vir\u00e9e exceptionnelle"},"content":{"rendered":"<p>La r\u00e9gion Occitanie et son service de transports LiO ainsi que la SNCF organisaient ce dimanche un train sp\u00e9cial entre Saint-Rome de Cernon (Aveyron) et Garabit (Cantal) afin de visiter d&rsquo;une part le viaduc routier de Millau et d&rsquo;autre part celui ferroviaire de Garabit construit par Gustave Eiffel. Le tout pour deux euros. Oui vous lisez bien.<br \/>\n&nbsp;<br \/>\nNous avons r\u00e9alis\u00e9 une vid\u00e9o, car c&rsquo;est un moment rare, afin de vous montrer l&rsquo;arriv\u00e9e et l&rsquo;arr\u00eat exceptionnel du train occitan rempli de ses 200 convives dans la petite halte ferroviaire de Garabit.<br \/>\n&nbsp;<br \/>\n<iframe loading=\"lazy\" width=\"560\" height=\"315\" src=\"https:\/\/www.youtube.com\/embed\/GqQetyJOZZU\" title=\"YouTube video player\" frameborder=\"0\" allow=\"accelerometer; autoplay; clipboard-write; encrypted-media; gyroscope; picture-in-picture\" allowfullscreen><\/iframe><br \/>\n&nbsp;<br \/>\nLa musique est toujours du m\u00eame compositeur que nous appr\u00e9cions beaucoup : Sergei Cheremisinov dont vous pouvez trouver tous les albums sur Music Archive en t\u00e9l\u00e9chargement libre.<\/p>\n","protected":false},"excerpt":{"rendered":"<p>La r\u00e9gion Occitanie et son service de transports LiO ainsi que la SNCF organisaient ce dimanche un train<\/p>\n","protected":false},"author":1,"featured_media":4046,"comment_status":"open","ping_status":"open","sticky":false,"template":"","format":"standard","meta":{"footnotes":""},"categories":[2],"tags":[],"class_list":["post-927","post","type-post","status-publish","format-standard","has-post-thumbnail","hentry","category-infos"],"_links":{"self":[{"href":"https:\/\/usagers-transports.haut-allier.eu\/index.php\/wp-json\/wp\/v2\/posts\/927","targetHints":{"allow":["GET"]}}],"collection":[{"href":"https:\/\/usagers-transports.haut-allier.eu\/index.php\/wp-json\/wp\/v2\/posts"}],"about":[{"href":"https:\/\/usagers-transports.haut-allier.eu\/index.php\/wp-json\/wp\/v2\/types\/post"}],"author":[{"embeddable":true,"href":"https:\/\/usagers-transports.haut-allier.eu\/index.php\/wp-json\/wp\/v2\/users\/1"}],"replies":[{"embeddable":true,"href":"https:\/\/usagers-transports.haut-allier.eu\/index.php\/wp-json\/wp\/v2\/comments?post=927"}],"version-history":[{"count":0,"href":"https:\/\/usagers-transports.haut-allier.eu\/index.php\/wp-json\/wp\/v2\/posts\/927\/revisions"}],"wp:featuredmedia":[{"embeddable":true,"href":"https:\/\/usagers-transports.haut-allier.eu\/index.php\/wp-json\/wp\/v2\/media\/4046"}],"wp:attachment":[{"href":"https:\/\/usagers-transports.haut-allier.eu\/index.php\/wp-json\/wp\/v2\/media?parent=927"}],"wp:term":[{"taxonomy":"category","embeddable":true,"href":"https:\/\/usagers-transports.haut-allier.eu\/index.php\/wp-json\/wp\/v2\/categories?post=927"},{"taxonomy":"post_tag","embeddable":true,"href":"https:\/\/usagers-transports.haut-allier.eu\/index.php\/wp-json\/wp\/v2\/tags?post=927"}],"curies":[{"name":"wp","href":"https:\/\/api.w.org\/{rel}","templated":true}]}}