{"id":928,"date":"2022-09-21T09:04:34","date_gmt":"2022-09-21T07:04:34","guid":{"rendered":"http:\/\/5.45.101.177\/haut-allier\/usagers-transportse\/index.php\/2022\/09\/21\/greve-sur-le-reseau-ter-sncf928\/"},"modified":"2022-09-21T09:04:34","modified_gmt":"2022-09-21T07:04:34","slug":"greve-sur-le-reseau-ter-sncf928","status":"publish","type":"post","link":"https:\/\/usagers-transports.haut-allier.eu\/index.php\/2022\/09\/21\/greve-sur-le-reseau-ter-sncf928\/","title":{"rendered":"Gr\u00e8ve sur le r\u00e9seau TER SNCF Occitanie : le service aux usagers n&rsquo;est plus au rendez-vous [MAJ]"},"content":{"rendered":"<p>Voil\u00e0 une semaine que le conflit entre la CGT et la direction r\u00e9gionale SNCF Occitanie perdure et ce sont suppressions et retards de trains qui s&rsquo;encha\u00eenent sans compter les rames en sous-capacit\u00e9s emp\u00eachant les travailleurs de monter notamment entre Al\u00e8s et N\u00eemes sur la ligne des C\u00e9vennes, mais pas que bien s\u00fbr.<br \/>\n&nbsp;<br \/>\nLe motif du conflit est le manque de conducteurs, selon la CGT il en manquerait 15 en Occitanie pour assurer un service normal. Le manque de conducteurs est d&rsquo;ailleurs point\u00e9 du doigt depuis des lustres par la SNCF elle-m\u00eame et les observateurs, la soci\u00e9t\u00e9 ferroviaire n&rsquo;arrive pas \u00e0 en former suffisamment, le m\u00e9tier n&rsquo;attirerait plus autant qu&rsquo;auparavant selon le syndicat.<br \/>\n&nbsp;<br \/>\nToujours est-il que la r\u00e9gion Occitanie n&rsquo;est pas contente non plus puisque la SNCF depuis la rentr\u00e9e ne respecte pas la convention sign\u00e9e avec l&rsquo;autorit\u00e9 organisatrice, comme l&rsquo;a r\u00e9p\u00e9t\u00e9 le Vice-pr\u00e9sident charg\u00e9 des transports Jean-Luc Gibelin ce matin sur France Bleu H\u00e9rault :<br \/>\n&nbsp;<br \/>\n<strong> <em>\u00ab\u00a0Il y a la question du conflit, il y a la question de l\u2019offre qui est aujourd\u2019hui donn\u00e9e depuis la rentr\u00e9e\u00a0: il y a eu un certain nombre de journ\u00e9es qui \u00e9taient correctes et puis il y a eu un certain nombre de journ\u00e9es qui ne l\u2019\u00e9taient pas. En dehors du conflit c\u2019est un vrai probl\u00e8me de pr\u00e9occupation vis-\u00e0-vis de la direction r\u00e9gionale SNCF. Nous leur avons dit. Nous avons d\u2019ores et d\u00e9j\u00e0 appliqu\u00e9 toutes les p\u00e9nalit\u00e9s qui sont pr\u00e9vues dans la convention parce que il y a eu des sous capacit\u00e9s tout-\u00e0-fait manifestes. C\u2019est pour nous un vrai probl\u00e8me par rapport \u00e0 ce qui nous lie dans la convention actuelle.\u00a0\u00bb <\/em> <\/strong><br \/>\n&nbsp;<br \/>\nSur la ligne des C\u00e9vennes c&rsquo;est en moyenne 3 arr\u00eats par jour qui sont supprim\u00e9s et g\u00e9n\u00e9ralement comme aujourd&rsquo;hui le train du matin vers N\u00eemes, de la fin d&rsquo;apr\u00e8s-midi vers N\u00eemes et de l&rsquo;apr\u00e8s-midi vers Clermont-ferrand.<br \/>\n&nbsp;<br \/>\n<img loading=\"lazy\" decoding=\"async\" class=\" aligncenter size-full wp-image-4048\" src=\"http:\/\/5.45.101.177\/haut-allier\/usagers-transportse\/wp-content\/uploads\/2022\/09\/screenshot-www.sncf-connect.com-2022.09.21-08_44_22.jpg\" alt=\"screenshot-www.sncf-connect.com-2022.09.21-08_44_22.jpg\" align=\"center\" width=\"800\" height=\"363\" srcset=\"https:\/\/usagers-transports.haut-allier.eu\/wp-content\/uploads\/2022\/09\/screenshot-www.sncf-connect.com-2022.09.21-08_44_22.jpg 800w, https:\/\/usagers-transports.haut-allier.eu\/wp-content\/uploads\/2022\/09\/screenshot-www.sncf-connect.com-2022.09.21-08_44_22-300x136.jpg 300w, https:\/\/usagers-transports.haut-allier.eu\/wp-content\/uploads\/2022\/09\/screenshot-www.sncf-connect.com-2022.09.21-08_44_22-768x348.jpg 768w\" sizes=\"auto, (max-width: 800px) 100vw, 800px\" \/><br \/>\n<img loading=\"lazy\" decoding=\"async\" class=\" aligncenter size-full wp-image-4049\" src=\"http:\/\/5.45.101.177\/haut-allier\/usagers-transportse\/wp-content\/uploads\/2022\/09\/screenshot-www.sncf-connect.com-2022.09.21-08_54_17.jpg\" alt=\"screenshot-www.sncf-connect.com-2022.09.21-08_54_17.jpg\" align=\"center\" width=\"800\" height=\"333\" srcset=\"https:\/\/usagers-transports.haut-allier.eu\/wp-content\/uploads\/2022\/09\/screenshot-www.sncf-connect.com-2022.09.21-08_54_17.jpg 800w, https:\/\/usagers-transports.haut-allier.eu\/wp-content\/uploads\/2022\/09\/screenshot-www.sncf-connect.com-2022.09.21-08_54_17-300x125.jpg 300w, https:\/\/usagers-transports.haut-allier.eu\/wp-content\/uploads\/2022\/09\/screenshot-www.sncf-connect.com-2022.09.21-08_54_17-768x320.jpg 768w\" sizes=\"auto, (max-width: 800px) 100vw, 800px\" \/><br \/>\n&nbsp;<br \/>\nVoici d&rsquo;ailleurs les fiches horaires du jour pour la ligne des C\u00e9vennes et pour la ligne Aubrac, impact\u00e9es. Ces fiches quotidiennes vous sont communiqu\u00e9es tous les jours sur notre compte Twitter vers 17h.<br \/>\n&nbsp;<br \/>\n<a href=\"http:\/\/5.45.101.177\/haut-allier\/usagers-transportse\/wp-content\/uploads\/2022\/09\/nimes_clermont_ferrand_21_septembre.pdf\">nimes_clermont_ferrand_21_septembre.pdf<\/a><br \/>\n&nbsp;<br \/>\n<a href=\"http:\/\/5.45.101.177\/haut-allier\/usagers-transportse\/wp-content\/uploads\/2022\/09\/v2_beziers_clermont_ferrand_21_septembre.pdf\">v2_beziers_clermont_ferrand_21_septembre.pdf<\/a><br \/>\n&nbsp;<br \/>\n<strong>[MAJ du 22\/9\/2022]<\/strong><br \/>\n&nbsp;<br \/>\nLa direction SNCF a promis d&#8217;embaucher le nombre de conducteurs n\u00e9cessaires. La gr\u00e8ve est donc termin\u00e9e. Reprise progressive du service.<\/p>\n","protected":false},"excerpt":{"rendered":"<p>Voil\u00e0 une semaine que le conflit entre la CGT et la direction r\u00e9gionale SNCF Occitanie perdure et ce<\/p>\n","protected":false},"author":1,"featured_media":4047,"comment_status":"open","ping_status":"open","sticky":false,"template":"","format":"standard","meta":{"footnotes":""},"categories":[2],"tags":[],"class_list":["post-928","post","type-post","status-publish","format-standard","has-post-thumbnail","hentry","category-infos"],"_links":{"self":[{"href":"https:\/\/usagers-transports.haut-allier.eu\/index.php\/wp-json\/wp\/v2\/posts\/928","targetHints":{"allow":["GET"]}}],"collection":[{"href":"https:\/\/usagers-transports.haut-allier.eu\/index.php\/wp-json\/wp\/v2\/posts"}],"about":[{"href":"https:\/\/usagers-transports.haut-allier.eu\/index.php\/wp-json\/wp\/v2\/types\/post"}],"author":[{"embeddable":true,"href":"https:\/\/usagers-transports.haut-allier.eu\/index.php\/wp-json\/wp\/v2\/users\/1"}],"replies":[{"embeddable":true,"href":"https:\/\/usagers-transports.haut-allier.eu\/index.php\/wp-json\/wp\/v2\/comments?post=928"}],"version-history":[{"count":0,"href":"https:\/\/usagers-transports.haut-allier.eu\/index.php\/wp-json\/wp\/v2\/posts\/928\/revisions"}],"wp:featuredmedia":[{"embeddable":true,"href":"https:\/\/usagers-transports.haut-allier.eu\/index.php\/wp-json\/wp\/v2\/media\/4047"}],"wp:attachment":[{"href":"https:\/\/usagers-transports.haut-allier.eu\/index.php\/wp-json\/wp\/v2\/media?parent=928"}],"wp:term":[{"taxonomy":"category","embeddable":true,"href":"https:\/\/usagers-transports.haut-allier.eu\/index.php\/wp-json\/wp\/v2\/categories?post=928"},{"taxonomy":"post_tag","embeddable":true,"href":"https:\/\/usagers-transports.haut-allier.eu\/index.php\/wp-json\/wp\/v2\/tags?post=928"}],"curies":[{"name":"wp","href":"https:\/\/api.w.org\/{rel}","templated":true}]}}