{"id":929,"date":"2022-09-27T12:40:44","date_gmt":"2022-09-27T10:40:44","guid":{"rendered":"http:\/\/5.45.101.177\/haut-allier\/usagers-transportse\/index.php\/2022\/09\/27\/ligne-des-cevennes-un-voyage-nimes929\/"},"modified":"2022-09-27T12:40:44","modified_gmt":"2022-09-27T10:40:44","slug":"ligne-des-cevennes-un-voyage-nimes929","status":"publish","type":"post","link":"https:\/\/usagers-transports.haut-allier.eu\/index.php\/2022\/09\/27\/ligne-des-cevennes-un-voyage-nimes929\/","title":{"rendered":"Ligne des C\u00e9vennes : un voyage N\u00eemes La Bastide \u00e0 bord d&rsquo;un train \u00e0 vapeur !"},"content":{"rendered":"<p>L\u2019association <a href=\"https:\/\/www.gadeft.com\/\"><em>GADEFT<\/em><\/a> constitu\u00e9e pour exploiter la locomotive \u00e0 vapeur d&rsquo;Anduze en C\u00e9vennes d\u00e9sormais sur le r\u00e9seau national, propose, <strong>samedi 1er octobre<\/strong>, un voyage inoubliable avec la machine 140 C 27 au d\u00e9part de N\u00eemes et en direction de La Bastide en Loz\u00e8re. D\u00e9p\u00eachez-vous.<br \/>\n&nbsp;<br \/>\nParticipez \u00e0 un voyage fantastique \u00e0 travers les C\u00e9vennes entre viaducs, ponts et tunnels, d\u00e9couvrez des paysages authentiques. Sortez votre pic-nique du sac ou profitez du panier repas \u00e9labor\u00e9 par notre cuisinier servi \u00e0 bord du train.<br \/>\n&nbsp;<br \/>\nEvocation du pass\u00e9 et paysages \u00e0 couper le souffle, sublim\u00e9s par les couleurs automnales, seront au menu.<br \/>\n&nbsp;<br \/>\nAdmirer quelques plus beaux sites du Massif Central \u00e0 bord d\u2019un train tract\u00e9 par une machine \u00e0 vapeur n\u00e9e en 1917, c\u2019est le privil\u00e8ge que proposera le Groupement d\u2019aide au d\u00e9veloppement des exploitations ferroviaires touristiques, samedi 1er octobre, lors d\u2019un voyage exceptionnel au d\u00e9part de N\u00eemes via Al\u00e8s et arriv\u00e9e \u00e0 La Bastide \u00e0 12h08.<br \/>\n&nbsp;<br \/>\nC\u2019est la machine symbolique du TVC (Train \u00e0 vapeur des C\u00e9vennes), la 140 C 27, class\u00e9e monument historique en 1987, qui sera lanc\u00e9e dans cette aventure. Une locomotive construite pendant la 1\u00e8re Guerre mondiale et qui a sillonn\u00e9 les voies ferr\u00e9es jusqu\u2019en 1975 sous la banni\u00e8re de la SNCF.<br \/>\n&nbsp;<br \/>\n<img loading=\"lazy\" decoding=\"async\" class=\" aligncenter size-full wp-image-4053\" src=\"http:\/\/5.45.101.177\/haut-allier\/usagers-transportse\/wp-content\/uploads\/2022\/09\/screenshot-www.flickr.com-2022.09.27-12_31_39-logo.jpg\" alt=\"screenshot-www.flickr.com-2022.09.27-12_31_39-logo.jpg\" align=\"center\" width=\"1050\" height=\"573\" srcset=\"https:\/\/usagers-transports.haut-allier.eu\/wp-content\/uploads\/2022\/09\/screenshot-www.flickr.com-2022.09.27-12_31_39-logo.jpg 1050w, https:\/\/usagers-transports.haut-allier.eu\/wp-content\/uploads\/2022\/09\/screenshot-www.flickr.com-2022.09.27-12_31_39-logo-300x164.jpg 300w, https:\/\/usagers-transports.haut-allier.eu\/wp-content\/uploads\/2022\/09\/screenshot-www.flickr.com-2022.09.27-12_31_39-logo-1024x559.jpg 1024w, https:\/\/usagers-transports.haut-allier.eu\/wp-content\/uploads\/2022\/09\/screenshot-www.flickr.com-2022.09.27-12_31_39-logo-768x419.jpg 768w\" sizes=\"auto, (max-width: 1050px) 100vw, 1050px\" \/><br \/>\n&nbsp;<br \/>\nRachet\u00e9e en 1977 par la Compagnie internationale des trains express \u00e0 vapeur, elle a pu entrer en exploitation de 1977 \u00e0 1998. Apr\u00e8s une lourde restauration, elle a repris du service en 2011 en circulant entre Anduze et Saint-Jean-du-Gard.<br \/>\n&nbsp;<br \/>\n[fond rouge][blanc]<strong>D\u00e9part de N\u00eemes avec un arr\u00eat \u00e0 Al\u00e8s<br \/>\n<\/strong>[\/blanc][\/fond rouge]<\/p>\n<p>Puissante et simple d\u2019utilisation, cette locomotive va donc ressortir du mus\u00e9e ferroviaire de N\u00eemes auquel elle a \u00e9t\u00e9 r\u00e9cemment confi\u00e9e. La \u201c140 C\u201d s\u2019appr\u00eate \u00e0 faire retentir son piston et son souffle l\u00e9gendaires.<br \/>\n&nbsp;<br \/>\nLe d\u00e9part sera donn\u00e9 \u00e0 9h15, en gare de N\u00eemes. Les voyageurs pourront aussi monter \u00e0 bord en gare d\u2019Al\u00e8s \u00e0 9h57. La suite du voyage sera rythm\u00e9e par le panache de fum\u00e9e qui va s\u2019\u00e9lever au dessus de quelques un des plus beaux panoramas qui soient donn\u00e9s \u00e0 voir depuis les voies ferr\u00e9es.<br \/>\n&nbsp;<br \/>\nApr\u00e8s une pause d\u00e9jeuner de deux heures \u00e0 La Bastide, le convoi reprendra le chemin du retour \u00e0 14h30 pour le premier arr\u00eat \u00e0 Al\u00e8s \u00e0 16h27. Terminus \u00e0 N\u00eemes \u00e0 17h48.<br \/>\n&nbsp;<br \/>\nVous pourrez soit partager un panier repas cuisin\u00e9 avec des produits locaux (suppl\u00e9ment de 17\u20ac) ou pique-niquer en famille. De plus, une rame Grand Confort, pr\u00eat\u00e9e par les chemins de fer du Creusot, permettra de prendre un caf\u00e9-croissant matinale et de d\u00e9guster de bons crus c\u00e9venols et autres, s\u00e9lectionn\u00e9s pour l\u2019occasion.<br \/>\n&nbsp;<br \/>\n[fond rouge][blanc]<strong>Le prix de ce voyage exceptionnel<br \/>\n<\/strong>[\/blanc][\/fond rouge]<\/p>\n<p>D\u00e9part N\u00eemes avec retour :<br \/>\n&nbsp;<br \/>\n2\u1d49 classe : 45\u2009\u20ac<br \/>\n&nbsp;<br \/>\n1\u02b3\u1d49 classe : 58 \u20ac<br \/>\n&nbsp;<br \/>\nD\u00e9part Al\u00e8s avec retour :<br \/>\n&nbsp;<br \/>\n2\u1d49 classe : 35\u2009\u20ac<br \/>\n&nbsp;<br \/>\n1\u02b3\u1d49 classe : 48 \u20ac<br \/>\n&nbsp;<br \/>\nPanier repas : 17 \u20ac\/personne<br \/>\n&nbsp;<br \/>\nPour s&rsquo;inscrire :<br \/>\n06 32 49 05 34<br \/>\nou par mail :<br \/>\n<a href=\"mailto:gadeft.association@gmail.com\">gadeft.association@gmail.com<\/a><br \/>\n&nbsp;<br \/>\n<em>[infos issues d&rsquo;un communiqu\u00e9]<\/em><\/p>\n","protected":false},"excerpt":{"rendered":"<p>L\u2019association GADEFT constitu\u00e9e pour exploiter la locomotive \u00e0 vapeur d&rsquo;Anduze en C\u00e9vennes d\u00e9sormais sur le r\u00e9seau national, propose,<\/p>\n","protected":false},"author":1,"featured_media":4052,"comment_status":"open","ping_status":"open","sticky":false,"template":"","format":"standard","meta":{"footnotes":""},"categories":[3],"tags":[],"class_list":["post-929","post","type-post","status-publish","format-standard","has-post-thumbnail","hentry","category-en-train"],"_links":{"self":[{"href":"https:\/\/usagers-transports.haut-allier.eu\/index.php\/wp-json\/wp\/v2\/posts\/929","targetHints":{"allow":["GET"]}}],"collection":[{"href":"https:\/\/usagers-transports.haut-allier.eu\/index.php\/wp-json\/wp\/v2\/posts"}],"about":[{"href":"https:\/\/usagers-transports.haut-allier.eu\/index.php\/wp-json\/wp\/v2\/types\/post"}],"author":[{"embeddable":true,"href":"https:\/\/usagers-transports.haut-allier.eu\/index.php\/wp-json\/wp\/v2\/users\/1"}],"replies":[{"embeddable":true,"href":"https:\/\/usagers-transports.haut-allier.eu\/index.php\/wp-json\/wp\/v2\/comments?post=929"}],"version-history":[{"count":0,"href":"https:\/\/usagers-transports.haut-allier.eu\/index.php\/wp-json\/wp\/v2\/posts\/929\/revisions"}],"wp:featuredmedia":[{"embeddable":true,"href":"https:\/\/usagers-transports.haut-allier.eu\/index.php\/wp-json\/wp\/v2\/media\/4052"}],"wp:attachment":[{"href":"https:\/\/usagers-transports.haut-allier.eu\/index.php\/wp-json\/wp\/v2\/media?parent=929"}],"wp:term":[{"taxonomy":"category","embeddable":true,"href":"https:\/\/usagers-transports.haut-allier.eu\/index.php\/wp-json\/wp\/v2\/categories?post=929"},{"taxonomy":"post_tag","embeddable":true,"href":"https:\/\/usagers-transports.haut-allier.eu\/index.php\/wp-json\/wp\/v2\/tags?post=929"}],"curies":[{"name":"wp","href":"https:\/\/api.w.org\/{rel}","templated":true}]}}