{"id":930,"date":"2022-09-29T09:05:39","date_gmt":"2022-09-29T07:05:39","guid":{"rendered":"http:\/\/5.45.101.177\/haut-allier\/usagers-transportse\/index.php\/2022\/09\/29\/ligne-des-cevennes-la-region930\/"},"modified":"2022-09-29T09:05:39","modified_gmt":"2022-09-29T07:05:39","slug":"ligne-des-cevennes-la-region930","status":"publish","type":"post","link":"https:\/\/usagers-transports.haut-allier.eu\/index.php\/2022\/09\/29\/ligne-des-cevennes-la-region930\/","title":{"rendered":"Ligne des C\u00e9vennes : la r\u00e9gion Auvergne Rh\u00f4ne Alpes refuse les am\u00e9liorations horaires"},"content":{"rendered":"<p>C&rsquo;est une demande que la plupart des usagers de la ligne du train C\u00e9venol faisaient : comment se fait-il que les trains TER du week-end circulent en horaires d\u00e9cal\u00e9s depuis des lustres alors que la lisibilit\u00e9 horaire est primordiale pour les voyageurs ? Des horaires plus faciles \u00e0 retenir sont gages de choix. D&rsquo;autre part la suppression d&rsquo;un train le dimanche est incompr\u00e9hensible. Des mesures en vigueur depuis longtemps dont personne ne se souvient des raisons, si ce n&rsquo;est une faveur horaire de fin de semaine faite aux agents. Nous avions fait une lettre en ce sens le 13 juillet dernier au service transports de la r\u00e9gion :<br \/>\n&nbsp;<br \/>\n<img loading=\"lazy\" decoding=\"async\" class=\" aligncenter size-full wp-image-4055\" src=\"http:\/\/5.45.101.177\/haut-allier\/usagers-transportse\/wp-content\/uploads\/2022\/09\/lettreaorm.jpg\" alt=\"lettreaorm.jpg\" align=\"center\" width=\"1159\" height=\"1661\" srcset=\"https:\/\/usagers-transports.haut-allier.eu\/wp-content\/uploads\/2022\/09\/lettreaorm.jpg 1159w, https:\/\/usagers-transports.haut-allier.eu\/wp-content\/uploads\/2022\/09\/lettreaorm-209x300.jpg 209w, https:\/\/usagers-transports.haut-allier.eu\/wp-content\/uploads\/2022\/09\/lettreaorm-715x1024.jpg 715w, https:\/\/usagers-transports.haut-allier.eu\/wp-content\/uploads\/2022\/09\/lettreaorm-768x1101.jpg 768w, https:\/\/usagers-transports.haut-allier.eu\/wp-content\/uploads\/2022\/09\/lettreaorm-1072x1536.jpg 1072w\" sizes=\"auto, (max-width: 1159px) 100vw, 1159px\" \/><br \/>\n&nbsp;<br \/>\nLa r\u00e9ponse de la r\u00e9gion est NIET. Nous l&rsquo;avons re\u00e7ue hier. Comme d&rsquo;habitude ici les usagers ont beau faire des propositions d&rsquo;am\u00e9lioration la r\u00e9gion ne bouge pas. Vous me direz c&rsquo;est en accord total avec la politique ferroviaire de d\u00e9sint\u00e9r\u00eat men\u00e9e en Auvergne depuis l&rsquo;arriv\u00e9e en sc\u00e8ne de l&rsquo;\u00e9quipe Wauquiez.<br \/>\n&nbsp;<br \/>\nVoici en effet la r\u00e9ponse :<br \/>\n&nbsp;<\/p>\n<blockquote class=\"poesie\"><p>\nLe 23 \/ 09 \/ 2022.<\/p>\n<p>Nous avons bien r\u00e9ceptionn\u00e9 votre courrier du 13 juillet dernier demandant l\u2019harmonisation horaire du train N\u00b0873993 Clermont-Ferrand &#8211; Langogne \u2013 N\u00eemes sur son horaire de semaine, du lundi au samedi, et son extension de circulation au dimanche \u00e0 l\u2019ann\u00e9e.<\/p>\n<p>L\u2019horaire du TER \u00b0873991 (Clermont-Ferrand 6h45) a \u00e9t\u00e9 adapt\u00e9 de longue date le samedi matin pour un d\u00e9part plus tardif (TER N\u00b0873993 Clermont-Ferrand 7h34). Cette adaptation visait notamment \u00e0 r\u00e9pondre \u00e0 des besoins d\u2019occasionnels qui n\u2019ont pas de besoins aussi matinaux qu\u2019en semaine. Cette adaptation n\u2019a, jusqu\u2019\u00e0 aujourd\u2019hui, pas pos\u00e9 de probl\u00e8me y compris en termes de lisibilit\u00e9. Les comptages confirment par ailleurs que cet horaire trouve sa client\u00e8le, notamment en plein \u00e9t\u00e9.<\/p>\n<p>Concernant les correspondances de ce train du samedi matin (telle qu\u2019entre le TER N\u00b0873993 \u00e0 La Bastide-St-Laurent (passage pr\u00e9vu \u00e0 10h47) et le TER La Bastide-St-Laurent 10h09 \u2013 Mende), il y a effectivement de potentielles adaptations \u00e0 pr\u00e9voir. En ce sens, nous avons sollicit\u00e9 la R\u00e9gion Occitanie pour \u00e9tudier des adaptations (un travail est donc engag\u00e9 entre les deux R\u00e9gions concernant cette ligne interr\u00e9gionale et en particulier ce cas de boug\u00e9 horaire de train).<\/p>\n<p>Enfin, concernant l\u2019absence de circulation d\u2019un train le dimanche matin et ses incidences en p\u00e9riodes de vacances scolaires, comme vous le savez, un 4\u00e8me AR a \u00e9t\u00e9 activ\u00e9 les week-ends en \u00e9t\u00e9. Les fr\u00e9quentations de l\u2019ann\u00e9e 2022 nous permettront de mieux \u00e9valuer la pertinence d\u2019extension \u00e9ventuelle de ce train \u00e0 l\u2019ensemble de l\u2019ann\u00e9e.<\/p>\n<p>En esp\u00e9rant avoir r\u00e9pondu \u00e0 vos interrogations, recevez nos cordiales salutations.<\/p>\n<p>Direction g\u00e9n\u00e9rale adjointe des mobilit\u00e9s<br \/>\nR\u00e9gion Auvergne &#8211; Rh\u00f4ne-Alpes<\/p>\n<\/blockquote>\n<p>On en jugera ce que l&rsquo;on voudra. Disons qu&rsquo;en 2022 en Auvergne Rh\u00f4ne Alpes l&rsquo;\u00e9coute et la prise en compte des besoins des usagers est \u00e0 son comble. Comme depuis 2016 ici d&rsquo;ailleurs.<\/p>\n","protected":false},"excerpt":{"rendered":"<p>C&rsquo;est une demande que la plupart des usagers de la ligne du train C\u00e9venol faisaient : comment se<\/p>\n","protected":false},"author":1,"featured_media":4054,"comment_status":"open","ping_status":"open","sticky":false,"template":"","format":"standard","meta":{"footnotes":""},"categories":[2],"tags":[],"class_list":["post-930","post","type-post","status-publish","format-standard","has-post-thumbnail","hentry","category-infos"],"_links":{"self":[{"href":"https:\/\/usagers-transports.haut-allier.eu\/index.php\/wp-json\/wp\/v2\/posts\/930","targetHints":{"allow":["GET"]}}],"collection":[{"href":"https:\/\/usagers-transports.haut-allier.eu\/index.php\/wp-json\/wp\/v2\/posts"}],"about":[{"href":"https:\/\/usagers-transports.haut-allier.eu\/index.php\/wp-json\/wp\/v2\/types\/post"}],"author":[{"embeddable":true,"href":"https:\/\/usagers-transports.haut-allier.eu\/index.php\/wp-json\/wp\/v2\/users\/1"}],"replies":[{"embeddable":true,"href":"https:\/\/usagers-transports.haut-allier.eu\/index.php\/wp-json\/wp\/v2\/comments?post=930"}],"version-history":[{"count":0,"href":"https:\/\/usagers-transports.haut-allier.eu\/index.php\/wp-json\/wp\/v2\/posts\/930\/revisions"}],"wp:featuredmedia":[{"embeddable":true,"href":"https:\/\/usagers-transports.haut-allier.eu\/index.php\/wp-json\/wp\/v2\/media\/4054"}],"wp:attachment":[{"href":"https:\/\/usagers-transports.haut-allier.eu\/index.php\/wp-json\/wp\/v2\/media?parent=930"}],"wp:term":[{"taxonomy":"category","embeddable":true,"href":"https:\/\/usagers-transports.haut-allier.eu\/index.php\/wp-json\/wp\/v2\/categories?post=930"},{"taxonomy":"post_tag","embeddable":true,"href":"https:\/\/usagers-transports.haut-allier.eu\/index.php\/wp-json\/wp\/v2\/tags?post=930"}],"curies":[{"name":"wp","href":"https:\/\/api.w.org\/{rel}","templated":true}]}}