{"id":931,"date":"2022-10-01T08:37:57","date_gmt":"2022-10-01T06:37:57","guid":{"rendered":"http:\/\/5.45.101.177\/haut-allier\/usagers-transportse\/index.php\/2022\/10\/01\/reseau-entrain-un-4eme-forum931\/"},"modified":"2022-10-01T08:37:57","modified_gmt":"2022-10-01T06:37:57","slug":"reseau-entrain-un-4eme-forum931","status":"publish","type":"post","link":"https:\/\/usagers-transports.haut-allier.eu\/index.php\/2022\/10\/01\/reseau-entrain-un-4eme-forum931\/","title":{"rendered":"R\u00e9seau #EnTrain : un 4\u00e8me forum annuel \u00e0 Lyon"},"content":{"rendered":"<p>Apr\u00e8s Paris et Gen\u00e8ve, et une r\u00e9union en virtuel en 2020, les activistes du train du quotidien et de nuit francophones du r\u00e9seau #EnTrain se sont retrouv\u00e9s pour leur forum annuel cette fois \u00e0 Lyon pour une s\u00e9ance de travail bienvenue. Elle a permis de rassurer sur l&rsquo;avenir du r\u00e9seau, de renforcer ses objectifs.<br \/>\n&nbsp;<br \/>\nDes \u00e9ch\u00e9ances \u00e0 court terme ont \u00e9t\u00e9 pos\u00e9es : pour la publication d&rsquo;articles d&rsquo;opinion dans les m\u00e9dias, pour le renforcement et l&rsquo;ouverture du r\u00e9seau \u00e0 d&rsquo;autres acteurs, pour une meilleure pr\u00e9sence sur les r\u00e9seaux sociaux, entre autres points.<br \/>\n&nbsp;<br \/>\nLe forum avait lieu dans le quartier Confluences &#8211; Perrache sous la coordination de Prisca Vytelingum de <a href=\"https:\/\/www.association-must.ch\/\">MUST<\/a>. La s\u00e9ance de travail du jeudi 29 septembre devait se consacrer aux bilans et aux questions de gouvernance ainsi qu&rsquo;\u00e0 la recherche de moyens compl\u00e9mentaires pour mieux exister et parvenir aux buts fix\u00e9s.<br \/>\n&nbsp;<br \/>\n<img loading=\"lazy\" decoding=\"async\" class=\" aligncenter size-full wp-image-4057\" src=\"http:\/\/5.45.101.177\/haut-allier\/usagers-transportse\/wp-content\/uploads\/2022\/10\/2000-img_20220929_172514_756.jpg\" alt=\"2000-img_20220929_172514_756.jpg\" align=\"center\" width=\"2000\" height=\"1125\" srcset=\"https:\/\/usagers-transports.haut-allier.eu\/wp-content\/uploads\/2022\/10\/2000-img_20220929_172514_756.jpg 2000w, https:\/\/usagers-transports.haut-allier.eu\/wp-content\/uploads\/2022\/10\/2000-img_20220929_172514_756-300x169.jpg 300w, https:\/\/usagers-transports.haut-allier.eu\/wp-content\/uploads\/2022\/10\/2000-img_20220929_172514_756-1024x576.jpg 1024w, https:\/\/usagers-transports.haut-allier.eu\/wp-content\/uploads\/2022\/10\/2000-img_20220929_172514_756-768x432.jpg 768w, https:\/\/usagers-transports.haut-allier.eu\/wp-content\/uploads\/2022\/10\/2000-img_20220929_172514_756-1536x864.jpg 1536w\" sizes=\"auto, (max-width: 2000px) 100vw, 2000px\" \/><br \/>\n&nbsp;<br \/>\nEn fin d&rsquo;apr\u00e8s-midi visite du Tram Train de l&rsquo;ouest de Lyon avec Beno\u00eet Demongeot, Conseiller technique Transport &#038; Mobilit\u00e9s \u00e0 la M\u00e9tropole de Lyon. Un mini r\u00e9seau dont l&rsquo;historique, les atouts, les sp\u00e9cificit\u00e9s, mais aussi les freins \u00e0 son d\u00e9veloppement de la part des gestionnaires actuels, SNCF et R\u00e9gion AuRA, nous furent pr\u00e9sent\u00e9s.<br \/>\n&nbsp;<br \/>\n<em>D\u00e9part de la visite depuis la belle petite gare de Saint-Paul. Auparavant la ligne atteignait Montbrison dans la Loire&#8230;<\/em><br \/>\n<img loading=\"lazy\" decoding=\"async\" class=\" aligncenter size-full wp-image-4058\" src=\"http:\/\/5.45.101.177\/haut-allier\/usagers-transportse\/wp-content\/uploads\/2022\/10\/2000-img_20220929_182406_144.jpg\" alt=\"2000-img_20220929_182406_144.jpg\" align=\"center\" width=\"2000\" height=\"1125\" srcset=\"https:\/\/usagers-transports.haut-allier.eu\/wp-content\/uploads\/2022\/10\/2000-img_20220929_182406_144.jpg 2000w, https:\/\/usagers-transports.haut-allier.eu\/wp-content\/uploads\/2022\/10\/2000-img_20220929_182406_144-300x169.jpg 300w, https:\/\/usagers-transports.haut-allier.eu\/wp-content\/uploads\/2022\/10\/2000-img_20220929_182406_144-1024x576.jpg 1024w, https:\/\/usagers-transports.haut-allier.eu\/wp-content\/uploads\/2022\/10\/2000-img_20220929_182406_144-768x432.jpg 768w, https:\/\/usagers-transports.haut-allier.eu\/wp-content\/uploads\/2022\/10\/2000-img_20220929_182406_144-1536x864.jpg 1536w\" sizes=\"auto, (max-width: 2000px) 100vw, 2000px\" \/><br \/>\n<em>Le r\u00e9seau<\/em><br \/>\n<img loading=\"lazy\" decoding=\"async\" class=\" aligncenter size-full wp-image-4059\" src=\"http:\/\/5.45.101.177\/haut-allier\/usagers-transportse\/wp-content\/uploads\/2022\/10\/forumtt-carte-c.jpg\" alt=\"forumtt-carte-c.jpg\" align=\"center\" width=\"1106\" height=\"830\" srcset=\"https:\/\/usagers-transports.haut-allier.eu\/wp-content\/uploads\/2022\/10\/forumtt-carte-c.jpg 1106w, https:\/\/usagers-transports.haut-allier.eu\/wp-content\/uploads\/2022\/10\/forumtt-carte-c-300x225.jpg 300w, https:\/\/usagers-transports.haut-allier.eu\/wp-content\/uploads\/2022\/10\/forumtt-carte-c-1024x768.jpg 1024w, https:\/\/usagers-transports.haut-allier.eu\/wp-content\/uploads\/2022\/10\/forumtt-carte-c-768x576.jpg 768w\" sizes=\"auto, (max-width: 1106px) 100vw, 1106px\" \/><br \/>\n<em>Dans la salle d&rsquo;attente du Tram Train<\/em><br \/>\n<img loading=\"lazy\" decoding=\"async\" class=\" aligncenter size-full wp-image-4060\" src=\"http:\/\/5.45.101.177\/haut-allier\/usagers-transportse\/wp-content\/uploads\/2022\/10\/2000-img_20220929_182520_056.jpg\" alt=\"2000-img_20220929_182520_056.jpg\" align=\"center\" width=\"2000\" height=\"1125\" srcset=\"https:\/\/usagers-transports.haut-allier.eu\/wp-content\/uploads\/2022\/10\/2000-img_20220929_182520_056.jpg 2000w, https:\/\/usagers-transports.haut-allier.eu\/wp-content\/uploads\/2022\/10\/2000-img_20220929_182520_056-300x169.jpg 300w, https:\/\/usagers-transports.haut-allier.eu\/wp-content\/uploads\/2022\/10\/2000-img_20220929_182520_056-1024x576.jpg 1024w, https:\/\/usagers-transports.haut-allier.eu\/wp-content\/uploads\/2022\/10\/2000-img_20220929_182520_056-768x432.jpg 768w, https:\/\/usagers-transports.haut-allier.eu\/wp-content\/uploads\/2022\/10\/2000-img_20220929_182520_056-1536x864.jpg 1536w\" sizes=\"auto, (max-width: 2000px) 100vw, 2000px\" \/><br \/>\n<img loading=\"lazy\" decoding=\"async\" class=\" aligncenter size-full wp-image-4061\" src=\"http:\/\/5.45.101.177\/haut-allier\/usagers-transportse\/wp-content\/uploads\/2022\/10\/2000-img_20220929_182818_495.jpg\" alt=\"2000-img_20220929_182818_495.jpg\" align=\"center\" width=\"2000\" height=\"1125\" srcset=\"https:\/\/usagers-transports.haut-allier.eu\/wp-content\/uploads\/2022\/10\/2000-img_20220929_182818_495.jpg 2000w, https:\/\/usagers-transports.haut-allier.eu\/wp-content\/uploads\/2022\/10\/2000-img_20220929_182818_495-300x169.jpg 300w, https:\/\/usagers-transports.haut-allier.eu\/wp-content\/uploads\/2022\/10\/2000-img_20220929_182818_495-1024x576.jpg 1024w, https:\/\/usagers-transports.haut-allier.eu\/wp-content\/uploads\/2022\/10\/2000-img_20220929_182818_495-768x432.jpg 768w, https:\/\/usagers-transports.haut-allier.eu\/wp-content\/uploads\/2022\/10\/2000-img_20220929_182818_495-1536x864.jpg 1536w\" sizes=\"auto, (max-width: 2000px) 100vw, 2000px\" \/><br \/>\n<em>Sur un quai<\/em><br \/>\n<img loading=\"lazy\" decoding=\"async\" class=\" aligncenter size-full wp-image-4062\" src=\"http:\/\/5.45.101.177\/haut-allier\/usagers-transportse\/wp-content\/uploads\/2022\/10\/2000-img_20220929_185908_430.jpg\" alt=\"2000-img_20220929_185908_430.jpg\" align=\"center\" width=\"2000\" height=\"1125\" srcset=\"https:\/\/usagers-transports.haut-allier.eu\/wp-content\/uploads\/2022\/10\/2000-img_20220929_185908_430.jpg 2000w, https:\/\/usagers-transports.haut-allier.eu\/wp-content\/uploads\/2022\/10\/2000-img_20220929_185908_430-300x169.jpg 300w, https:\/\/usagers-transports.haut-allier.eu\/wp-content\/uploads\/2022\/10\/2000-img_20220929_185908_430-1024x576.jpg 1024w, https:\/\/usagers-transports.haut-allier.eu\/wp-content\/uploads\/2022\/10\/2000-img_20220929_185908_430-768x432.jpg 768w, https:\/\/usagers-transports.haut-allier.eu\/wp-content\/uploads\/2022\/10\/2000-img_20220929_185908_430-1536x864.jpg 1536w\" sizes=\"auto, (max-width: 2000px) 100vw, 2000px\" \/><br \/>\n<em>Dans la rame<\/em><br \/>\n<img loading=\"lazy\" decoding=\"async\" class=\" aligncenter size-full wp-image-4063\" src=\"http:\/\/5.45.101.177\/haut-allier\/usagers-transportse\/wp-content\/uploads\/2022\/10\/2000-img_20220929_190514_952.jpg\" alt=\"2000-img_20220929_190514_952.jpg\" align=\"center\" width=\"2000\" height=\"1125\" srcset=\"https:\/\/usagers-transports.haut-allier.eu\/wp-content\/uploads\/2022\/10\/2000-img_20220929_190514_952.jpg 2000w, https:\/\/usagers-transports.haut-allier.eu\/wp-content\/uploads\/2022\/10\/2000-img_20220929_190514_952-300x169.jpg 300w, https:\/\/usagers-transports.haut-allier.eu\/wp-content\/uploads\/2022\/10\/2000-img_20220929_190514_952-1024x576.jpg 1024w, https:\/\/usagers-transports.haut-allier.eu\/wp-content\/uploads\/2022\/10\/2000-img_20220929_190514_952-768x432.jpg 768w, https:\/\/usagers-transports.haut-allier.eu\/wp-content\/uploads\/2022\/10\/2000-img_20220929_190514_952-1536x864.jpg 1536w\" sizes=\"auto, (max-width: 2000px) 100vw, 2000px\" \/><br \/>\n<img loading=\"lazy\" decoding=\"async\" class=\" aligncenter size-full wp-image-4064\" src=\"http:\/\/5.45.101.177\/haut-allier\/usagers-transportse\/wp-content\/uploads\/2022\/10\/2000-img_20220929_184127_966.jpg\" alt=\"2000-img_20220929_184127_966.jpg\" align=\"center\" width=\"2000\" height=\"1125\" srcset=\"https:\/\/usagers-transports.haut-allier.eu\/wp-content\/uploads\/2022\/10\/2000-img_20220929_184127_966.jpg 2000w, https:\/\/usagers-transports.haut-allier.eu\/wp-content\/uploads\/2022\/10\/2000-img_20220929_184127_966-300x169.jpg 300w, https:\/\/usagers-transports.haut-allier.eu\/wp-content\/uploads\/2022\/10\/2000-img_20220929_184127_966-1024x576.jpg 1024w, https:\/\/usagers-transports.haut-allier.eu\/wp-content\/uploads\/2022\/10\/2000-img_20220929_184127_966-768x432.jpg 768w, https:\/\/usagers-transports.haut-allier.eu\/wp-content\/uploads\/2022\/10\/2000-img_20220929_184127_966-1536x864.jpg 1536w\" sizes=\"auto, (max-width: 2000px) 100vw, 2000px\" \/><br \/>\n&nbsp;<br \/>\nLa matin\u00e9e du vendredi \u00e9tait consacr\u00e9e \u00e0 la pr\u00e9sentation du r\u00e9seau Sytral et au th\u00e8me : \u201cComment d\u00e9passer les faiblesses du syst\u00e8me rail urbain et p\u00e9ri-urbain en France ?\u201d avec Jean-Charles Kohlhaas, Vice-pr\u00e9sident de la M\u00e9tropole de Lyon et Vice-pr\u00e9sident de Sytral-Mobilit\u00e9s. Un expos\u00e9 passionnant par un politique passionn\u00e9 des mobilit\u00e9s, dans l&rsquo;action depuis des d\u00e9cennies. Beaucoup d&rsquo;enrichissements des pr\u00e9sents \u00e0 son contact.<br \/>\n&nbsp;<br \/>\n<img loading=\"lazy\" decoding=\"async\" class=\" aligncenter size-full wp-image-4065\" src=\"http:\/\/5.45.101.177\/haut-allier\/usagers-transportse\/wp-content\/uploads\/2022\/10\/2000-img_20220930_091954_202.jpg\" alt=\"2000-img_20220930_091954_202.jpg\" align=\"center\" width=\"2000\" height=\"1447\" srcset=\"https:\/\/usagers-transports.haut-allier.eu\/wp-content\/uploads\/2022\/10\/2000-img_20220930_091954_202.jpg 2000w, https:\/\/usagers-transports.haut-allier.eu\/wp-content\/uploads\/2022\/10\/2000-img_20220930_091954_202-300x217.jpg 300w, https:\/\/usagers-transports.haut-allier.eu\/wp-content\/uploads\/2022\/10\/2000-img_20220930_091954_202-1024x741.jpg 1024w, https:\/\/usagers-transports.haut-allier.eu\/wp-content\/uploads\/2022\/10\/2000-img_20220930_091954_202-768x556.jpg 768w, https:\/\/usagers-transports.haut-allier.eu\/wp-content\/uploads\/2022\/10\/2000-img_20220930_091954_202-1536x1111.jpg 1536w\" sizes=\"auto, (max-width: 2000px) 100vw, 2000px\" \/><br \/>\n<img loading=\"lazy\" decoding=\"async\" class=\" aligncenter size-full wp-image-4066\" src=\"http:\/\/5.45.101.177\/haut-allier\/usagers-transportse\/wp-content\/uploads\/2022\/10\/2000-img_20220930_100924_723.jpg\" alt=\"2000-img_20220930_100924_723.jpg\" align=\"center\" width=\"2000\" height=\"1087\" srcset=\"https:\/\/usagers-transports.haut-allier.eu\/wp-content\/uploads\/2022\/10\/2000-img_20220930_100924_723.jpg 2000w, https:\/\/usagers-transports.haut-allier.eu\/wp-content\/uploads\/2022\/10\/2000-img_20220930_100924_723-300x163.jpg 300w, https:\/\/usagers-transports.haut-allier.eu\/wp-content\/uploads\/2022\/10\/2000-img_20220930_100924_723-1024x557.jpg 1024w, https:\/\/usagers-transports.haut-allier.eu\/wp-content\/uploads\/2022\/10\/2000-img_20220930_100924_723-768x417.jpg 768w, https:\/\/usagers-transports.haut-allier.eu\/wp-content\/uploads\/2022\/10\/2000-img_20220930_100924_723-1536x835.jpg 1536w\" sizes=\"auto, (max-width: 2000px) 100vw, 2000px\" \/><br \/>\n&nbsp;<br \/>\nPuis \u00e0 la mi journ\u00e9e \u00e9changes avec les repr\u00e9sentants de MUST. Il est d\u00e9cid\u00e9 pour renforcer notre impact et expliquer le pourquoi de notre existence aupr\u00e8s de nos interlocuteurs et des citoyens de r\u00e9aliser quelques sympathiques vid\u00e9os.<br \/>\n&nbsp;<br \/>\nUne \u00e9dition 2022 d\u00e9cisive qui est parvenue \u00e0 r\u00e9soudre quelques questionnements. Nous voil\u00e0 dans l&rsquo;action d\u00e9sormais avec des objectifs pr\u00e9cis et un calendrier.<br \/>\n&nbsp;<br \/>\nUn rappel : le site du r\u00e9seau #EnTrain.<br \/>\n&nbsp;<br \/>\n<a href=\"https:\/\/reseauentrain.com\/\">reseauentrain.com<br \/>\n<\/a>&nbsp;<\/p>\n","protected":false},"excerpt":{"rendered":"<p>Apr\u00e8s Paris et Gen\u00e8ve, et une r\u00e9union en virtuel en 2020, les activistes du train du quotidien et<\/p>\n","protected":false},"author":1,"featured_media":4056,"comment_status":"open","ping_status":"open","sticky":false,"template":"","format":"standard","meta":{"footnotes":""},"categories":[2],"tags":[],"class_list":["post-931","post","type-post","status-publish","format-standard","has-post-thumbnail","hentry","category-infos"],"_links":{"self":[{"href":"https:\/\/usagers-transports.haut-allier.eu\/index.php\/wp-json\/wp\/v2\/posts\/931","targetHints":{"allow":["GET"]}}],"collection":[{"href":"https:\/\/usagers-transports.haut-allier.eu\/index.php\/wp-json\/wp\/v2\/posts"}],"about":[{"href":"https:\/\/usagers-transports.haut-allier.eu\/index.php\/wp-json\/wp\/v2\/types\/post"}],"author":[{"embeddable":true,"href":"https:\/\/usagers-transports.haut-allier.eu\/index.php\/wp-json\/wp\/v2\/users\/1"}],"replies":[{"embeddable":true,"href":"https:\/\/usagers-transports.haut-allier.eu\/index.php\/wp-json\/wp\/v2\/comments?post=931"}],"version-history":[{"count":0,"href":"https:\/\/usagers-transports.haut-allier.eu\/index.php\/wp-json\/wp\/v2\/posts\/931\/revisions"}],"wp:featuredmedia":[{"embeddable":true,"href":"https:\/\/usagers-transports.haut-allier.eu\/index.php\/wp-json\/wp\/v2\/media\/4056"}],"wp:attachment":[{"href":"https:\/\/usagers-transports.haut-allier.eu\/index.php\/wp-json\/wp\/v2\/media?parent=931"}],"wp:term":[{"taxonomy":"category","embeddable":true,"href":"https:\/\/usagers-transports.haut-allier.eu\/index.php\/wp-json\/wp\/v2\/categories?post=931"},{"taxonomy":"post_tag","embeddable":true,"href":"https:\/\/usagers-transports.haut-allier.eu\/index.php\/wp-json\/wp\/v2\/tags?post=931"}],"curies":[{"name":"wp","href":"https:\/\/api.w.org\/{rel}","templated":true}]}}