{"id":932,"date":"2022-10-06T07:21:41","date_gmt":"2022-10-06T05:21:41","guid":{"rendered":"http:\/\/5.45.101.177\/haut-allier\/usagers-transportse\/index.php\/2022\/10\/06\/ligne-ter-le-puy-en-velay-st932\/"},"modified":"2022-10-06T07:21:41","modified_gmt":"2022-10-06T05:21:41","slug":"ligne-ter-le-puy-en-velay-st932","status":"publish","type":"post","link":"https:\/\/usagers-transports.haut-allier.eu\/index.php\/2022\/10\/06\/ligne-ter-le-puy-en-velay-st932\/","title":{"rendered":"Ligne TER Le Puy-en-Velay St-Etienne Lyon : depuis cet \u00e9t\u00e9 2022 on ne compte plus les dysfonctionnements"},"content":{"rendered":"<p>Pourtant objet de toutes les attentions du pr\u00e9sident de r\u00e9gion d\u00e8s son arriv\u00e9e, avec la r\u00e9fection de toute la ligne, entre Le Puy et St-Etienne le service ferroviaire fourni aux voyageurs n&rsquo;est malheureusement pas du tout \u00e0 la hauteur des besoins.<br \/>\n&nbsp;<br \/>\nCet \u00e9t\u00e9, des marcheurs de St-Jacques, des cyclistes, des usagers du quotidien et des \u00e9tudiants entass\u00e9s dans les TER entre Lyon et St-Etienne en ont fait les frais, avec des rat\u00e9s de correspondance pour le Puy-en-Velay \u00e0 une minute pr\u00e8s par exemple, puis la mont\u00e9e dans des TER bond\u00e9s pour terminer le voyage, c&rsquo;\u00e9tait ce qu&rsquo;on pouvait constater quotidiennement.<br \/>\n&nbsp;<br \/>\n<em>Le quotidien entre Saint-Etienne et le Puy sur les quais<\/em><br \/>\n<img loading=\"lazy\" decoding=\"async\" class=\" aligncenter size-full wp-image-4068\" src=\"http:\/\/5.45.101.177\/haut-allier\/usagers-transportse\/wp-content\/uploads\/2022\/10\/img_7131f.jpg\" alt=\"img_7131f.jpg\" align=\"center\" width=\"662\" height=\"836\" srcset=\"https:\/\/usagers-transports.haut-allier.eu\/wp-content\/uploads\/2022\/10\/img_7131f.jpg 662w, https:\/\/usagers-transports.haut-allier.eu\/wp-content\/uploads\/2022\/10\/img_7131f-238x300.jpg 238w\" sizes=\"auto, (max-width: 662px) 100vw, 662px\" \/><br \/>\n&nbsp;<br \/>\n<em>Et dans les rames<br \/>\n<\/em><br \/>\n<img loading=\"lazy\" decoding=\"async\" class=\" aligncenter size-full wp-image-4069\" src=\"http:\/\/5.45.101.177\/haut-allier\/usagers-transportse\/wp-content\/uploads\/2022\/10\/img_7196f.jpg\" alt=\"img_7196f.jpg\" align=\"center\" width=\"960\" height=\"1280\" srcset=\"https:\/\/usagers-transports.haut-allier.eu\/wp-content\/uploads\/2022\/10\/img_7196f.jpg 960w, https:\/\/usagers-transports.haut-allier.eu\/wp-content\/uploads\/2022\/10\/img_7196f-225x300.jpg 225w, https:\/\/usagers-transports.haut-allier.eu\/wp-content\/uploads\/2022\/10\/img_7196f-768x1024.jpg 768w\" sizes=\"auto, (max-width: 960px) 100vw, 960px\" \/><br \/>\n&nbsp;<br \/>\nEn ce d\u00e9but d\u2019automne \u00e7a continue : les TER en sous capacit\u00e9 entre Lyon et Le Puy sont monnaie courante. Les causes sont multiples : un service peu r\u00e9gulier notamment aux heures de pointe ou encore un nombre de rames insuffisant surtout le week-end. Par exemple, les TER de 16h13, 17h36 et 18h40 du dimanche 18 septembre \u00e9taient pleins au d\u00e9part et ne pouvaient plus accueillir de voyageurs suppl\u00e9mentaires \u00e0 l\u2019approche de St-Etienne. Il s\u2019agissait pourtant du week-end du Roi de l\u2019Oiseau que la R\u00e9gion Auvergne Rh\u00f4ne Alpes avait mis en avant sur son site TER AuRA. Mais pas d&rsquo;ajustement de capacit\u00e9 des rames pour accueillir les festivaliers.<br \/>\n&nbsp;<br \/>\nDe nombreux autres exemples existent sur tout l\u2019\u00e9t\u00e9 2022.<br \/>\n&nbsp;<br \/>\n[fond rouge][blanc]<strong>Pour compliquer : plus de trains directs Lyon &#8211; Le Puy<br \/>\n<\/strong>[\/blanc][\/fond rouge]<\/p>\n<p>Pour ne pas arranger les choses, la suppression du train direct en 2019 entre la pr\u00e9fecture de la Haute-Loire et Lyon rend le trajet plus compliqu\u00e9 et plus long : Il arrive souvent que les voyageurs doivent attendre en gare de St-Etienne car le TER arriv\u00e9 en retard ne permet pas la correspondance avec le prochain train. Le trajet direct existait pourtant et permettait de relier les deux villes en \u00e0 peu pr\u00e8s 2 heures contre de 2 heures un quart \u00e0 presque 3 maintenant.<br \/>\n&nbsp;<br \/>\n<em>Des quais bond\u00e9s \u00e0 Chateaucreux pour compliquer les correspondances<\/em><br \/>\n<img loading=\"lazy\" decoding=\"async\" class=\" aligncenter size-full wp-image-4070\" src=\"http:\/\/5.45.101.177\/haut-allier\/usagers-transportse\/wp-content\/uploads\/2022\/10\/chateaucreuxquai.jpg\" alt=\"chateaucreuxquai.jpg\" align=\"center\" width=\"870\" height=\"489\" srcset=\"https:\/\/usagers-transports.haut-allier.eu\/wp-content\/uploads\/2022\/10\/chateaucreuxquai.jpg 870w, https:\/\/usagers-transports.haut-allier.eu\/wp-content\/uploads\/2022\/10\/chateaucreuxquai-300x169.jpg 300w, https:\/\/usagers-transports.haut-allier.eu\/wp-content\/uploads\/2022\/10\/chateaucreuxquai-768x432.jpg 768w\" sizes=\"auto, (max-width: 870px) 100vw, 870px\" \/><br \/>\n&nbsp;<br \/>\n<strong>Si des am\u00e9liorations concr\u00e8tes ne sont pas r\u00e9alis\u00e9es rapidement pour les usagers r\u00e9guliers, le tourisme en train, et notamment l&rsquo;acheminement des marcheurs &#8211; qui par d\u00e9finition ne peuvent pas prendre la voiture &#8211;  jusqu&rsquo;au d\u00e9part du Puy, il y a fort \u00e0 parier que la capitale mondiale du d\u00e9part de tous les chemins de Compostelle, subisse t\u00f4t ou tard les cons\u00e9quences d&rsquo;une absence de service ferroviaire \u00e0 la hauteur de ses ambitions.<\/strong><br \/>\n&nbsp;<br \/>\nNous venons d&rsquo;\u00e9crire \u00e0 la r\u00e9gion avec copie \u00e0 SNCF TER.<br \/>\n&nbsp;<br \/>\n[fond rouge][blanc]<strong>Dans la presse :<br \/>\n<\/strong>[\/blanc][\/fond rouge]<br \/>\n&nbsp;<br \/>\n&#8211; Le Progr\u00e8s La Tribune le 9 octobre 2022 :<a href=\"https:\/\/www.leprogres.fr\/transport\/2022\/10\/08\/deux-collectifs-d-usagers-denoncent-des-dysfonctionnements-a-la-sncf\"> <em>Deux collectifs d\u2019usagers d\u00e9noncent des \u00ab dysfonctionnements \u00bb \u00e0 la SNCF<\/em><\/a><br \/>\n&nbsp;<br \/>\n<img loading=\"lazy\" decoding=\"async\" class=\" aligncenter size-full wp-image-4071\" src=\"http:\/\/5.45.101.177\/haut-allier\/usagers-transportse\/wp-content\/uploads\/2022\/10\/screenshot-www.leprogres.fr-2022.10.09-07_02_16.jpg\" alt=\"screenshot-www.leprogres.fr-2022.10.09-07_02_16.jpg\" align=\"center\" width=\"1072\" height=\"2201\" srcset=\"https:\/\/usagers-transports.haut-allier.eu\/wp-content\/uploads\/2022\/10\/screenshot-www.leprogres.fr-2022.10.09-07_02_16.jpg 1072w, https:\/\/usagers-transports.haut-allier.eu\/wp-content\/uploads\/2022\/10\/screenshot-www.leprogres.fr-2022.10.09-07_02_16-146x300.jpg 146w, https:\/\/usagers-transports.haut-allier.eu\/wp-content\/uploads\/2022\/10\/screenshot-www.leprogres.fr-2022.10.09-07_02_16-499x1024.jpg 499w, https:\/\/usagers-transports.haut-allier.eu\/wp-content\/uploads\/2022\/10\/screenshot-www.leprogres.fr-2022.10.09-07_02_16-768x1577.jpg 768w, https:\/\/usagers-transports.haut-allier.eu\/wp-content\/uploads\/2022\/10\/screenshot-www.leprogres.fr-2022.10.09-07_02_16-748x1536.jpg 748w, https:\/\/usagers-transports.haut-allier.eu\/wp-content\/uploads\/2022\/10\/screenshot-www.leprogres.fr-2022.10.09-07_02_16-997x2048.jpg 997w\" sizes=\"auto, (max-width: 1072px) 100vw, 1072px\" \/><br \/>\n&nbsp;<\/p>\n","protected":false},"excerpt":{"rendered":"<p>Pourtant objet de toutes les attentions du pr\u00e9sident de r\u00e9gion d\u00e8s son arriv\u00e9e, avec la r\u00e9fection de toute<\/p>\n","protected":false},"author":1,"featured_media":4067,"comment_status":"open","ping_status":"open","sticky":false,"template":"","format":"standard","meta":{"footnotes":""},"categories":[3],"tags":[],"class_list":["post-932","post","type-post","status-publish","format-standard","has-post-thumbnail","hentry","category-en-train"],"_links":{"self":[{"href":"https:\/\/usagers-transports.haut-allier.eu\/index.php\/wp-json\/wp\/v2\/posts\/932","targetHints":{"allow":["GET"]}}],"collection":[{"href":"https:\/\/usagers-transports.haut-allier.eu\/index.php\/wp-json\/wp\/v2\/posts"}],"about":[{"href":"https:\/\/usagers-transports.haut-allier.eu\/index.php\/wp-json\/wp\/v2\/types\/post"}],"author":[{"embeddable":true,"href":"https:\/\/usagers-transports.haut-allier.eu\/index.php\/wp-json\/wp\/v2\/users\/1"}],"replies":[{"embeddable":true,"href":"https:\/\/usagers-transports.haut-allier.eu\/index.php\/wp-json\/wp\/v2\/comments?post=932"}],"version-history":[{"count":0,"href":"https:\/\/usagers-transports.haut-allier.eu\/index.php\/wp-json\/wp\/v2\/posts\/932\/revisions"}],"wp:featuredmedia":[{"embeddable":true,"href":"https:\/\/usagers-transports.haut-allier.eu\/index.php\/wp-json\/wp\/v2\/media\/4067"}],"wp:attachment":[{"href":"https:\/\/usagers-transports.haut-allier.eu\/index.php\/wp-json\/wp\/v2\/media?parent=932"}],"wp:term":[{"taxonomy":"category","embeddable":true,"href":"https:\/\/usagers-transports.haut-allier.eu\/index.php\/wp-json\/wp\/v2\/categories?post=932"},{"taxonomy":"post_tag","embeddable":true,"href":"https:\/\/usagers-transports.haut-allier.eu\/index.php\/wp-json\/wp\/v2\/tags?post=932"}],"curies":[{"name":"wp","href":"https:\/\/api.w.org\/{rel}","templated":true}]}}