{"id":933,"date":"2022-10-05T08:43:22","date_gmt":"2022-10-05T06:43:22","guid":{"rendered":"http:\/\/5.45.101.177\/haut-allier\/usagers-transportse\/index.php\/2022\/10\/05\/billets-sncf-a-tarif-reduit-pour933\/"},"modified":"2022-10-05T08:43:22","modified_gmt":"2022-10-05T06:43:22","slug":"billets-sncf-a-tarif-reduit-pour933","status":"publish","type":"post","link":"https:\/\/usagers-transports.haut-allier.eu\/index.php\/2022\/10\/05\/billets-sncf-a-tarif-reduit-pour933\/","title":{"rendered":"Billets SNCF \u00e0 tarif r\u00e9duit pour la fin de l&rsquo;ann\u00e9e : disponibles \u00e0 partir d&rsquo;aujourd&rsquo;hui"},"content":{"rendered":"<p>Sont r\u00e9servables d\u00e8s ce jour :<br \/>\n&nbsp;<br \/>\n&#8211; les billets TGV INOUI et INTERCIT\u00c9S pour les trajets du 11 d\u00e9cembre 2022 au 2 janvier 2023 (\u00e9changeables et remboursables sans frais jusqu\u2019\u00e0 J-3),<br \/>\n&#8211; les billets OUIGO pour les trajets du 11 d\u00e9cembre 2022 au 7 juillet 2023.<br \/>\n&nbsp;<br \/>\nLe nombre mis en vente est sup\u00e9rieur d\u20191 million \u00e0 celui de la m\u00eame p\u00e9riode l&rsquo;an dernier. S&rsquo;ajoute aux offres habituelles la ligne Intercit\u00e9s Nantes-Lyon, avec une fr\u00e9quence augment\u00e9e, ainsi que 12 nouvelles destinations Ouigo depuis Paris, Brest (Finist\u00e8re), Perpignan (Pyr\u00e9n\u00e9es-Orientales) et La Rochelle (Charente-Maritime) etc.<br \/>\n&nbsp;<br \/>\n[fond rouge][blanc]<strong>S&rsquo;y prendre t\u00f4t pour b\u00e9n\u00e9ficier des meilleurs prix<br \/>\n<\/strong>[\/blanc][\/fond rouge]<\/p>\n<p>Les prix vont augmenter \u00e0 mesure que les trains se rempliront. Il sera donc avantageux de se lever tr\u00e8s t\u00f4t et de se pr\u00e9parer \u00e0 r\u00e9server par Internet au moment o\u00f9 les billets seront disponibles. Plus les trains se rempliront, plus les prix des derni\u00e8res places augmenteront. Si vous le pouvez, pour \u00e9viter les affluences records de fin de semaine, choisissez des dates en semaine, mardi et mercredi par exemple. Les cartes Avantage vous permettront aussi d&rsquo;avoir acc\u00e8s aux meilleurs prix.<br \/>\n&nbsp;<br \/>\nEn cas de changement de programme au dernier moment, les billets sont remboursables et \u00e9changeables gratuitement jusqu\u2019\u00e0 quatre jours avant le d\u00e9part. Puis pour les TGV avec des frais de 15 euros deux jours ou moins avant le d\u00e9part. Quant aux Intercit\u00e9s les frais s\u2019\u00e9l\u00e8veront \u00e0 40 % du prix du billet.<br \/>\n&nbsp;<br \/>\nBonne chasse.<\/p>\n","protected":false},"excerpt":{"rendered":"<p>Sont r\u00e9servables d\u00e8s ce jour : &nbsp; &#8211; les billets TGV INOUI et INTERCIT\u00c9S pour les trajets du<\/p>\n","protected":false},"author":1,"featured_media":4072,"comment_status":"open","ping_status":"open","sticky":false,"template":"","format":"standard","meta":{"footnotes":""},"categories":[2],"tags":[],"class_list":["post-933","post","type-post","status-publish","format-standard","has-post-thumbnail","hentry","category-infos"],"_links":{"self":[{"href":"https:\/\/usagers-transports.haut-allier.eu\/index.php\/wp-json\/wp\/v2\/posts\/933","targetHints":{"allow":["GET"]}}],"collection":[{"href":"https:\/\/usagers-transports.haut-allier.eu\/index.php\/wp-json\/wp\/v2\/posts"}],"about":[{"href":"https:\/\/usagers-transports.haut-allier.eu\/index.php\/wp-json\/wp\/v2\/types\/post"}],"author":[{"embeddable":true,"href":"https:\/\/usagers-transports.haut-allier.eu\/index.php\/wp-json\/wp\/v2\/users\/1"}],"replies":[{"embeddable":true,"href":"https:\/\/usagers-transports.haut-allier.eu\/index.php\/wp-json\/wp\/v2\/comments?post=933"}],"version-history":[{"count":0,"href":"https:\/\/usagers-transports.haut-allier.eu\/index.php\/wp-json\/wp\/v2\/posts\/933\/revisions"}],"wp:featuredmedia":[{"embeddable":true,"href":"https:\/\/usagers-transports.haut-allier.eu\/index.php\/wp-json\/wp\/v2\/media\/4072"}],"wp:attachment":[{"href":"https:\/\/usagers-transports.haut-allier.eu\/index.php\/wp-json\/wp\/v2\/media?parent=933"}],"wp:term":[{"taxonomy":"category","embeddable":true,"href":"https:\/\/usagers-transports.haut-allier.eu\/index.php\/wp-json\/wp\/v2\/categories?post=933"},{"taxonomy":"post_tag","embeddable":true,"href":"https:\/\/usagers-transports.haut-allier.eu\/index.php\/wp-json\/wp\/v2\/tags?post=933"}],"curies":[{"name":"wp","href":"https:\/\/api.w.org\/{rel}","templated":true}]}}