{"id":934,"date":"2022-10-06T07:59:01","date_gmt":"2022-10-06T05:59:01","guid":{"rendered":"http:\/\/5.45.101.177\/haut-allier\/usagers-transportse\/index.php\/2022\/10\/06\/moins-d-heures-d-ouverture-pour934\/"},"modified":"2022-10-06T07:59:01","modified_gmt":"2022-10-06T05:59:01","slug":"moins-d-heures-d-ouverture-pour934","status":"publish","type":"post","link":"https:\/\/usagers-transports.haut-allier.eu\/index.php\/2022\/10\/06\/moins-d-heures-d-ouverture-pour934\/","title":{"rendered":"Moins d&rsquo;heures d&rsquo;ouverture pour les gares SNCF de Retournac et de Chapeauroux [MAJ]"},"content":{"rendered":"<p>La direction de la SNCF vient d&rsquo;annoncer que les gares de Retournac, Haute-Loire, sur la ligne Saint-Etienne Le Puy-en-Velay et de Chapeauroux, Loz\u00e8re, sur la ligne des C\u00e9vennes, seront d\u00e9sormais ouvertes \u00e0 mi-temps : soit 8 heures d&rsquo;ouverture par jour au lieu de 16 heures jusque-l\u00e0. Les gares seront ferm\u00e9es le week-end, contre 7 jours sur 7 auparavant.<br \/>\n&nbsp;<br \/>\nLa CGT Cheminots de Haute-Loire indique : <em>\u00ab\u00a0Cela aura pour cons\u00e9quence la suppression de 4 postes de cheminots sur le d\u00e9partement ; une r\u00e9duction de l\u2019ouverture et la fermeture les week-ends du guichet de Retournac ; une impossibilit\u00e9 aux trains de se croiser en gare de Retournac ou de Chapeauroux, pour r\u00e9duire les retards pendant la p\u00e9riode de fermeture de la gare ; une impossibilit\u00e9 d\u2019avoir des cr\u00e9neaux importants pour effectuer des travaux sur la voie\u00a0\u00bb.<\/em><br \/>\n&nbsp;<br \/>\nLe guichet de la gare de Chapeauroux est d\u00e9j\u00e0 ferm\u00e9 \u00e0 la vente de billets depuis des lustres il n&rsquo;en est pas de m\u00eame \u00e0 Retournac.<br \/>\n&nbsp;<br \/>\n<img loading=\"lazy\" decoding=\"async\" class=\" aligncenter size-full wp-image-4074\" src=\"http:\/\/5.45.101.177\/haut-allier\/usagers-transportse\/wp-content\/uploads\/2022\/10\/screenshot-www.ter_.sncf_.com-2022.10.06-07_39_54.jpg\" alt=\"screenshot-www.ter.sncf.com-2022.10.06-07_39_54.jpg\" align=\"center\" width=\"785\" height=\"442\" srcset=\"https:\/\/usagers-transports.haut-allier.eu\/wp-content\/uploads\/2022\/10\/screenshot-www.ter_.sncf_.com-2022.10.06-07_39_54.jpg 785w, https:\/\/usagers-transports.haut-allier.eu\/wp-content\/uploads\/2022\/10\/screenshot-www.ter_.sncf_.com-2022.10.06-07_39_54-300x169.jpg 300w, https:\/\/usagers-transports.haut-allier.eu\/wp-content\/uploads\/2022\/10\/screenshot-www.ter_.sncf_.com-2022.10.06-07_39_54-768x432.jpg 768w\" sizes=\"auto, (max-width: 785px) 100vw, 785px\" \/><br \/>\n&nbsp;<br \/>\nDonc impact direct sur les services propos\u00e9s aux usagers \u00e0 Retournac.<br \/>\n&nbsp;<br \/>\nNous interrogions sur Twitter le 27 septembre SNCF AuRA sur la signification du message et les objectifs envoy\u00e9s par ces fermetures :<br \/>\n<img loading=\"lazy\" decoding=\"async\" class=\" aligncenter size-full wp-image-4075\" src=\"http:\/\/5.45.101.177\/haut-allier\/usagers-transportse\/wp-content\/uploads\/2022\/10\/capture_d_ecran_2022-10-06_07-48-31.png\" alt=\"capture_d_ecran_2022-10-06_07-48-31.png\" align=\"center\" width=\"258\" height=\"597\" srcset=\"https:\/\/usagers-transports.haut-allier.eu\/wp-content\/uploads\/2022\/10\/capture_d_ecran_2022-10-06_07-48-31.png 258w, https:\/\/usagers-transports.haut-allier.eu\/wp-content\/uploads\/2022\/10\/capture_d_ecran_2022-10-06_07-48-31-130x300.png 130w\" sizes=\"auto, (max-width: 258px) 100vw, 258px\" \/><br \/>\n&nbsp;<br \/>\nEvidemment aucune r\u00e9ponse.<br \/>\n&nbsp;<br \/>\n<strong>Toujours est-il que les cheminots CGT organisent ce jeudi 6 octobre un rassemblement protestatoire devant la gare de Retournac \u00e0 18h30.<\/strong><br \/>\n&nbsp;<br \/>\nUn conseil municipal extraordinaire se tiendra \u00e0 18h45 afin de voter une motion pour ou contre cette d\u00e9cision. la presse sera pr\u00e9sente.<br \/>\n&nbsp;<br \/>\n<em>\u00ab\u00a0A l&rsquo;heure du d\u00e9r\u00e8glement climatique, de l&rsquo;absolue urgence de diminuer drastiquement nos \u00e9missions de CO2, d&rsquo;une inflation galopante et d&rsquo;un prix du p\u00e9trole toujours en hausse, il est suicidaire de r\u00e9duire les services de la SNCF, particuli\u00e8rement dans les milieux ruraux.\u00a0\u00bb<\/em> estime le collectif pour la Lutte des Sucs.<br \/>\n&nbsp;<br \/>\n[fond rouge][blanc][Mise \u00e0 jour du 15 octobre 2022][\/blanc][\/fond rouge]<br \/>\n&nbsp;<br \/>\nDans l&rsquo;Eveil, l&rsquo;organe officiel de L. Wauquiez en Haute-Loire, <a href=\"https:\/\/www.leveil.fr\/retournac-43130\/actualites\/le-president-de-region-annonce-le-maintien-du-guichet-de-la-gare-de-retournac_14201541\/\"><em>\u00ab\u00a0Le pr\u00e9sident de R\u00e9gion annonce le maintien du guichet de la gare de Retournac\u00a0\u00bb<\/em><\/a>. La SNCF ne confirme pas. Pour la gare de Chapeauroux on attendra que la r\u00e9gion AuRA s&rsquo;int\u00e9resse \u00e0 la ligne des C\u00e9vennes.<\/p>\n","protected":false},"excerpt":{"rendered":"<p>La direction de la SNCF vient d&rsquo;annoncer que les gares de Retournac, Haute-Loire, sur la ligne Saint-Etienne Le<\/p>\n","protected":false},"author":1,"featured_media":4073,"comment_status":"open","ping_status":"open","sticky":false,"template":"","format":"standard","meta":{"footnotes":""},"categories":[3],"tags":[],"class_list":["post-934","post","type-post","status-publish","format-standard","has-post-thumbnail","hentry","category-en-train"],"_links":{"self":[{"href":"https:\/\/usagers-transports.haut-allier.eu\/index.php\/wp-json\/wp\/v2\/posts\/934","targetHints":{"allow":["GET"]}}],"collection":[{"href":"https:\/\/usagers-transports.haut-allier.eu\/index.php\/wp-json\/wp\/v2\/posts"}],"about":[{"href":"https:\/\/usagers-transports.haut-allier.eu\/index.php\/wp-json\/wp\/v2\/types\/post"}],"author":[{"embeddable":true,"href":"https:\/\/usagers-transports.haut-allier.eu\/index.php\/wp-json\/wp\/v2\/users\/1"}],"replies":[{"embeddable":true,"href":"https:\/\/usagers-transports.haut-allier.eu\/index.php\/wp-json\/wp\/v2\/comments?post=934"}],"version-history":[{"count":0,"href":"https:\/\/usagers-transports.haut-allier.eu\/index.php\/wp-json\/wp\/v2\/posts\/934\/revisions"}],"wp:featuredmedia":[{"embeddable":true,"href":"https:\/\/usagers-transports.haut-allier.eu\/index.php\/wp-json\/wp\/v2\/media\/4073"}],"wp:attachment":[{"href":"https:\/\/usagers-transports.haut-allier.eu\/index.php\/wp-json\/wp\/v2\/media?parent=934"}],"wp:term":[{"taxonomy":"category","embeddable":true,"href":"https:\/\/usagers-transports.haut-allier.eu\/index.php\/wp-json\/wp\/v2\/categories?post=934"},{"taxonomy":"post_tag","embeddable":true,"href":"https:\/\/usagers-transports.haut-allier.eu\/index.php\/wp-json\/wp\/v2\/tags?post=934"}],"curies":[{"name":"wp","href":"https:\/\/api.w.org\/{rel}","templated":true}]}}