{"id":935,"date":"2022-10-12T17:51:14","date_gmt":"2022-10-12T15:51:14","guid":{"rendered":"http:\/\/5.45.101.177\/haut-allier\/usagers-transportse\/index.php\/2022\/10\/12\/ligne-des-cevennes-sud-prendre-le935\/"},"modified":"2022-10-12T17:51:14","modified_gmt":"2022-10-12T15:51:14","slug":"ligne-des-cevennes-sud-prendre-le935","status":"publish","type":"post","link":"https:\/\/usagers-transports.haut-allier.eu\/index.php\/2022\/10\/12\/ligne-des-cevennes-sud-prendre-le935\/","title":{"rendered":"Ligne des C\u00e9vennes sud : prendre le train est un casse-t\u00eate pour les lyc\u00e9ens"},"content":{"rendered":"<p>Faire le choix en Hautes C\u00e9vennes du transport ferroviaire pour les parents des nouveaux lyc\u00e9ens de cette rentr\u00e9e scolaire rel\u00e8ve d\u2019un parcours du combattant. Se constituer en Collectif devient n\u00e9cessaire pour tenter d\u2019y comprendre quelque chose et d\u2019obtenir \u00e0 la fois de la simplification et de l\u2019\u00e9galit\u00e9 de traitement. Ils sont une quinzaine avec leur brevet en poche et pour les \u00be d\u2019entre eux une mention. Des jeunes contents d\u2019entamer leurs \u00e9tudes lyc\u00e9ennes. On les imagine dans le train, matin et soir, toute la semaine. Pouvoir se d\u00e9placer, r\u00e9viser, discuter, s\u2019\u00e9pauler, etc., pendant les 48 minutes de trajet les menant \u00e0 Al\u00e8s (ou Mende pour 2 d\u2019entre eux). Le tout en toute s\u00e9curit\u00e9 et confort.<br \/>\n&nbsp;<br \/>\n[fond rouge][blanc]<b>Des traitements diff\u00e9rents<\/b>[\/blanc][\/fond rouge]<\/p>\n<p>Mais pour cela, leurs parents doivent prendre pour eux, leurs billets pour chaque jour de chaque semaine. Il ne faut pas les \u00e9garer. Il ne faut pas se tromper de billet car ils sont dat\u00e9s. Une erreur a valu 50 \u20ac d\u2019amende et 50 \u20ac de frais de dossier \u00e0 l\u2019un d\u2019entre eux ! Une maman a re\u00e7u, elle, 3 cartes. Une autre, de Vialas en Loz\u00e8re, a une carte SNCF pour son fils et n\u2019a pas besoin de billets et c\u2019est gratuit. Idem pour une lyc\u00e9enne pour Mende.<br \/>\n&nbsp;<br \/>\n<img loading=\"lazy\" decoding=\"async\" class=\" aligncenter size-full wp-image-4077\" src=\"http:\/\/5.45.101.177\/haut-allier\/usagers-transportse\/wp-content\/uploads\/2022\/10\/imageml.jpg\" alt=\"imageml.jpg\" align=\"center\" width=\"885\" height=\"500\" srcset=\"https:\/\/usagers-transports.haut-allier.eu\/wp-content\/uploads\/2022\/10\/imageml.jpg 885w, https:\/\/usagers-transports.haut-allier.eu\/wp-content\/uploads\/2022\/10\/imageml-300x169.jpg 300w, https:\/\/usagers-transports.haut-allier.eu\/wp-content\/uploads\/2022\/10\/imageml-768x434.jpg 768w\" sizes=\"auto, (max-width: 885px) 100vw, 885px\" \/><\/p>\n<p>Le collectif a \u00e9crit au service d\u2019Al\u00e8s Agglom\u00e9ration et aux \u00e9lus concern\u00e9s. Il a sollicit\u00e9 le soutien du Comit\u00e9 de d\u00e9fense des services publics. Avec son aide, les parents d\u00e9couvrent avec ahurissement 3 situations diff\u00e9rentes : ceux habitant les Hautes C\u00e9vennes appartenant \u00e0 l\u2019Agglom\u00e9ration et allant au lyc\u00e9e d\u2019Al\u00e8s, ceux habitant en Loz\u00e8re mais allant au lyc\u00e9e d\u2019Al\u00e8s et enfin, ceux habitant les Hautes C\u00e9vennes et allant dans un lyc\u00e9e de Loz\u00e8re (pour tous, en Occitanie) ! D\u2019o\u00f9 3 traitements diff\u00e9rents !<br \/>\n&nbsp;<br \/>\nIls ont le soutien du Conseiller d\u00e9partemental. Interrog\u00e9, le vice-pr\u00e9sident de la R\u00e9gion Occitanie (qui accorde la gratuit\u00e9 du transport) \u00e9voque le choix politique des agglom\u00e9rations gardoises qui ont voulu conserver la comp\u00e9tence Transports&#8230; En attendant : gratuit\u00e9 totale pour quelques lyc\u00e9ens hauts c\u00e9venols, tarifs SNCF Formule pour Jeunes pour d\u2019autres en l\u2019absence de Convention Agglom\u00e9ration-SNCF&#8230;, avance obligatoire pour les parents de tous les billets du trimestre, rembours\u00e9s en janvier 2023, leur a-t-il \u00e9t\u00e9 dit.<br \/>\n&nbsp;<br \/>\n<em>[ <a href=\"https:\/\/www.midilibre.fr\/2022\/10\/12\/prendre-le-train-un-casse-tete-pour-les-nouveaux-lyceens-10729796.php\">source : Midi Libre 12 octobre 2022 <\/a> ]<\/em><br \/>\n&nbsp;<br \/>\nComme quoi le train c&rsquo;est complexe m\u00eame quand on a des hommes politiques qui essaient de faire au mieux&#8230; ou qui prennent des mesures se contredisant les unes les autres. Harmonie qu&rsquo;on vous dit. Et encore heureusement qu&rsquo;on est dans la m\u00eame r\u00e9gion. Imaginez&#8230;<\/p>\n","protected":false},"excerpt":{"rendered":"<p>Faire le choix en Hautes C\u00e9vennes du transport ferroviaire pour les parents des nouveaux lyc\u00e9ens de cette rentr\u00e9e<\/p>\n","protected":false},"author":1,"featured_media":4076,"comment_status":"open","ping_status":"open","sticky":false,"template":"","format":"standard","meta":{"footnotes":""},"categories":[2],"tags":[],"class_list":["post-935","post","type-post","status-publish","format-standard","has-post-thumbnail","hentry","category-infos"],"_links":{"self":[{"href":"https:\/\/usagers-transports.haut-allier.eu\/index.php\/wp-json\/wp\/v2\/posts\/935","targetHints":{"allow":["GET"]}}],"collection":[{"href":"https:\/\/usagers-transports.haut-allier.eu\/index.php\/wp-json\/wp\/v2\/posts"}],"about":[{"href":"https:\/\/usagers-transports.haut-allier.eu\/index.php\/wp-json\/wp\/v2\/types\/post"}],"author":[{"embeddable":true,"href":"https:\/\/usagers-transports.haut-allier.eu\/index.php\/wp-json\/wp\/v2\/users\/1"}],"replies":[{"embeddable":true,"href":"https:\/\/usagers-transports.haut-allier.eu\/index.php\/wp-json\/wp\/v2\/comments?post=935"}],"version-history":[{"count":0,"href":"https:\/\/usagers-transports.haut-allier.eu\/index.php\/wp-json\/wp\/v2\/posts\/935\/revisions"}],"wp:featuredmedia":[{"embeddable":true,"href":"https:\/\/usagers-transports.haut-allier.eu\/index.php\/wp-json\/wp\/v2\/media\/4076"}],"wp:attachment":[{"href":"https:\/\/usagers-transports.haut-allier.eu\/index.php\/wp-json\/wp\/v2\/media?parent=935"}],"wp:term":[{"taxonomy":"category","embeddable":true,"href":"https:\/\/usagers-transports.haut-allier.eu\/index.php\/wp-json\/wp\/v2\/categories?post=935"},{"taxonomy":"post_tag","embeddable":true,"href":"https:\/\/usagers-transports.haut-allier.eu\/index.php\/wp-json\/wp\/v2\/tags?post=935"}],"curies":[{"name":"wp","href":"https:\/\/api.w.org\/{rel}","templated":true}]}}