{"id":936,"date":"2022-10-14T09:19:52","date_gmt":"2022-10-14T07:19:52","guid":{"rendered":"http:\/\/5.45.101.177\/haut-allier\/usagers-transportse\/index.php\/2022\/10\/14\/evocation-du-ferroviaire-en936\/"},"modified":"2022-10-14T09:19:52","modified_gmt":"2022-10-14T07:19:52","slug":"evocation-du-ferroviaire-en936","status":"publish","type":"post","link":"https:\/\/usagers-transports.haut-allier.eu\/index.php\/2022\/10\/14\/evocation-du-ferroviaire-en936\/","title":{"rendered":"Evocation du ferroviaire en Auvergne par le pr\u00e9fet Fran\u00e7ois Philizot \u00e0 Orbimob 2022"},"content":{"rendered":"<p>Se tenaient ces derniers jours \u00e0 Clermont-Ferrand les rencontres Orbimob et la derni\u00e8re apr\u00e8s-midi \u00e9tait consacr\u00e9e au ferroviaire. L&rsquo;invit\u00e9 en \u00e9tait le pr\u00e9fet Fran\u00e7ois Philizot qui fut notamment d\u00e9l\u00e9gu\u00e9 interminist\u00e9riel au d\u00e9veloppement de la vall\u00e9e de la Seine entre 2013 et juin 2021 et est actuellement inspecteur g\u00e9n\u00e9ral de l&rsquo;administration. Un sp\u00e9cialiste reconnu du train, r\u00e9put\u00e9 tr\u00e8s \u00e0 l&rsquo;\u00e9coute.<br \/>\n&nbsp;<br \/>\n<img loading=\"lazy\" decoding=\"async\" class=\" aligncenter size-full wp-image-4079\" src=\"http:\/\/5.45.101.177\/haut-allier\/usagers-transportse\/wp-content\/uploads\/2022\/10\/2000-img_20221013_140635_606.jpg\" alt=\"2000-img_20221013_140635_606.jpg\" align=\"center\" width=\"2000\" height=\"1125\" srcset=\"https:\/\/usagers-transports.haut-allier.eu\/wp-content\/uploads\/2022\/10\/2000-img_20221013_140635_606.jpg 2000w, https:\/\/usagers-transports.haut-allier.eu\/wp-content\/uploads\/2022\/10\/2000-img_20221013_140635_606-300x169.jpg 300w, https:\/\/usagers-transports.haut-allier.eu\/wp-content\/uploads\/2022\/10\/2000-img_20221013_140635_606-1024x576.jpg 1024w, https:\/\/usagers-transports.haut-allier.eu\/wp-content\/uploads\/2022\/10\/2000-img_20221013_140635_606-768x432.jpg 768w, https:\/\/usagers-transports.haut-allier.eu\/wp-content\/uploads\/2022\/10\/2000-img_20221013_140635_606-1536x864.jpg 1536w\" sizes=\"auto, (max-width: 2000px) 100vw, 2000px\" \/><br \/>\n&nbsp;<br \/>\nApr\u00e8s un retour historique sur le r\u00e9seau ferr\u00e9 auvergnat par le professeur Fr\u00e9d\u00e9ric Faucon de l&rsquo;Universit\u00e9 Clermont Auvergne, ce fut au tour du pr\u00e9fet d&rsquo;intervenir. Nous vous en proposons l&rsquo;introduction en audio. N\u00e9anmoins aucune nouvelle info que nous ne connaissions d\u00e9j\u00e0.<br \/>\n&nbsp;<br \/>\n<a href=\"http:\/\/5.45.101.177\/haut-allier\/usagers-transportse\/wp-content\/uploads\/2022\/10\/2022-10-13-philizot.mp3\">2022-10-13-philizot.mp3<\/a><br \/>\n&nbsp;<\/p>\n","protected":false},"excerpt":{"rendered":"<p>Se tenaient ces derniers jours \u00e0 Clermont-Ferrand les rencontres Orbimob et la derni\u00e8re apr\u00e8s-midi \u00e9tait consacr\u00e9e au ferroviaire.<\/p>\n","protected":false},"author":1,"featured_media":4078,"comment_status":"open","ping_status":"open","sticky":false,"template":"","format":"standard","meta":{"footnotes":""},"categories":[2],"tags":[],"class_list":["post-936","post","type-post","status-publish","format-standard","has-post-thumbnail","hentry","category-infos"],"_links":{"self":[{"href":"https:\/\/usagers-transports.haut-allier.eu\/index.php\/wp-json\/wp\/v2\/posts\/936","targetHints":{"allow":["GET"]}}],"collection":[{"href":"https:\/\/usagers-transports.haut-allier.eu\/index.php\/wp-json\/wp\/v2\/posts"}],"about":[{"href":"https:\/\/usagers-transports.haut-allier.eu\/index.php\/wp-json\/wp\/v2\/types\/post"}],"author":[{"embeddable":true,"href":"https:\/\/usagers-transports.haut-allier.eu\/index.php\/wp-json\/wp\/v2\/users\/1"}],"replies":[{"embeddable":true,"href":"https:\/\/usagers-transports.haut-allier.eu\/index.php\/wp-json\/wp\/v2\/comments?post=936"}],"version-history":[{"count":0,"href":"https:\/\/usagers-transports.haut-allier.eu\/index.php\/wp-json\/wp\/v2\/posts\/936\/revisions"}],"wp:featuredmedia":[{"embeddable":true,"href":"https:\/\/usagers-transports.haut-allier.eu\/index.php\/wp-json\/wp\/v2\/media\/4078"}],"wp:attachment":[{"href":"https:\/\/usagers-transports.haut-allier.eu\/index.php\/wp-json\/wp\/v2\/media?parent=936"}],"wp:term":[{"taxonomy":"category","embeddable":true,"href":"https:\/\/usagers-transports.haut-allier.eu\/index.php\/wp-json\/wp\/v2\/categories?post=936"},{"taxonomy":"post_tag","embeddable":true,"href":"https:\/\/usagers-transports.haut-allier.eu\/index.php\/wp-json\/wp\/v2\/tags?post=936"}],"curies":[{"name":"wp","href":"https:\/\/api.w.org\/{rel}","templated":true}]}}