{"id":937,"date":"2022-10-15T08:48:27","date_gmt":"2022-10-15T06:48:27","guid":{"rendered":"http:\/\/5.45.101.177\/haut-allier\/usagers-transportse\/index.php\/2022\/10\/15\/a-saint-etienne-chateaucreux-des937\/"},"modified":"2022-10-15T08:48:27","modified_gmt":"2022-10-15T06:48:27","slug":"a-saint-etienne-chateaucreux-des937","status":"publish","type":"post","link":"https:\/\/usagers-transports.haut-allier.eu\/index.php\/2022\/10\/15\/a-saint-etienne-chateaucreux-des937\/","title":{"rendered":"A Saint-Etienne Chateaucreux des correspondances TER Auvergne Rh\u00f4ne Alpes mal assur\u00e9es"},"content":{"rendered":"<p>Nous en parlions dans notre r\u00e9cent <a href=\"https:\/\/usagers-transports.haut-allier.eu\/?ligne-ter-le-puy-en-velay-st,932\"><em>article<\/em><\/a> concernant les dysfonctionnements de la ligne Saint-Etienne Le Puy en Velay, alors que les temps pr\u00e9vus sont plut\u00f4t larges, les correspondances ont du mal \u00e0 \u00eatre assur\u00e9es et pour cause : la r\u00e9gion Auvergne Rh\u00f4ne Alpes ordonne aux agents de faire partir les TER aux heures strictement pr\u00e9vues m\u00eame en cas de l\u00e9gers retards. Ainsi tr\u00e8s fr\u00e9quemment les voyageurs de Lyon ratent leur correspondance.<br \/>\n&nbsp;<br \/>\n[fond rouge][blanc]<strong>Un t\u00e9moignage d&rsquo;\u00e9tudiants \u00e9difiant<\/strong>[\/blanc][\/fond rouge]<br \/>\n&nbsp;<br \/>\nVoici l&rsquo;\u00e9change par messages entre deux usagers qui suivent leurs cours \u00e0 Lyon et Paris :<\/p>\n<p><img loading=\"lazy\" decoding=\"async\" class=\" aligncenter size-full wp-image-4082\" src=\"http:\/\/5.45.101.177\/haut-allier\/usagers-transportse\/wp-content\/uploads\/2022\/10\/signal-2022-10-10-171603.jpg\" alt=\"signal-2022-10-10-171603.jpg\" align=\"center\" width=\"885\" height=\"1254\" srcset=\"https:\/\/usagers-transports.haut-allier.eu\/wp-content\/uploads\/2022\/10\/signal-2022-10-10-171603.jpg 885w, https:\/\/usagers-transports.haut-allier.eu\/wp-content\/uploads\/2022\/10\/signal-2022-10-10-171603-212x300.jpg 212w, https:\/\/usagers-transports.haut-allier.eu\/wp-content\/uploads\/2022\/10\/signal-2022-10-10-171603-723x1024.jpg 723w, https:\/\/usagers-transports.haut-allier.eu\/wp-content\/uploads\/2022\/10\/signal-2022-10-10-171603-768x1088.jpg 768w\" sizes=\"auto, (max-width: 885px) 100vw, 885px\" \/><\/p>\n<p><em>\u00ab\u00a0Mon ami a loup\u00e9 sa correspondance \u00e0 1 minute pr\u00e8s et le train n\u2019a pas attendu, et en gare de St-Etienne ils disent qu\u2019ils doivent ob\u00e9ir \u00e0 la r\u00e9gion et ne plus assurer la correspondance ! La correspondance est presque jamais assur\u00e9e. Je voulais juste partager un \u00e9v\u00e9nement quotidien des voyageurs.\u00a0\u00bb<\/em><br \/>\n&nbsp;<\/p>\n<p>[fond rouge][blanc]<strong>De l&rsquo;int\u00e9r\u00eat de partir une minute avant alors que le train se dirige vers une destination terminus<\/strong>[\/blanc][\/fond rouge]<\/p>\n<p><img loading=\"lazy\" decoding=\"async\" class=\" aligncenter size-full wp-image-4083\" src=\"http:\/\/5.45.101.177\/haut-allier\/usagers-transportse\/wp-content\/uploads\/2022\/10\/extrait-fiche-horairen.jpg\" alt=\"extrait-fiche-horairen.jpg\" align=\"center\" width=\"1295\" height=\"1425\" srcset=\"https:\/\/usagers-transports.haut-allier.eu\/wp-content\/uploads\/2022\/10\/extrait-fiche-horairen.jpg 1295w, https:\/\/usagers-transports.haut-allier.eu\/wp-content\/uploads\/2022\/10\/extrait-fiche-horairen-273x300.jpg 273w, https:\/\/usagers-transports.haut-allier.eu\/wp-content\/uploads\/2022\/10\/extrait-fiche-horairen-931x1024.jpg 931w, https:\/\/usagers-transports.haut-allier.eu\/wp-content\/uploads\/2022\/10\/extrait-fiche-horairen-768x845.jpg 768w\" sizes=\"auto, (max-width: 1295px) 100vw, 1295px\" \/><br \/>\n&nbsp;<br \/>\nLes temps de correspondance pour changer de train sont pourtant larges : de 6 minutes minimum \u00e0 plus de 30 minutes. De quoi effectuer son changement \u00e0 l&rsquo;aise. Mais si les trains venant de Lyon ont du retard on ne comprend pas pourquoi les consignes sont de quoi qu&rsquo;il arrive de ne pas les attendre pour faire d\u00e9marrer les TER pour le Puy, destination finale ! Le retard de quelques minutes semble rattrapable sur cette ligne r\u00e9nov\u00e9e de bout en bout. <\/p>\n","protected":false},"excerpt":{"rendered":"<p>Nous en parlions dans notre r\u00e9cent article concernant les dysfonctionnements de la ligne Saint-Etienne Le Puy en Velay,<\/p>\n","protected":false},"author":1,"featured_media":4081,"comment_status":"open","ping_status":"open","sticky":false,"template":"","format":"standard","meta":{"footnotes":""},"categories":[3],"tags":[],"class_list":["post-937","post","type-post","status-publish","format-standard","has-post-thumbnail","hentry","category-en-train"],"_links":{"self":[{"href":"https:\/\/usagers-transports.haut-allier.eu\/index.php\/wp-json\/wp\/v2\/posts\/937","targetHints":{"allow":["GET"]}}],"collection":[{"href":"https:\/\/usagers-transports.haut-allier.eu\/index.php\/wp-json\/wp\/v2\/posts"}],"about":[{"href":"https:\/\/usagers-transports.haut-allier.eu\/index.php\/wp-json\/wp\/v2\/types\/post"}],"author":[{"embeddable":true,"href":"https:\/\/usagers-transports.haut-allier.eu\/index.php\/wp-json\/wp\/v2\/users\/1"}],"replies":[{"embeddable":true,"href":"https:\/\/usagers-transports.haut-allier.eu\/index.php\/wp-json\/wp\/v2\/comments?post=937"}],"version-history":[{"count":0,"href":"https:\/\/usagers-transports.haut-allier.eu\/index.php\/wp-json\/wp\/v2\/posts\/937\/revisions"}],"wp:featuredmedia":[{"embeddable":true,"href":"https:\/\/usagers-transports.haut-allier.eu\/index.php\/wp-json\/wp\/v2\/media\/4081"}],"wp:attachment":[{"href":"https:\/\/usagers-transports.haut-allier.eu\/index.php\/wp-json\/wp\/v2\/media?parent=937"}],"wp:term":[{"taxonomy":"category","embeddable":true,"href":"https:\/\/usagers-transports.haut-allier.eu\/index.php\/wp-json\/wp\/v2\/categories?post=937"},{"taxonomy":"post_tag","embeddable":true,"href":"https:\/\/usagers-transports.haut-allier.eu\/index.php\/wp-json\/wp\/v2\/tags?post=937"}],"curies":[{"name":"wp","href":"https:\/\/api.w.org\/{rel}","templated":true}]}}