{"id":938,"date":"2022-10-15T11:33:10","date_gmt":"2022-10-15T09:33:10","guid":{"rendered":"http:\/\/5.45.101.177\/haut-allier\/usagers-transportse\/index.php\/2022\/10\/15\/gare-de-chamborigaud-sur-la-ligne938\/"},"modified":"2022-10-15T11:33:10","modified_gmt":"2022-10-15T09:33:10","slug":"gare-de-chamborigaud-sur-la-ligne938","status":"publish","type":"post","link":"https:\/\/usagers-transports.haut-allier.eu\/index.php\/2022\/10\/15\/gare-de-chamborigaud-sur-la-ligne938\/","title":{"rendered":"Gare de Chamborigaud sur la ligne des C\u00e9vennes : le comit\u00e9 de d\u00e9fense des services publics hausse le ton"},"content":{"rendered":"<p>Eternel grief que les citoyens de la ligne N\u00eemes Clermont-Ferrand et particuli\u00e8rement entre Al\u00e8s et Brioude ne cessent d&rsquo;adresser \u00e0 la SNCF, que ce soit en partie occitane ou en partie Auvergne Rh\u00f4ne Alpes : le d\u00e9sint\u00e9r\u00eat persistant des usagers des gares et haltes de montagne par leur gestionnaire historique.<br \/>\n&nbsp;<br \/>\nAinsi zoom sur Chamborigaud et sa gare ouverte en 1867 et ferm\u00e9e il y a plusieurs ann\u00e9es en catimini (puisque impossible d&rsquo;acc\u00e9der facilement \u00e0 l&rsquo;ann\u00e9e de fermeture des b\u00e2timents aux voyageurs). Elle est d\u00e9sormais remplac\u00e9e par une halte, un \u00ab\u00a0point d&rsquo;arr\u00eat non g\u00e9r\u00e9\u00a0\u00bb (PANG) \u00e0 entr\u00e9e libre.<br \/>\n&nbsp;<br \/>\n<img loading=\"lazy\" decoding=\"async\" class=\" aligncenter size-full wp-image-4085\" src=\"http:\/\/5.45.101.177\/haut-allier\/usagers-transportse\/wp-content\/uploads\/2022\/10\/screenshot-www.geoportail.gouv_.fr-2022.10.15-11_09_28.jpg\" alt=\"screenshot-www.geoportail.gouv.fr-2022.10.15-11_09_28.jpg\" align=\"center\" width=\"751\" height=\"471\" srcset=\"https:\/\/usagers-transports.haut-allier.eu\/wp-content\/uploads\/2022\/10\/screenshot-www.geoportail.gouv_.fr-2022.10.15-11_09_28.jpg 751w, https:\/\/usagers-transports.haut-allier.eu\/wp-content\/uploads\/2022\/10\/screenshot-www.geoportail.gouv_.fr-2022.10.15-11_09_28-300x188.jpg 300w\" sizes=\"auto, (max-width: 751px) 100vw, 751px\" \/><br \/>\n&nbsp;<br \/>\nPlusieurs dysfonctionnements ont \u00e9t\u00e9 signal\u00e9s les ann\u00e9es pr\u00e9c\u00e9dentes par le Comit\u00e9 de d\u00e9fense des services publics en hautes C\u00e9vennes, derni\u00e8rement <a href=\"https:\/\/usagers-transports.haut-allier.eu\/?ligne-du-train-cevenol-pendant-les,878\"><em>la non desserte de la gare par les bus de substitution<\/em><\/a>,<br \/>\n&nbsp;<br \/>\nUn incident parmi d&rsquo;autres mais point de corrections. D\u00e9roul\u00e9 du dernier signalement :<br \/>\n&nbsp;<br \/>\nLe 10 octobre, Jean-Claude, usager vigilant :<br \/>\n&nbsp;<br \/>\n<em>Lundi 10 octobre. Vers 11h30, ce car, en direction d&rsquo;Ales, s&rsquo;arr\u00eate en bas de la gare de Chamborigaud. Apr\u00e8s avoir klaxonn\u00e9 sur le pont, il s&rsquo;est d\u00e9port\u00e9 \u00e0 gauche en sens inverse de la circulation&#8230; une personne descend en courant de la gare&#8230;<\/em><br \/>\n&nbsp;<br \/>\n<img loading=\"lazy\" decoding=\"async\" class=\" aligncenter size-full wp-image-4086\" src=\"http:\/\/5.45.101.177\/haut-allier\/usagers-transportse\/wp-content\/uploads\/2022\/10\/20221010_114710.jpg\" alt=\"20221010_114710.jpg\" align=\"center\" width=\"1510\" height=\"1346\" srcset=\"https:\/\/usagers-transports.haut-allier.eu\/wp-content\/uploads\/2022\/10\/20221010_114710.jpg 1510w, https:\/\/usagers-transports.haut-allier.eu\/wp-content\/uploads\/2022\/10\/20221010_114710-300x267.jpg 300w, https:\/\/usagers-transports.haut-allier.eu\/wp-content\/uploads\/2022\/10\/20221010_114710-1024x913.jpg 1024w, https:\/\/usagers-transports.haut-allier.eu\/wp-content\/uploads\/2022\/10\/20221010_114710-768x685.jpg 768w\" sizes=\"auto, (max-width: 1510px) 100vw, 1510px\" \/><br \/>\n&nbsp;<br \/>\nLe 12 octobre :<br \/>\n&nbsp;<br \/>\n<em>De nouveau, ce mercredi mati, le car Scmhitt de 11h35 en direction d&rsquo;Al\u00e8s s&rsquo;est arr\u00eat\u00e9 en bas de la gare apr\u00e8s avoir klaxonn\u00e9.<\/em><br \/>\n&nbsp;<br \/>\nLe 13 octobre :<br \/>\n&nbsp;<br \/>\n<em>Le car Schmitt de 11h25 pour Al\u00e8s est bien mont\u00e9 \u00e0 la gare (en marche arri\u00e8re !!!). Par contre cet horaire (11h25) affich\u00e9 sur le tableau lumineux ne correspond en rien aux horaires que j&rsquo;avais t\u00e9l\u00e9charg\u00e9 sur le site SNCF.<br \/>\n[&#8230;]<br \/>\nLes horaires des cars de substitution sont erratiques par rapport aux horaires de la p\u00e9riode du 2\/7 au 10\/12\/2022 qui avaient \u00e9t\u00e9 publi\u00e9s sur Internet par la SNCF. Sur SNCF Connect on indique trains et cars pour demain. La ligne est-elle compl\u00e8tement en travaux ou bien circulation hybride trains et cars ? Les informations en gare de Chamborigaud sont lamentables. Voici les photos.<br \/>\n&nbsp;<br \/>\nL&rsquo;horaire du car (11h21) ne correspond en aucune mani\u00e8re \u00e0 l&rsquo;horaire normal (10h49)<br \/>\n<img loading=\"lazy\" decoding=\"async\" class=\" aligncenter size-full wp-image-4087\" src=\"http:\/\/5.45.101.177\/haut-allier\/usagers-transportse\/wp-content\/uploads\/2022\/10\/photo_1-2.jpg\" alt=\"photo_1-2.jpg\" align=\"center\" width=\"2041\" height=\"1562\" srcset=\"https:\/\/usagers-transports.haut-allier.eu\/wp-content\/uploads\/2022\/10\/photo_1-2.jpg 2041w, https:\/\/usagers-transports.haut-allier.eu\/wp-content\/uploads\/2022\/10\/photo_1-2-300x230.jpg 300w, https:\/\/usagers-transports.haut-allier.eu\/wp-content\/uploads\/2022\/10\/photo_1-2-1024x784.jpg 1024w, https:\/\/usagers-transports.haut-allier.eu\/wp-content\/uploads\/2022\/10\/photo_1-2-768x588.jpg 768w, https:\/\/usagers-transports.haut-allier.eu\/wp-content\/uploads\/2022\/10\/photo_1-2-1536x1176.jpg 1536w\" sizes=\"auto, (max-width: 2041px) 100vw, 2041px\" \/><br \/>\n&nbsp;<br \/>\nA droite l&rsquo;affiche des horaires obsol\u00e8tes (18 juin &#8211; 1er juillet 2022 !!!) recouvre partiellement l&rsquo;affiche de gauche (horaires 2 juillet &#8211; 10 d\u00e9cembre 2022) masquant ainsi certaines informations. En haut \u00e0 gauche : \u00ab\u00a0Plan de situation\u00a0\u00bb : aucune indication sur les lieux d&#8217;embarquement des voyageurs en cas de cars de substitution. Cette information ne figure nulle part ailleurs dans la gare.<br \/>\n<img loading=\"lazy\" decoding=\"async\" class=\" aligncenter size-full wp-image-4088\" src=\"http:\/\/5.45.101.177\/haut-allier\/usagers-transportse\/wp-content\/uploads\/2022\/10\/photo_2-2.jpg\" alt=\"photo_2-2.jpg\" align=\"center\" width=\"1657\" height=\"2204\" srcset=\"https:\/\/usagers-transports.haut-allier.eu\/wp-content\/uploads\/2022\/10\/photo_2-2.jpg 1657w, https:\/\/usagers-transports.haut-allier.eu\/wp-content\/uploads\/2022\/10\/photo_2-2-226x300.jpg 226w, https:\/\/usagers-transports.haut-allier.eu\/wp-content\/uploads\/2022\/10\/photo_2-2-770x1024.jpg 770w, https:\/\/usagers-transports.haut-allier.eu\/wp-content\/uploads\/2022\/10\/photo_2-2-768x1022.jpg 768w, https:\/\/usagers-transports.haut-allier.eu\/wp-content\/uploads\/2022\/10\/photo_2-2-1155x1536.jpg 1155w, https:\/\/usagers-transports.haut-allier.eu\/wp-content\/uploads\/2022\/10\/photo_2-2-1540x2048.jpg 1540w\" sizes=\"auto, (max-width: 1657px) 100vw, 1657px\" \/><br \/>\n&nbsp;<br \/>\nInformation lacunaire, la possibilit\u00e9 d&rsquo;acheter son billet par t\u00e9l\u00e9phone sans passer par l&rsquo;appli est absente : anomalie totale !<br \/>\n<img loading=\"lazy\" decoding=\"async\" class=\" aligncenter size-full wp-image-4089\" src=\"http:\/\/5.45.101.177\/haut-allier\/usagers-transportse\/wp-content\/uploads\/2022\/10\/photo_3-2-scaled.jpg\" alt=\"photo_3-2.jpg\" align=\"center\" width=\"2560\" height=\"1966\" srcset=\"https:\/\/usagers-transports.haut-allier.eu\/wp-content\/uploads\/2022\/10\/photo_3-2-scaled.jpg 2560w, https:\/\/usagers-transports.haut-allier.eu\/wp-content\/uploads\/2022\/10\/photo_3-2-300x230.jpg 300w, https:\/\/usagers-transports.haut-allier.eu\/wp-content\/uploads\/2022\/10\/photo_3-2-1024x786.jpg 1024w, https:\/\/usagers-transports.haut-allier.eu\/wp-content\/uploads\/2022\/10\/photo_3-2-768x590.jpg 768w, https:\/\/usagers-transports.haut-allier.eu\/wp-content\/uploads\/2022\/10\/photo_3-2-1536x1179.jpg 1536w, https:\/\/usagers-transports.haut-allier.eu\/wp-content\/uploads\/2022\/10\/photo_3-2-2048x1573.jpg 2048w\" sizes=\"auto, (max-width: 2560px) 100vw, 2560px\" \/><br \/>\n&nbsp;<br \/>\nLes horaires d&rsquo;ouverture du guichet de la gare de G\u00e9nolhac sont- ils \u00e0 jour ????<br \/>\n<img loading=\"lazy\" decoding=\"async\" class=\" aligncenter size-full wp-image-4090\" src=\"http:\/\/5.45.101.177\/haut-allier\/usagers-transportse\/wp-content\/uploads\/2022\/10\/photo_4-2-scaled.jpg\" alt=\"photo_4-2.jpg\" align=\"center\" width=\"2560\" height=\"1849\" srcset=\"https:\/\/usagers-transports.haut-allier.eu\/wp-content\/uploads\/2022\/10\/photo_4-2-scaled.jpg 2560w, https:\/\/usagers-transports.haut-allier.eu\/wp-content\/uploads\/2022\/10\/photo_4-2-300x217.jpg 300w, https:\/\/usagers-transports.haut-allier.eu\/wp-content\/uploads\/2022\/10\/photo_4-2-1024x739.jpg 1024w, https:\/\/usagers-transports.haut-allier.eu\/wp-content\/uploads\/2022\/10\/photo_4-2-768x555.jpg 768w, https:\/\/usagers-transports.haut-allier.eu\/wp-content\/uploads\/2022\/10\/photo_4-2-1536x1109.jpg 1536w, https:\/\/usagers-transports.haut-allier.eu\/wp-content\/uploads\/2022\/10\/photo_4-2-2048x1479.jpg 2048w\" sizes=\"auto, (max-width: 2560px) 100vw, 2560px\" \/><br \/>\n&nbsp;<br \/>\nCet abribus qui sert d&rsquo;arr\u00eat pour les cars de substitution dans le sens N\u00eemes-Clermont d\u00e9pend-il de la SNCF ? En tout cas aucune information !<br \/>\n<img loading=\"lazy\" decoding=\"async\" class=\" aligncenter size-full wp-image-4091\" src=\"http:\/\/5.45.101.177\/haut-allier\/usagers-transportse\/wp-content\/uploads\/2022\/10\/photo_5-scaled.jpg\" alt=\"photo_5.jpg\" align=\"center\" width=\"2560\" height=\"1920\" srcset=\"https:\/\/usagers-transports.haut-allier.eu\/wp-content\/uploads\/2022\/10\/photo_5-scaled.jpg 2560w, https:\/\/usagers-transports.haut-allier.eu\/wp-content\/uploads\/2022\/10\/photo_5-300x225.jpg 300w, https:\/\/usagers-transports.haut-allier.eu\/wp-content\/uploads\/2022\/10\/photo_5-1024x768.jpg 1024w, https:\/\/usagers-transports.haut-allier.eu\/wp-content\/uploads\/2022\/10\/photo_5-768x576.jpg 768w, https:\/\/usagers-transports.haut-allier.eu\/wp-content\/uploads\/2022\/10\/photo_5-1536x1152.jpg 1536w, https:\/\/usagers-transports.haut-allier.eu\/wp-content\/uploads\/2022\/10\/photo_5-2048x1536.jpg 2048w\" sizes=\"auto, (max-width: 2560px) 100vw, 2560px\" \/><br \/>\n<\/em><\/p>\n<p>Hommage en clin d&rsquo;oeil \u00e0 l&rsquo;usager attentif et d\u00e9sesp\u00e9r\u00e9 :<br \/>\n<img loading=\"lazy\" decoding=\"async\" class=\" aligncenter size-full wp-image-4092\" src=\"http:\/\/5.45.101.177\/haut-allier\/usagers-transportse\/wp-content\/uploads\/2022\/10\/car.jpg\" alt=\"car.jpg\" align=\"center\" width=\"1280\" height=\"917\" srcset=\"https:\/\/usagers-transports.haut-allier.eu\/wp-content\/uploads\/2022\/10\/car.jpg 1280w, https:\/\/usagers-transports.haut-allier.eu\/wp-content\/uploads\/2022\/10\/car-300x215.jpg 300w, https:\/\/usagers-transports.haut-allier.eu\/wp-content\/uploads\/2022\/10\/car-1024x734.jpg 1024w, https:\/\/usagers-transports.haut-allier.eu\/wp-content\/uploads\/2022\/10\/car-768x550.jpg 768w\" sizes=\"auto, (max-width: 1280px) 100vw, 1280px\" \/><br \/>\n&nbsp;<br \/>\nDonc pas de corrections malgr\u00e9 les nombreux signalements aux service satisfaction client\u00e8le de SNCF Occitanie. Le dernier courrier du Comit\u00e9 tape du poing sur la table et demande de l&rsquo;<strong>anticipation<\/strong> indispensable \u00e0 un fonctionnement normal :<br \/>\n&nbsp;<\/p>\n<blockquote class=\"poesie\">\n<p>Le 14\/10 \u00e0 11h45<\/p>\n<p>Merci pour vos r\u00e9ponses qui vont permettre de rem\u00e9dier sans doute \u00e0 quelques-unes de nos remarques.<\/p>\n<p>Pour autant, et c&rsquo;est bien la ni\u00e8me fois que nous le soulignons : tout dysfonctionnement signal\u00e9 puis corrig\u00e9 et r\u00e9gul\u00e9 doit servir \u00e0 p\u00e9renniser l&rsquo;am\u00e9lioration obtenue !<\/p>\n<p>Pour cela, une seule m\u00e9thode valable l&rsquo;ANTICIPATION.<\/p>\n<p>Celle-ci ne peut \u00eatre efficace que si elle est concert\u00e9e avec l&rsquo;ensemble des partenaires (SNCF dans toutes ses entit\u00e9s, usagers et souvent \u00e9lus).<\/p>\n<p>C&rsquo;est pourquoi, lorsque cela ne s&rsquo;installe pas de fa\u00e7on satisfaisante, c&rsquo;est-\u00e0 dire quand on s&rsquo;aper\u00e7oit que le dispositif (ici, substitution par cars), malgr\u00e9 le bilan positif d&rsquo;une ann\u00e9e pass\u00e9e, n&rsquo;est pas fid\u00e9lis\u00e9 l&rsquo;ann\u00e9e suivante, il faut installer l&rsquo;outil de correction en anticipation. En plus clair, il faut mettre place le contr\u00f4le de la mise en place du dispositif. En r\u00e9flexion collective, on peut trouver de nombreuses fa\u00e7ons de faire. Vous en citez une qui est la tourn\u00e9e. Il faut la d\u00e9finir ensemble et, voire inclure dans le dispositif la pr\u00e9sence des associations (sous la forme de r\u00e9f\u00e9rents \u00e0 solliciter pour v\u00e9rifier la pr\u00e9sence des outils de communications par exemple). On voit bien, quand on a la volont\u00e9 pour un meilleur service, quand on est ouvert \u00e0 la concertation, que l&rsquo;on peut trouver de tr\u00e8s nombreux moyens d&rsquo;anticiper les difficult\u00e9s. Je parle ici de consid\u00e9rer la notion de \u00ab\u00a0r\u00e9f\u00e9rents\u00a0\u00bb de fa\u00e7on r\u00e9ciproque. Vous \u00eates notre r\u00e9f\u00e9rent (c&rsquo;est simplifi\u00e9 mais c&rsquo;est aussi une r\u00e9alit\u00e9 \u00e0 compl\u00e9ter) et nous demandons \u00e0 \u00eatre les v\u00f4tres. Pour cela, il faut bien entendu jouer le jeu de la transparence et de la simplicit\u00e9. L&rsquo;exemple de notre demande constante d&rsquo;avoir acc\u00e8s aux conventions qui lient la SNCF avec les transporteurs est un des plus int\u00e9ressants \u00e0 discuter. C&rsquo;est de cette fa\u00e7on que nous avons si bien travaill\u00e9 pour d\u00e9finir les consignes \u00e0 donner aux conducteurs des bus ! D\u00e9cisions conformes et satisfaisantes pour tous, install\u00e9es une ann\u00e9e mais vite oubli\u00e9es, ballot\u00e9es, soumises aux vents des diff\u00e9rentes crises, les ann\u00e9es qui ont  suivi&#8230; le tout au d\u00e9triment de la s\u00e9curit\u00e9 et des attentes des usagers.<\/p>\n<p>Rem\u00e9dier est bien mais ce n&rsquo;est plus du tout suffisant.<\/p>\n<p>Nous ne renoncerons jamais \u00e0 faire am\u00e9liorer le service d\u00fb aux usagers ni \u00e0 vous proposer nos services l<\/p>\n<p>Nous sommes s\u00fbrs que ce serait une tr\u00e8s bonne base de travail pour la rencontre que nous propose M. Philippe Bru, Directeur, fin octobre-d\u00e9but novembre.<\/p>\n<p>Bien entendu, ces r\u00e9flexions exprim\u00e9es ci-dessus, sont valables pour tous les points relev\u00e9s et auxquels vous r\u00e9pondez.<\/p>\n<p>Poursuivons donc nos \u00e9changes mais donnons leur tr\u00e8s rapidement une concr\u00e9tisation toujours en anticipation !<\/p>\n<p>Merci \u00e0 vous, Monsieur Jacques, de bien vouloir relayer \u00e0 l&rsquo;ensemble de vos Directions car l&rsquo;usager n&rsquo;a pas vocation \u00e0 s&rsquo;adresser aux multiples services cohabitant dans la SNCF.<\/p>\n<p>Nous attendons aussi impatiemment votre tourn\u00e9e pour laquelle nous nous mettons \u00e0 disposition en accompagnement.<\/p>\n<p>Bonne fin de semaine.<\/p>\n<p><em>Andr\u00e9 Joffart pour le Comit\u00e9 de d\u00e9fense des services publics et des usagers dans les hautes C\u00e9vennes<\/em><\/p>\n<p>Derni\u00e8re minute : Madame Bonnefoy, notre Pr\u00e9sidente, vient de m&rsquo;appeler me racontant avoir \u00e9t\u00e9 par hasard en voiture derri\u00e8re le car au m\u00eame horaire que les autres jours et qu&rsquo;\u00e0 nouveau il a effectu\u00e9 la mauvaise manoeuvre ne montant pas \u00e0 la gare ! Voil\u00e0 ! C&rsquo;est un hasard extraordinaire qui vous prouve une fois de plus une situation devenue maintenant totalement inadmissible.<\/p>\n<p>Et croyez surtout que nous sommes extr\u00eamement patients mais que cela ne saurait surtout plus durer.<\/p>\n<p>Je suis d\u00e9sol\u00e9 d&rsquo;avoir \u00e0 abandonner le ton conciliant de ce long \u00e9crit mais ce n&rsquo;est que le reflet d&rsquo;une situation permanente que nous refusons.<\/p>\n<\/blockquote>\n","protected":false},"excerpt":{"rendered":"<p>Eternel grief que les citoyens de la ligne N\u00eemes Clermont-Ferrand et particuli\u00e8rement entre Al\u00e8s et Brioude ne cessent<\/p>\n","protected":false},"author":1,"featured_media":4084,"comment_status":"open","ping_status":"open","sticky":false,"template":"","format":"standard","meta":{"footnotes":""},"categories":[3],"tags":[],"class_list":["post-938","post","type-post","status-publish","format-standard","has-post-thumbnail","hentry","category-en-train"],"_links":{"self":[{"href":"https:\/\/usagers-transports.haut-allier.eu\/index.php\/wp-json\/wp\/v2\/posts\/938","targetHints":{"allow":["GET"]}}],"collection":[{"href":"https:\/\/usagers-transports.haut-allier.eu\/index.php\/wp-json\/wp\/v2\/posts"}],"about":[{"href":"https:\/\/usagers-transports.haut-allier.eu\/index.php\/wp-json\/wp\/v2\/types\/post"}],"author":[{"embeddable":true,"href":"https:\/\/usagers-transports.haut-allier.eu\/index.php\/wp-json\/wp\/v2\/users\/1"}],"replies":[{"embeddable":true,"href":"https:\/\/usagers-transports.haut-allier.eu\/index.php\/wp-json\/wp\/v2\/comments?post=938"}],"version-history":[{"count":0,"href":"https:\/\/usagers-transports.haut-allier.eu\/index.php\/wp-json\/wp\/v2\/posts\/938\/revisions"}],"wp:featuredmedia":[{"embeddable":true,"href":"https:\/\/usagers-transports.haut-allier.eu\/index.php\/wp-json\/wp\/v2\/media\/4084"}],"wp:attachment":[{"href":"https:\/\/usagers-transports.haut-allier.eu\/index.php\/wp-json\/wp\/v2\/media?parent=938"}],"wp:term":[{"taxonomy":"category","embeddable":true,"href":"https:\/\/usagers-transports.haut-allier.eu\/index.php\/wp-json\/wp\/v2\/categories?post=938"},{"taxonomy":"post_tag","embeddable":true,"href":"https:\/\/usagers-transports.haut-allier.eu\/index.php\/wp-json\/wp\/v2\/tags?post=938"}],"curies":[{"name":"wp","href":"https:\/\/api.w.org\/{rel}","templated":true}]}}