{"id":94,"date":"2013-12-05T13:55:24","date_gmt":"2013-12-05T12:55:24","guid":{"rendered":"http:\/\/5.45.101.177\/haut-allier\/usagers-transportse\/index.php\/2013\/12\/05\/nouvelles-rames-coradia-liner-pas094\/"},"modified":"2013-12-05T13:55:24","modified_gmt":"2013-12-05T12:55:24","slug":"nouvelles-rames-coradia-liner-pas094","status":"publish","type":"post","link":"https:\/\/usagers-transports.haut-allier.eu\/index.php\/2013\/12\/05\/nouvelles-rames-coradia-liner-pas094\/","title":{"rendered":"Nouvelles rames Coradia Liner : pas pour le TET C\u00e9venol"},"content":{"rendered":"<p>Ni pour le train Aubrac B\u00e9ziers Millau Clermont non plus. M\u00eame le Train d&rsquo;Equilibre du Territoire Clermont &#8211; Paris ne verra pas son renouvellement avant 2020 ! Vous lisez bien : <strong>2020<\/strong>.<br \/>\n&nbsp;<br \/>\nL&rsquo;\u00e9tat vient de commander 34 rames Coradia Liner au constructeur Alstom pour remplacer tous (?) ses TET. Le Clermont Paris ne fait pas partie de la premi\u00e8re livraison mais pourrait en \u00eatre lors de la deuxi\u00e8me, puisque une nouvelle commande serait pr\u00e9vue pour finaliser la mise \u00e0 l&rsquo;\u00e9cart des vieux Corail avec des livraisons en 2019&#8230;<br \/>\n&nbsp;<br \/>\nAlors les rames Corail du C\u00e9venol de leur c\u00f4t\u00e9 auront bien le temps de tomber en ruines et d&rsquo;\u00eatre refourgu\u00e9es \u00e0 la ferraille. La SNCF d&rsquo;ici l\u00e0 aura eu \u00e0 l&rsquo;usure d\u00e9cideurs des r\u00e9gions et ministres : elle aura impos\u00e9 le d\u00e9classement de la ligne qu&rsquo;elle souhaitait, et l&rsquo;\u00e9ventuel remplacement du C\u00e9venol par des TER. Alors quel besoin de pr\u00e9voir son renouvellement ?<br \/>\n&nbsp;<br \/>\nLe plan des technocrates parisiens est bien huil\u00e9, en oeuvre depuis longtemps, et \u00e0 l&rsquo;\u00e9vidence la soci\u00e9t\u00e9 ferroviaire, euh pardon, de voyages en autocars, le m\u00e9nera bien \u00e0 terme.<br \/>\n&nbsp;<br \/>\n<strong>Mais qu&rsquo;ils ne dorment pas tranquilles ! La longue liste de leurs inactions, de leurs abandons, de leurs traitrises et de leurs mensonges restera grav\u00e9e \u00e0 jamais dans la m\u00e9moire collective des habitants de nos pays.<\/strong><\/p>\n","protected":false},"excerpt":{"rendered":"<p>Ni pour le train Aubrac B\u00e9ziers Millau Clermont non plus. M\u00eame le Train d&rsquo;Equilibre du Territoire Clermont &#8211;<\/p>\n","protected":false},"author":1,"featured_media":1526,"comment_status":"closed","ping_status":"open","sticky":false,"template":"","format":"standard","meta":{"footnotes":""},"categories":[2],"tags":[],"class_list":["post-94","post","type-post","status-publish","format-standard","has-post-thumbnail","hentry","category-infos"],"_links":{"self":[{"href":"https:\/\/usagers-transports.haut-allier.eu\/index.php\/wp-json\/wp\/v2\/posts\/94","targetHints":{"allow":["GET"]}}],"collection":[{"href":"https:\/\/usagers-transports.haut-allier.eu\/index.php\/wp-json\/wp\/v2\/posts"}],"about":[{"href":"https:\/\/usagers-transports.haut-allier.eu\/index.php\/wp-json\/wp\/v2\/types\/post"}],"author":[{"embeddable":true,"href":"https:\/\/usagers-transports.haut-allier.eu\/index.php\/wp-json\/wp\/v2\/users\/1"}],"replies":[{"embeddable":true,"href":"https:\/\/usagers-transports.haut-allier.eu\/index.php\/wp-json\/wp\/v2\/comments?post=94"}],"version-history":[{"count":0,"href":"https:\/\/usagers-transports.haut-allier.eu\/index.php\/wp-json\/wp\/v2\/posts\/94\/revisions"}],"wp:featuredmedia":[{"embeddable":true,"href":"https:\/\/usagers-transports.haut-allier.eu\/index.php\/wp-json\/wp\/v2\/media\/1526"}],"wp:attachment":[{"href":"https:\/\/usagers-transports.haut-allier.eu\/index.php\/wp-json\/wp\/v2\/media?parent=94"}],"wp:term":[{"taxonomy":"category","embeddable":true,"href":"https:\/\/usagers-transports.haut-allier.eu\/index.php\/wp-json\/wp\/v2\/categories?post=94"},{"taxonomy":"post_tag","embeddable":true,"href":"https:\/\/usagers-transports.haut-allier.eu\/index.php\/wp-json\/wp\/v2\/tags?post=94"}],"curies":[{"name":"wp","href":"https:\/\/api.w.org\/{rel}","templated":true}]}}