{"id":941,"date":"2022-10-24T14:34:14","date_gmt":"2022-10-24T12:34:14","guid":{"rendered":"http:\/\/5.45.101.177\/haut-allier\/usagers-transportse\/index.php\/2022\/10\/24\/ligne-des-cevennes-la-gare-de941\/"},"modified":"2022-10-24T14:34:14","modified_gmt":"2022-10-24T12:34:14","slug":"ligne-des-cevennes-la-gare-de941","status":"publish","type":"post","link":"https:\/\/usagers-transports.haut-allier.eu\/index.php\/2022\/10\/24\/ligne-des-cevennes-la-gare-de941\/","title":{"rendered":"Ligne des C\u00e9vennes : la gare de Langogne r\u00e9habilit\u00e9e"},"content":{"rendered":"<p>L&rsquo;inauguration des travaux de mises aux normes d&rsquo;accessibilit\u00e9 de la gare de la cit\u00e9 gargantuesque avait lieu ce lundi matin lors d&rsquo;une chaleureuse c\u00e9r\u00e9monie. 2 quais rehauss\u00e9s, s\u00e9curisation et barri\u00e8res diverses, bandes de guidage pour non-voyants, am\u00e9nagement int\u00e9rieur du hall, c&rsquo;est presque \u00e0 une nouvelle infrastructure que nous avons \u00e0 faire. Pourtant pas de miracles non plus.<br \/>\n&nbsp;<br \/>\nIl aura fallu 5 mois de travaux financ\u00e9s \u00e0 75% par la r\u00e9gion Occitanie et 25% par l&rsquo;Etat. Montant : 1,6 millions d&rsquo;euros.<br \/>\n&nbsp;<br \/>\n<em>Vue d&rsquo;ensemble des travaux<\/em><br \/>\n<img loading=\"lazy\" decoding=\"async\" class=\" aligncenter size-full wp-image-4098\" src=\"http:\/\/5.45.101.177\/haut-allier\/usagers-transportse\/wp-content\/uploads\/2022\/10\/2000-ydxj0789.jpg\" alt=\"2000-ydxj0789.jpg\" align=\"center\" width=\"2000\" height=\"1500\" srcset=\"https:\/\/usagers-transports.haut-allier.eu\/wp-content\/uploads\/2022\/10\/2000-ydxj0789.jpg 2000w, https:\/\/usagers-transports.haut-allier.eu\/wp-content\/uploads\/2022\/10\/2000-ydxj0789-300x225.jpg 300w, https:\/\/usagers-transports.haut-allier.eu\/wp-content\/uploads\/2022\/10\/2000-ydxj0789-1024x768.jpg 1024w, https:\/\/usagers-transports.haut-allier.eu\/wp-content\/uploads\/2022\/10\/2000-ydxj0789-768x576.jpg 768w, https:\/\/usagers-transports.haut-allier.eu\/wp-content\/uploads\/2022\/10\/2000-ydxj0789-1536x1152.jpg 1536w\" sizes=\"auto, (max-width: 2000px) 100vw, 2000px\" \/><br \/>\n<em>Inauguration et coupage de ruban par la repr\u00e9sentante de SNCF Gares et Connexions qui devait annoncer la fin des mises \u00ab\u00a0en accessibilit\u00e9\u00a0\u00bb des gares d&rsquo;Occitanie pour 2025. Qu&rsquo;en sera-t-il pour Auvergne Rh\u00f4ne Alpes ?<\/em><br \/>\n<img loading=\"lazy\" decoding=\"async\" class=\" aligncenter size-full wp-image-4099\" src=\"http:\/\/5.45.101.177\/haut-allier\/usagers-transportse\/wp-content\/uploads\/2022\/10\/2000-ydxj0795.jpg\" alt=\"2000-ydxj0795.jpg\" align=\"center\" width=\"2000\" height=\"1524\" srcset=\"https:\/\/usagers-transports.haut-allier.eu\/wp-content\/uploads\/2022\/10\/2000-ydxj0795.jpg 2000w, https:\/\/usagers-transports.haut-allier.eu\/wp-content\/uploads\/2022\/10\/2000-ydxj0795-300x229.jpg 300w, https:\/\/usagers-transports.haut-allier.eu\/wp-content\/uploads\/2022\/10\/2000-ydxj0795-1024x780.jpg 1024w, https:\/\/usagers-transports.haut-allier.eu\/wp-content\/uploads\/2022\/10\/2000-ydxj0795-768x585.jpg 768w, https:\/\/usagers-transports.haut-allier.eu\/wp-content\/uploads\/2022\/10\/2000-ydxj0795-1536x1170.jpg 1536w\" sizes=\"auto, (max-width: 2000px) 100vw, 2000px\" \/><br \/>\n<em>Le discours du maire de Langogne Marc Oziol avant la prise de parole de Jean-Luc Gibelin Vice pr\u00e9sident charg\u00e9 des mobilit\u00e9s \u00e0 la r\u00e9gion Occitanie.<\/em><br \/>\n<img loading=\"lazy\" decoding=\"async\" class=\" aligncenter size-full wp-image-4100\" src=\"http:\/\/5.45.101.177\/haut-allier\/usagers-transportse\/wp-content\/uploads\/2022\/10\/2000-img_20221024_103917_175.jpg\" alt=\"2000-img_20221024_103917_175.jpg\" align=\"center\" width=\"2000\" height=\"1125\" srcset=\"https:\/\/usagers-transports.haut-allier.eu\/wp-content\/uploads\/2022\/10\/2000-img_20221024_103917_175.jpg 2000w, https:\/\/usagers-transports.haut-allier.eu\/wp-content\/uploads\/2022\/10\/2000-img_20221024_103917_175-300x169.jpg 300w, https:\/\/usagers-transports.haut-allier.eu\/wp-content\/uploads\/2022\/10\/2000-img_20221024_103917_175-1024x576.jpg 1024w, https:\/\/usagers-transports.haut-allier.eu\/wp-content\/uploads\/2022\/10\/2000-img_20221024_103917_175-768x432.jpg 768w, https:\/\/usagers-transports.haut-allier.eu\/wp-content\/uploads\/2022\/10\/2000-img_20221024_103917_175-1536x864.jpg 1536w\" sizes=\"auto, (max-width: 2000px) 100vw, 2000px\" \/><br \/>\n<em>Gibelin qui devait rappeler, entre autres, le succ\u00e8s du dernier week-end \u00e0 un euro sur tout le r\u00e9seau LiO : un nouveau record avec 100 000 billets vendus<\/em><br \/>\n <img loading=\"lazy\" decoding=\"async\" class=\" aligncenter size-full wp-image-4101\" src=\"http:\/\/5.45.101.177\/haut-allier\/usagers-transportse\/wp-content\/uploads\/2022\/10\/vlcsnap-2022-10-24-14h53m05s991.jpg\" alt=\"vlcsnap-2022-10-24-14h53m05s991.jpg\" align=\"center\" width=\"1500\" height=\"1235\" srcset=\"https:\/\/usagers-transports.haut-allier.eu\/wp-content\/uploads\/2022\/10\/vlcsnap-2022-10-24-14h53m05s991.jpg 1500w, https:\/\/usagers-transports.haut-allier.eu\/wp-content\/uploads\/2022\/10\/vlcsnap-2022-10-24-14h53m05s991-300x247.jpg 300w, https:\/\/usagers-transports.haut-allier.eu\/wp-content\/uploads\/2022\/10\/vlcsnap-2022-10-24-14h53m05s991-1024x843.jpg 1024w, https:\/\/usagers-transports.haut-allier.eu\/wp-content\/uploads\/2022\/10\/vlcsnap-2022-10-24-14h53m05s991-768x632.jpg 768w\" sizes=\"auto, (max-width: 1500px) 100vw, 1500px\" \/><br \/>\n<em>Photo des acteurs principaux de cette r\u00e9novation<\/em><br \/>\n<img loading=\"lazy\" decoding=\"async\" class=\" aligncenter size-full wp-image-4102\" src=\"http:\/\/5.45.101.177\/haut-allier\/usagers-transportse\/wp-content\/uploads\/2022\/10\/2000-img_20221024_105905_965-scaled.jpg\" alt=\"2000-img_20221024_105905_965.jpg\" align=\"center\" width=\"2560\" height=\"1570\" srcset=\"https:\/\/usagers-transports.haut-allier.eu\/wp-content\/uploads\/2022\/10\/2000-img_20221024_105905_965-scaled.jpg 2560w, https:\/\/usagers-transports.haut-allier.eu\/wp-content\/uploads\/2022\/10\/2000-img_20221024_105905_965-300x184.jpg 300w, https:\/\/usagers-transports.haut-allier.eu\/wp-content\/uploads\/2022\/10\/2000-img_20221024_105905_965-1024x628.jpg 1024w, https:\/\/usagers-transports.haut-allier.eu\/wp-content\/uploads\/2022\/10\/2000-img_20221024_105905_965-768x471.jpg 768w, https:\/\/usagers-transports.haut-allier.eu\/wp-content\/uploads\/2022\/10\/2000-img_20221024_105905_965-1536x942.jpg 1536w, https:\/\/usagers-transports.haut-allier.eu\/wp-content\/uploads\/2022\/10\/2000-img_20221024_105905_965-2048x1256.jpg 2048w\" sizes=\"auto, (max-width: 2560px) 100vw, 2560px\" \/><br \/>\n<em>Micka\u00ebl Ollier de Gares et Connexions, le sympathique coordinateur de cette inauguration<\/em><br \/>\n<img loading=\"lazy\" decoding=\"async\" class=\" aligncenter size-full wp-image-4103\" src=\"http:\/\/5.45.101.177\/haut-allier\/usagers-transportse\/wp-content\/uploads\/2022\/10\/2000-img_20221024_105749_950-scaled.jpg\" alt=\"2000-img_20221024_105749_950.jpg\" align=\"center\" width=\"2560\" height=\"1829\" srcset=\"https:\/\/usagers-transports.haut-allier.eu\/wp-content\/uploads\/2022\/10\/2000-img_20221024_105749_950-scaled.jpg 2560w, https:\/\/usagers-transports.haut-allier.eu\/wp-content\/uploads\/2022\/10\/2000-img_20221024_105749_950-300x214.jpg 300w, https:\/\/usagers-transports.haut-allier.eu\/wp-content\/uploads\/2022\/10\/2000-img_20221024_105749_950-1024x732.jpg 1024w, https:\/\/usagers-transports.haut-allier.eu\/wp-content\/uploads\/2022\/10\/2000-img_20221024_105749_950-768x549.jpg 768w, https:\/\/usagers-transports.haut-allier.eu\/wp-content\/uploads\/2022\/10\/2000-img_20221024_105749_950-1536x1098.jpg 1536w, https:\/\/usagers-transports.haut-allier.eu\/wp-content\/uploads\/2022\/10\/2000-img_20221024_105749_950-2048x1464.jpg 2048w\" sizes=\"auto, (max-width: 2560px) 100vw, 2560px\" \/><br \/>\n<em>Tout n&rsquo;est pas rose non plus \u00e0 la SNCF puisque nous n&rsquo;avons pu venir \u00e0 Langogne avec le train Auvergne Rh\u00f4ne Alpes du matin, supprim\u00e9 pour raison de \u00ab\u00a0contraintes de production\u00a0\u00bb, traduisons : manque de conducteur ou de rames. Du nord on n&rsquo;a rien vu arriver de la matin\u00e9e.<\/em><br \/>\n<img loading=\"lazy\" decoding=\"async\" class=\" aligncenter size-full wp-image-4104\" src=\"http:\/\/5.45.101.177\/haut-allier\/usagers-transportse\/wp-content\/uploads\/2022\/10\/2000-img_20221024_110809_656.jpg\" alt=\"2000-img_20221024_110809_656.jpg\" align=\"center\" width=\"2000\" height=\"1125\" srcset=\"https:\/\/usagers-transports.haut-allier.eu\/wp-content\/uploads\/2022\/10\/2000-img_20221024_110809_656.jpg 2000w, https:\/\/usagers-transports.haut-allier.eu\/wp-content\/uploads\/2022\/10\/2000-img_20221024_110809_656-300x169.jpg 300w, https:\/\/usagers-transports.haut-allier.eu\/wp-content\/uploads\/2022\/10\/2000-img_20221024_110809_656-1024x576.jpg 1024w, https:\/\/usagers-transports.haut-allier.eu\/wp-content\/uploads\/2022\/10\/2000-img_20221024_110809_656-768x432.jpg 768w, https:\/\/usagers-transports.haut-allier.eu\/wp-content\/uploads\/2022\/10\/2000-img_20221024_110809_656-1536x864.jpg 1536w\" sizes=\"auto, (max-width: 2000px) 100vw, 2000px\" \/><br \/>\n<em>L&rsquo;oeuvre d&rsquo;art que nous avons offert avec l&rsquo;association des 150 ans est toujours l\u00e0 et agr\u00e9mente la fa\u00e7ade de la gare.<\/em><br \/>\n<img loading=\"lazy\" decoding=\"async\" class=\" aligncenter size-full wp-image-4105\" src=\"http:\/\/5.45.101.177\/haut-allier\/usagers-transportse\/wp-content\/uploads\/2022\/10\/2000-img_20221024_110932_217.jpg\" alt=\"2000-img_20221024_110932_217.jpg\" align=\"center\" width=\"2000\" height=\"1125\" srcset=\"https:\/\/usagers-transports.haut-allier.eu\/wp-content\/uploads\/2022\/10\/2000-img_20221024_110932_217.jpg 2000w, https:\/\/usagers-transports.haut-allier.eu\/wp-content\/uploads\/2022\/10\/2000-img_20221024_110932_217-300x169.jpg 300w, https:\/\/usagers-transports.haut-allier.eu\/wp-content\/uploads\/2022\/10\/2000-img_20221024_110932_217-1024x576.jpg 1024w, https:\/\/usagers-transports.haut-allier.eu\/wp-content\/uploads\/2022\/10\/2000-img_20221024_110932_217-768x432.jpg 768w, https:\/\/usagers-transports.haut-allier.eu\/wp-content\/uploads\/2022\/10\/2000-img_20221024_110932_217-1536x864.jpg 1536w\" sizes=\"auto, (max-width: 2000px) 100vw, 2000px\" \/><br \/>\n&nbsp;<br \/>\n<em>Le hall de gare, lui, conserve un aspect familier<\/em><br \/>\n<img loading=\"lazy\" decoding=\"async\" class=\" aligncenter size-full wp-image-4106\" src=\"http:\/\/5.45.101.177\/haut-allier\/usagers-transportse\/wp-content\/uploads\/2022\/10\/2000-img_20221024_110858_136.jpg\" alt=\"2000-img_20221024_110858_136.jpg\" align=\"center\" width=\"2000\" height=\"1125\" srcset=\"https:\/\/usagers-transports.haut-allier.eu\/wp-content\/uploads\/2022\/10\/2000-img_20221024_110858_136.jpg 2000w, https:\/\/usagers-transports.haut-allier.eu\/wp-content\/uploads\/2022\/10\/2000-img_20221024_110858_136-300x169.jpg 300w, https:\/\/usagers-transports.haut-allier.eu\/wp-content\/uploads\/2022\/10\/2000-img_20221024_110858_136-1024x576.jpg 1024w, https:\/\/usagers-transports.haut-allier.eu\/wp-content\/uploads\/2022\/10\/2000-img_20221024_110858_136-768x432.jpg 768w, https:\/\/usagers-transports.haut-allier.eu\/wp-content\/uploads\/2022\/10\/2000-img_20221024_110858_136-1536x864.jpg 1536w\" sizes=\"auto, (max-width: 2000px) 100vw, 2000px\" \/><\/p>\n","protected":false},"excerpt":{"rendered":"<p>L&rsquo;inauguration des travaux de mises aux normes d&rsquo;accessibilit\u00e9 de la gare de la cit\u00e9 gargantuesque avait lieu ce<\/p>\n","protected":false},"author":1,"featured_media":4097,"comment_status":"open","ping_status":"open","sticky":false,"template":"","format":"standard","meta":{"footnotes":""},"categories":[3],"tags":[],"class_list":["post-941","post","type-post","status-publish","format-standard","has-post-thumbnail","hentry","category-en-train"],"_links":{"self":[{"href":"https:\/\/usagers-transports.haut-allier.eu\/index.php\/wp-json\/wp\/v2\/posts\/941","targetHints":{"allow":["GET"]}}],"collection":[{"href":"https:\/\/usagers-transports.haut-allier.eu\/index.php\/wp-json\/wp\/v2\/posts"}],"about":[{"href":"https:\/\/usagers-transports.haut-allier.eu\/index.php\/wp-json\/wp\/v2\/types\/post"}],"author":[{"embeddable":true,"href":"https:\/\/usagers-transports.haut-allier.eu\/index.php\/wp-json\/wp\/v2\/users\/1"}],"replies":[{"embeddable":true,"href":"https:\/\/usagers-transports.haut-allier.eu\/index.php\/wp-json\/wp\/v2\/comments?post=941"}],"version-history":[{"count":0,"href":"https:\/\/usagers-transports.haut-allier.eu\/index.php\/wp-json\/wp\/v2\/posts\/941\/revisions"}],"wp:featuredmedia":[{"embeddable":true,"href":"https:\/\/usagers-transports.haut-allier.eu\/index.php\/wp-json\/wp\/v2\/media\/4097"}],"wp:attachment":[{"href":"https:\/\/usagers-transports.haut-allier.eu\/index.php\/wp-json\/wp\/v2\/media?parent=941"}],"wp:term":[{"taxonomy":"category","embeddable":true,"href":"https:\/\/usagers-transports.haut-allier.eu\/index.php\/wp-json\/wp\/v2\/categories?post=941"},{"taxonomy":"post_tag","embeddable":true,"href":"https:\/\/usagers-transports.haut-allier.eu\/index.php\/wp-json\/wp\/v2\/tags?post=941"}],"curies":[{"name":"wp","href":"https:\/\/api.w.org\/{rel}","templated":true}]}}