{"id":944,"date":"2022-10-26T07:52:59","date_gmt":"2022-10-26T05:52:59","guid":{"rendered":"http:\/\/5.45.101.177\/haut-allier\/usagers-transportse\/index.php\/2022\/10\/26\/trains-de-nuit-le-gouvernement944\/"},"modified":"2022-10-26T07:52:59","modified_gmt":"2022-10-26T05:52:59","slug":"trains-de-nuit-le-gouvernement944","status":"publish","type":"post","link":"https:\/\/usagers-transports.haut-allier.eu\/index.php\/2022\/10\/26\/trains-de-nuit-le-gouvernement944\/","title":{"rendered":"Trains de nuit : le gouvernement confirme le Paris Aurillac pour 2023"},"content":{"rendered":"<p>L&rsquo;annonce a \u00e9t\u00e9 faite au s\u00e9nat suite \u00e0 une question de Max Brisson s\u00e9nateur LR des  Pyr\u00e9n\u00e9es-Atlantiques par B\u00e9rang\u00e8re Couillard, secr\u00e9taire d\u2019Etat charg\u00e9e de l\u2019\u00e9cologie. Elle a confirm\u00e9 qu\u2019un train de nuit relierait \u00e0 nouveau Paris \u00e0 Aurillac fin 2023 sans le prolongement sur la ligne de l&rsquo;Aubrac que <a href=\"https:\/\/usagers-transports.haut-allier.eu\/?prolonger-le-train-de-nuit-paris,881\"><em>nous demandions<\/em><\/a> vers Millau. Jean Castex l&rsquo;avait d\u00e9j\u00e0 annonc\u00e9 il y a deux ans.<br \/>\n&nbsp;<br \/>\n<em>La question du s\u00e9nateur Max Brisson<\/em><br \/>\n<img loading=\"lazy\" decoding=\"async\" class=\" aligncenter size-full wp-image-4112\" src=\"http:\/\/5.45.101.177\/haut-allier\/usagers-transportse\/wp-content\/uploads\/2022\/10\/screenshot-www.youtube.com-2022.10.26-07_39_40.jpg\" alt=\"screenshot-www.youtube.com-2022.10.26-07_39_40.jpg\" align=\"center\" width=\"676\" height=\"418\" srcset=\"https:\/\/usagers-transports.haut-allier.eu\/wp-content\/uploads\/2022\/10\/screenshot-www.youtube.com-2022.10.26-07_39_40.jpg 676w, https:\/\/usagers-transports.haut-allier.eu\/wp-content\/uploads\/2022\/10\/screenshot-www.youtube.com-2022.10.26-07_39_40-300x186.jpg 300w\" sizes=\"auto, (max-width: 676px) 100vw, 676px\" \/><br \/>\n&nbsp;<br \/>\nElle a promis \u00e9galement de faire circuler \u00e0 nouveau, \u00e0 partir de 2024, un train de nuit quotidien entre Paris, Bordeaux, Dax, Bayonne, Orthez et Pau. Le trac\u00e9 par Bordeaux fait penser \u00e0 la \u00ab\u00a0Palombe bleue\u00a0\u00bb un train de nuit disparu en 2011.<br \/>\n&nbsp;<br \/>\nQuelques lignes de nuit ont timidement \u00e9t\u00e9 ouvertes en France en 2021 suite \u00e0 l&rsquo;engouement suscit\u00e9 par les voyageurs dans les autres pays europ\u00e9ens.<br \/>\n&nbsp;<br \/>\nD&rsquo;ailleurs ce gouvernement avait annonc\u00e9 vouloir \u00ab\u00a0une dizaine\u00a0\u00bb de lignes Intercit\u00e9s de nuit avant 2030. Jean-Baptiste Djebbari, disait vouloir la cr\u00e9ation de nouvelles lignes reliant Paris \u00e0 Albi, Bayonne et Saint-S\u00e9bastien au Pays basque espagnol, Barcelone et aussi Toulouse, Montpellier et Marseille. Il avait ajout\u00e9 les liaisons transversales Metz\/Gen\u00e8ve-Nice\/Barcelone\/Bordeaux et Bordeaux-Nice.<br \/>\n&nbsp;<br \/>\nSuite \u00e0 la carte diffus\u00e9e dans la foul\u00e9e, on peut dire que la desserte du Massif central, absente des plans, par le train tri-branches Paris Clermont N\u00eemes \/ B\u00e9ziers \/ Aurillac dont nous demandons tous le retour, collectifs, associations et \u00e9lus, est loin d&rsquo;\u00eatre d&rsquo;actualit\u00e9.<br \/>\n&nbsp;<br \/>\n<strong>Il faudra la mobilisation renouvel\u00e9e et forte de tous les habitants et des \u00e9lus pour imposer ce train dans notre r\u00e9gion, surtout lorsqu&rsquo;on sait que les r\u00e9novations du r\u00e9seau seront effectu\u00e9s \u00e0 minima, pour conserver l&rsquo;\u00e9tat actuel, car financ\u00e9es de force par les r\u00e9gions d&rsquo;abord et l&rsquo;\u00e9tat ensuite, avec de nombreuses limitations de vitesse. Des contraintes Inacceptables sur un parcours de train de nuit d\u00e9j\u00e0 fort long.<\/strong><br \/>\n&nbsp; <\/p>\n","protected":false},"excerpt":{"rendered":"<p>L&rsquo;annonce a \u00e9t\u00e9 faite au s\u00e9nat suite \u00e0 une question de Max Brisson s\u00e9nateur LR des Pyr\u00e9n\u00e9es-Atlantiques par<\/p>\n","protected":false},"author":1,"featured_media":4111,"comment_status":"open","ping_status":"open","sticky":false,"template":"","format":"standard","meta":{"footnotes":""},"categories":[2],"tags":[],"class_list":["post-944","post","type-post","status-publish","format-standard","has-post-thumbnail","hentry","category-infos"],"_links":{"self":[{"href":"https:\/\/usagers-transports.haut-allier.eu\/index.php\/wp-json\/wp\/v2\/posts\/944","targetHints":{"allow":["GET"]}}],"collection":[{"href":"https:\/\/usagers-transports.haut-allier.eu\/index.php\/wp-json\/wp\/v2\/posts"}],"about":[{"href":"https:\/\/usagers-transports.haut-allier.eu\/index.php\/wp-json\/wp\/v2\/types\/post"}],"author":[{"embeddable":true,"href":"https:\/\/usagers-transports.haut-allier.eu\/index.php\/wp-json\/wp\/v2\/users\/1"}],"replies":[{"embeddable":true,"href":"https:\/\/usagers-transports.haut-allier.eu\/index.php\/wp-json\/wp\/v2\/comments?post=944"}],"version-history":[{"count":0,"href":"https:\/\/usagers-transports.haut-allier.eu\/index.php\/wp-json\/wp\/v2\/posts\/944\/revisions"}],"wp:featuredmedia":[{"embeddable":true,"href":"https:\/\/usagers-transports.haut-allier.eu\/index.php\/wp-json\/wp\/v2\/media\/4111"}],"wp:attachment":[{"href":"https:\/\/usagers-transports.haut-allier.eu\/index.php\/wp-json\/wp\/v2\/media?parent=944"}],"wp:term":[{"taxonomy":"category","embeddable":true,"href":"https:\/\/usagers-transports.haut-allier.eu\/index.php\/wp-json\/wp\/v2\/categories?post=944"},{"taxonomy":"post_tag","embeddable":true,"href":"https:\/\/usagers-transports.haut-allier.eu\/index.php\/wp-json\/wp\/v2\/tags?post=944"}],"curies":[{"name":"wp","href":"https:\/\/api.w.org\/{rel}","templated":true}]}}