{"id":949,"date":"2022-11-11T08:26:44","date_gmt":"2022-11-11T07:26:44","guid":{"rendered":"http:\/\/5.45.101.177\/haut-allier\/usagers-transportse\/index.php\/2022\/11\/11\/ligne-clermont-fd-thiers-boen-st949\/"},"modified":"2022-11-11T08:26:44","modified_gmt":"2022-11-11T07:26:44","slug":"ligne-clermont-fd-thiers-boen-st949","status":"publish","type":"post","link":"https:\/\/usagers-transports.haut-allier.eu\/index.php\/2022\/11\/11\/ligne-clermont-fd-thiers-boen-st949\/","title":{"rendered":"Ligne Clermont Fd &#8211; Thiers &#8211; Bo\u00ebn &#8211; St Etienne &#8211; Lyon : la r\u00e9union publique de Noir\u00e9table"},"content":{"rendered":"<p>C&rsquo;est dans une salle de la mairie de Noir\u00e9table (Loire) que le jeudi 10 novembre se tenait une r\u00e9union d&rsquo;information pour les habitants du Forez dont le th\u00e8me \u00e9tait la progression du dossier de r\u00e9ouverture de la section Thiers Bo\u00ebn.<br \/>\n&nbsp;<br \/>\nUne soixantaine de pr\u00e9sents en tout \u00e0 la fois sur place et via Internet ont pu \u00e9changer avec les membres du bureau de l&rsquo;association <a href=\"https:\/\/letrain634269.org\"><em>Letrain634269<\/em><\/a> qui ont pr\u00e9sent\u00e9 l&rsquo;avancement des actions.<br \/>\n&nbsp;<br \/>\n.<img loading=\"lazy\" decoding=\"async\" class=\" aligncenter size-full wp-image-4128\" src=\"http:\/\/5.45.101.177\/haut-allier\/usagers-transportse\/wp-content\/uploads\/2022\/11\/2000-img_20221110_202625.jpg\" alt=\"2000-img_20221110_202625.jpg\" align=\"center\" width=\"2000\" height=\"1500\" srcset=\"https:\/\/usagers-transports.haut-allier.eu\/wp-content\/uploads\/2022\/11\/2000-img_20221110_202625.jpg 2000w, https:\/\/usagers-transports.haut-allier.eu\/wp-content\/uploads\/2022\/11\/2000-img_20221110_202625-300x225.jpg 300w, https:\/\/usagers-transports.haut-allier.eu\/wp-content\/uploads\/2022\/11\/2000-img_20221110_202625-1024x768.jpg 1024w, https:\/\/usagers-transports.haut-allier.eu\/wp-content\/uploads\/2022\/11\/2000-img_20221110_202625-768x576.jpg 768w, https:\/\/usagers-transports.haut-allier.eu\/wp-content\/uploads\/2022\/11\/2000-img_20221110_202625-1536x1152.jpg 1536w\" sizes=\"auto, (max-width: 2000px) 100vw, 2000px\" \/><br \/>\n&nbsp;<br \/>\nLe <a href=\"https:\/\/usagers-transports.haut-allier.eu\/?reouverture-de-la-ligne-clermont,939\"><em>refus des premiers r\u00e9sultats de l&rsquo;\u00e9tude<\/em><\/a>&nbsp; pour la r\u00e9ouverture de la ligne financ\u00e9e par la r\u00e9gion Auvergne Rh\u00f4ne Alpes et confi\u00e9e \u00e0 SNCF R\u00e9seau puis sous-trait\u00e9e au bureau d&rsquo;\u00e9tude du CEREMA a \u00e9t\u00e9 longuement et clairement explicit\u00e9. L&rsquo;ensemble des pr\u00e9sents adh\u00e8re \u00e0 notre analyse. Des actions dans les semaines qui suivent sont annonc\u00e9es.<br \/>\n&nbsp;<br \/>\n<img loading=\"lazy\" decoding=\"async\" class=\" aligncenter size-full wp-image-4129\" src=\"http:\/\/5.45.101.177\/haut-allier\/usagers-transportse\/wp-content\/uploads\/2022\/11\/2000-img_20221110_202618.jpg\" alt=\"2000-img_20221110_202618.jpg\" align=\"center\" width=\"2000\" height=\"1500\" srcset=\"https:\/\/usagers-transports.haut-allier.eu\/wp-content\/uploads\/2022\/11\/2000-img_20221110_202618.jpg 2000w, https:\/\/usagers-transports.haut-allier.eu\/wp-content\/uploads\/2022\/11\/2000-img_20221110_202618-300x225.jpg 300w, https:\/\/usagers-transports.haut-allier.eu\/wp-content\/uploads\/2022\/11\/2000-img_20221110_202618-1024x768.jpg 1024w, https:\/\/usagers-transports.haut-allier.eu\/wp-content\/uploads\/2022\/11\/2000-img_20221110_202618-768x576.jpg 768w, https:\/\/usagers-transports.haut-allier.eu\/wp-content\/uploads\/2022\/11\/2000-img_20221110_202618-1536x1152.jpg 1536w\" sizes=\"auto, (max-width: 2000px) 100vw, 2000px\" \/><br \/>\n&nbsp;<br \/>\nDe nombreuses adh\u00e9sions \u00e0 l&rsquo;association devaient \u00eatre enregistr\u00e9es en fin de r\u00e9union confirmant l&rsquo;ancrage de notre combat avec les habitants. Rendez-vous bient\u00f4t avec un soutien renforc\u00e9.<br \/>\n&nbsp;<br \/>\n<em>Un extrait, une intervention parmi d&rsquo;autres lors de cette r\u00e9union, celle du repr\u00e9sentant de la commune de Bo\u00ebn sur Lignon Robert Regeffe suivie d&rsquo;une de Karine Legrand.<\/em><br \/>\n&nbsp;<br \/>\n<a href=\"http:\/\/5.45.101.177\/haut-allier\/usagers-transportse\/wp-content\/uploads\/2022\/11\/mod-2000-vid_20221110_210336.mp4\">mod-2000-vid_20221110_210336.mp4<\/a><br \/>\n&nbsp;<\/p>\n","protected":false},"excerpt":{"rendered":"<p>C&rsquo;est dans une salle de la mairie de Noir\u00e9table (Loire) que le jeudi 10 novembre se tenait une<\/p>\n","protected":false},"author":1,"featured_media":4127,"comment_status":"open","ping_status":"open","sticky":false,"template":"","format":"standard","meta":{"footnotes":""},"categories":[2],"tags":[],"class_list":["post-949","post","type-post","status-publish","format-standard","has-post-thumbnail","hentry","category-infos"],"_links":{"self":[{"href":"https:\/\/usagers-transports.haut-allier.eu\/index.php\/wp-json\/wp\/v2\/posts\/949","targetHints":{"allow":["GET"]}}],"collection":[{"href":"https:\/\/usagers-transports.haut-allier.eu\/index.php\/wp-json\/wp\/v2\/posts"}],"about":[{"href":"https:\/\/usagers-transports.haut-allier.eu\/index.php\/wp-json\/wp\/v2\/types\/post"}],"author":[{"embeddable":true,"href":"https:\/\/usagers-transports.haut-allier.eu\/index.php\/wp-json\/wp\/v2\/users\/1"}],"replies":[{"embeddable":true,"href":"https:\/\/usagers-transports.haut-allier.eu\/index.php\/wp-json\/wp\/v2\/comments?post=949"}],"version-history":[{"count":0,"href":"https:\/\/usagers-transports.haut-allier.eu\/index.php\/wp-json\/wp\/v2\/posts\/949\/revisions"}],"wp:featuredmedia":[{"embeddable":true,"href":"https:\/\/usagers-transports.haut-allier.eu\/index.php\/wp-json\/wp\/v2\/media\/4127"}],"wp:attachment":[{"href":"https:\/\/usagers-transports.haut-allier.eu\/index.php\/wp-json\/wp\/v2\/media?parent=949"}],"wp:term":[{"taxonomy":"category","embeddable":true,"href":"https:\/\/usagers-transports.haut-allier.eu\/index.php\/wp-json\/wp\/v2\/categories?post=949"},{"taxonomy":"post_tag","embeddable":true,"href":"https:\/\/usagers-transports.haut-allier.eu\/index.php\/wp-json\/wp\/v2\/tags?post=949"}],"curies":[{"name":"wp","href":"https:\/\/api.w.org\/{rel}","templated":true}]}}