{"id":95,"date":"2013-12-05T17:14:58","date_gmt":"2013-12-05T16:14:58","guid":{"rendered":"http:\/\/5.45.101.177\/haut-allier\/usagers-transportse\/index.php\/2013\/12\/05\/la-sncf-delabree-merci-au-tres095\/"},"modified":"2013-12-05T17:14:58","modified_gmt":"2013-12-05T16:14:58","slug":"la-sncf-delabree-merci-au-tres095","status":"publish","type":"post","link":"https:\/\/usagers-transports.haut-allier.eu\/index.php\/2013\/12\/05\/la-sncf-delabree-merci-au-tres095\/","title":{"rendered":"La SNCF d\u00e9labr\u00e9e : Merci au Tr\u00e9s Cher TGV !"},"content":{"rendered":"<p>\u00ab\u00a0Le train qui vide les caisses\u00a0\u00bb, \u00ab\u00a0L&rsquo;obsession TGV\u00a0\u00bb sont les titres qu&rsquo;on lit ce matin dans la presse apr\u00e8s le visionnage hier soir 4 novembre 2013 du documentaire \u00e9difiant du magazine Pi\u00e8ces \u00e0 convictions sur France 3.<br \/>\n&nbsp;<br \/>\nIl fait bien le point sur la volont\u00e9 aveugle des \u00e9lus, de l&rsquo;\u00e9tat et de la SNCF qui a men\u00e9 au tout TGV et \u00e0 la faillite du r\u00e9seau national des lignes normales, celles qu&#8217;empruntent quotidiennement 90% des fran\u00e7ais pour aller au boulot.<br \/>\n&nbsp;<br \/>\nLe reportage met en \u00e9vidence ce que la b\u00eatise et l&rsquo;orgueil de la SNCF et de certains politiques ont construit ensemble : un service de transport \u00e0 deux vitesses, le TGV des gens tr\u00e8s ais\u00e9s, plut\u00f4t riches et celui du reste de la population, les 90%, abandonn\u00e9 aux trains qui datent d&rsquo;il y a 50 ans, aux retards \u00e0 r\u00e9p\u00e9tition, aux annulations, malgr\u00e9 des prix souvent tr\u00e8s \u00e9lev\u00e9s.<br \/>\n&nbsp;<br \/>\nMais les beaux jours TGVesques sont loin derri\u00e8re et malgr\u00e9 les artifices comptables et financiers pour masquer les dettes abyssales, le TGV est dans le rouge sombre, tr\u00e8s sombre. Contribuables vous allez le payer tr\u00e9s tr\u00e9s cher le tout TGV.<br \/>\n&nbsp;<br \/>\nA voir pour faire le point. Tout y est dit ou presque.<br \/>\n&nbsp;<br \/>\n<iframe loading=\"lazy\" width=\"560\" height=\"315\" src=\"\/\/www.youtube.com\/embed\/9exhtf77mhM\" frameborder=\"0\" allowfullscreen><\/iframe><\/p>\n","protected":false},"excerpt":{"rendered":"<p>\u00ab\u00a0Le train qui vide les caisses\u00a0\u00bb, \u00ab\u00a0L&rsquo;obsession TGV\u00a0\u00bb sont les titres qu&rsquo;on lit ce matin dans la presse<\/p>\n","protected":false},"author":1,"featured_media":1527,"comment_status":"closed","ping_status":"open","sticky":false,"template":"","format":"standard","meta":{"footnotes":""},"categories":[2],"tags":[],"class_list":["post-95","post","type-post","status-publish","format-standard","has-post-thumbnail","hentry","category-infos"],"_links":{"self":[{"href":"https:\/\/usagers-transports.haut-allier.eu\/index.php\/wp-json\/wp\/v2\/posts\/95","targetHints":{"allow":["GET"]}}],"collection":[{"href":"https:\/\/usagers-transports.haut-allier.eu\/index.php\/wp-json\/wp\/v2\/posts"}],"about":[{"href":"https:\/\/usagers-transports.haut-allier.eu\/index.php\/wp-json\/wp\/v2\/types\/post"}],"author":[{"embeddable":true,"href":"https:\/\/usagers-transports.haut-allier.eu\/index.php\/wp-json\/wp\/v2\/users\/1"}],"replies":[{"embeddable":true,"href":"https:\/\/usagers-transports.haut-allier.eu\/index.php\/wp-json\/wp\/v2\/comments?post=95"}],"version-history":[{"count":0,"href":"https:\/\/usagers-transports.haut-allier.eu\/index.php\/wp-json\/wp\/v2\/posts\/95\/revisions"}],"wp:featuredmedia":[{"embeddable":true,"href":"https:\/\/usagers-transports.haut-allier.eu\/index.php\/wp-json\/wp\/v2\/media\/1527"}],"wp:attachment":[{"href":"https:\/\/usagers-transports.haut-allier.eu\/index.php\/wp-json\/wp\/v2\/media?parent=95"}],"wp:term":[{"taxonomy":"category","embeddable":true,"href":"https:\/\/usagers-transports.haut-allier.eu\/index.php\/wp-json\/wp\/v2\/categories?post=95"},{"taxonomy":"post_tag","embeddable":true,"href":"https:\/\/usagers-transports.haut-allier.eu\/index.php\/wp-json\/wp\/v2\/tags?post=95"}],"curies":[{"name":"wp","href":"https:\/\/api.w.org\/{rel}","templated":true}]}}