{"id":950,"date":"2022-11-15T16:45:07","date_gmt":"2022-11-15T15:45:07","guid":{"rendered":"http:\/\/5.45.101.177\/haut-allier\/usagers-transportse\/index.php\/2022\/11\/15\/les-ter-lio-occitanie-seront-a-un950\/"},"modified":"2022-11-15T16:45:07","modified_gmt":"2022-11-15T15:45:07","slug":"les-ter-lio-occitanie-seront-a-un950","status":"publish","type":"post","link":"https:\/\/usagers-transports.haut-allier.eu\/index.php\/2022\/11\/15\/les-ter-lio-occitanie-seront-a-un950\/","title":{"rendered":"Les TER LiO Occitanie seront \u00e0 un euro tous les premiers week-ends du mois"},"content":{"rendered":"<p>Toujours volontaristes ce mardi 15 novembre, Carole Delga, pr\u00e9sidente de la R\u00e9gion Occitanie \/ Pyr\u00e9n\u00e9es-M\u00e9diterran\u00e9e, aux c\u00f4t\u00e9s de Philippe Bru, directeur r\u00e9gional de SNCF voyageurs Occitanie, d\u2019Agn\u00e8s Langevine, vice-pr\u00e9sidente de la R\u00e9gion Occitanie charg\u00e9e du Climat, du pacte vert et de l\u2019habitat durable, et de Jean-Luc-Gibelin, vice-pr\u00e9sident charg\u00e9 des mobilit\u00e9s pour tous et des infrastructures de transports, a pr\u00e9sent\u00e9 trois nouvelles mesures pour le pouvoir d\u2019achat et les mobilit\u00e9s du quotidien :<strong> trains \u00e0 1\u20ac tous les premiers week-ends de chaque mois, trains \u00e0 1\u20ac lors des pics de pollution<\/strong> et aide financi\u00e8re au covoiturage.<br \/>\n&nbsp;<br \/>\nRappelons qu&rsquo;il suffit d&rsquo;acheter un billet avec un d\u00e9part ou une arriv\u00e9e en r\u00e9gion Occitanie et de voyager dans un TER Occitanie pour b\u00e9n\u00e9ficier de ce prix avantageux. Exemple pour la ligne des C\u00e9vennes, acheter un billet Langogne ou N\u00eemes \u00e0 Clermont-Ferrand vous permettra de prendre le d\u00e9part d&rsquo;o\u00f9 vous voulez sur la ligne et d&rsquo;arriver o\u00f9 bon vous semble avec le train de la mi-journ\u00e9e.<br \/>\n&nbsp;<br \/>\nC&rsquo;est une excellente nouvelle sachant que les billets \u00e0 un euro \u00e9taient plut\u00f4t r\u00e9serv\u00e9s \u00e0 la p\u00e9riode estivale. L\u00e0 c&rsquo;est toute l&rsquo;ann\u00e9e le premier week-end du mois. La mesure entera en vigueur le week-end des 3 et 4 d\u00e9cembre prochain.<br \/>\n&nbsp;<br \/>\n<em>(D&rsquo;apr\u00e8s le communiqu\u00e9 de la r\u00e9gion Occitanie)<\/em><\/p>\n","protected":false},"excerpt":{"rendered":"<p>Toujours volontaristes ce mardi 15 novembre, Carole Delga, pr\u00e9sidente de la R\u00e9gion Occitanie \/ Pyr\u00e9n\u00e9es-M\u00e9diterran\u00e9e, aux c\u00f4t\u00e9s de<\/p>\n","protected":false},"author":1,"featured_media":4131,"comment_status":"open","ping_status":"open","sticky":false,"template":"","format":"standard","meta":{"footnotes":""},"categories":[2],"tags":[],"class_list":["post-950","post","type-post","status-publish","format-standard","has-post-thumbnail","hentry","category-infos"],"_links":{"self":[{"href":"https:\/\/usagers-transports.haut-allier.eu\/index.php\/wp-json\/wp\/v2\/posts\/950","targetHints":{"allow":["GET"]}}],"collection":[{"href":"https:\/\/usagers-transports.haut-allier.eu\/index.php\/wp-json\/wp\/v2\/posts"}],"about":[{"href":"https:\/\/usagers-transports.haut-allier.eu\/index.php\/wp-json\/wp\/v2\/types\/post"}],"author":[{"embeddable":true,"href":"https:\/\/usagers-transports.haut-allier.eu\/index.php\/wp-json\/wp\/v2\/users\/1"}],"replies":[{"embeddable":true,"href":"https:\/\/usagers-transports.haut-allier.eu\/index.php\/wp-json\/wp\/v2\/comments?post=950"}],"version-history":[{"count":0,"href":"https:\/\/usagers-transports.haut-allier.eu\/index.php\/wp-json\/wp\/v2\/posts\/950\/revisions"}],"wp:featuredmedia":[{"embeddable":true,"href":"https:\/\/usagers-transports.haut-allier.eu\/index.php\/wp-json\/wp\/v2\/media\/4131"}],"wp:attachment":[{"href":"https:\/\/usagers-transports.haut-allier.eu\/index.php\/wp-json\/wp\/v2\/media?parent=950"}],"wp:term":[{"taxonomy":"category","embeddable":true,"href":"https:\/\/usagers-transports.haut-allier.eu\/index.php\/wp-json\/wp\/v2\/categories?post=950"},{"taxonomy":"post_tag","embeddable":true,"href":"https:\/\/usagers-transports.haut-allier.eu\/index.php\/wp-json\/wp\/v2\/tags?post=950"}],"curies":[{"name":"wp","href":"https:\/\/api.w.org\/{rel}","templated":true}]}}