{"id":951,"date":"2022-11-22T19:35:21","date_gmt":"2022-11-22T18:35:21","guid":{"rendered":"http:\/\/5.45.101.177\/haut-allier\/usagers-transportse\/index.php\/2022\/11\/22\/calcul-des-voyages-en-train-un951\/"},"modified":"2022-11-22T19:35:21","modified_gmt":"2022-11-22T18:35:21","slug":"calcul-des-voyages-en-train-un951","status":"publish","type":"post","link":"https:\/\/usagers-transports.haut-allier.eu\/index.php\/2022\/11\/22\/calcul-des-voyages-en-train-un951\/","title":{"rendered":"Calcul des voyages en train : un site fran\u00e7ais qui affiche plus de 2 correspondances !"},"content":{"rendered":"<p>Pincez nous on r\u00eave. Apr\u00e8s l&rsquo;avoir r\u00e9clam\u00e9 depuis plus de dix ans on peut enfin tr\u00e8s simplement organiser son trajet, au niveau des horaires seulement, toujours pas de l&rsquo;achat des billets&#8230;<br \/>\n&nbsp;<br \/>\n<img loading=\"lazy\" decoding=\"async\" class=\" aligncenter size-full wp-image-4133\" src=\"http:\/\/5.45.101.177\/haut-allier\/usagers-transportse\/wp-content\/uploads\/2022\/11\/screenshot-www.horaires-de-trains.fr-2022.11.22-18_16_31.jpg\" alt=\"screenshot-www.horaires-de-trains.fr-2022.11.22-18_16_31.jpg\" align=\"center\" width=\"394\" height=\"348\" srcset=\"https:\/\/usagers-transports.haut-allier.eu\/wp-content\/uploads\/2022\/11\/screenshot-www.horaires-de-trains.fr-2022.11.22-18_16_31.jpg 394w, https:\/\/usagers-transports.haut-allier.eu\/wp-content\/uploads\/2022\/11\/screenshot-www.horaires-de-trains.fr-2022.11.22-18_16_31-300x265.jpg 300w\" sizes=\"auto, (max-width: 394px) 100vw, 394px\" \/><br \/>\n&nbsp;<br \/>\nPar exemple la visualisation des trajets Thiers (Puy de D\u00f4me) vers Grasse (Alpes Maritimes) qui ne s&rsquo;affichent toujours pas sur SNCF.connect ni sur les autres theTrainline s&rsquo;affichent parfaitement sur le site <a href=\"https:\/\/www.horaires-de-trains.fr\/\"><strong> <em>horaires-de-trains.fr<\/em> <\/strong><\/a>. T\u00e9moin la capture d&rsquo;\u00e9cran ci-dessous :<br \/>\n&nbsp;<br \/>\n<img loading=\"lazy\" decoding=\"async\" class=\" aligncenter size-full wp-image-4134\" src=\"http:\/\/5.45.101.177\/haut-allier\/usagers-transportse\/wp-content\/uploads\/2022\/11\/screenshot-www.horaires-de-trains.fr-2022.11.22-18_12_29.jpg\" alt=\"screenshot-www.horaires-de-trains.fr-2022.11.22-18_12_29.jpg\" align=\"center\" width=\"1076\" height=\"584\" srcset=\"https:\/\/usagers-transports.haut-allier.eu\/wp-content\/uploads\/2022\/11\/screenshot-www.horaires-de-trains.fr-2022.11.22-18_12_29.jpg 1076w, https:\/\/usagers-transports.haut-allier.eu\/wp-content\/uploads\/2022\/11\/screenshot-www.horaires-de-trains.fr-2022.11.22-18_12_29-300x163.jpg 300w, https:\/\/usagers-transports.haut-allier.eu\/wp-content\/uploads\/2022\/11\/screenshot-www.horaires-de-trains.fr-2022.11.22-18_12_29-1024x556.jpg 1024w, https:\/\/usagers-transports.haut-allier.eu\/wp-content\/uploads\/2022\/11\/screenshot-www.horaires-de-trains.fr-2022.11.22-18_12_29-768x417.jpg 768w\" sizes=\"auto, (max-width: 1076px) 100vw, 1076px\" \/><br \/>\n&nbsp;<br \/>\n<img loading=\"lazy\" decoding=\"async\" class=\" aligncenter size-full wp-image-4135\" src=\"http:\/\/5.45.101.177\/haut-allier\/usagers-transportse\/wp-content\/uploads\/2022\/11\/screenshot-www.horaires-de-trains.fr-2022.11.22-18_11_14.jpg\" alt=\"screenshot-www.horaires-de-trains.fr-2022.11.22-18_11_14.jpg\" align=\"center\" width=\"1085\" height=\"641\" srcset=\"https:\/\/usagers-transports.haut-allier.eu\/wp-content\/uploads\/2022\/11\/screenshot-www.horaires-de-trains.fr-2022.11.22-18_11_14.jpg 1085w, https:\/\/usagers-transports.haut-allier.eu\/wp-content\/uploads\/2022\/11\/screenshot-www.horaires-de-trains.fr-2022.11.22-18_11_14-300x177.jpg 300w, https:\/\/usagers-transports.haut-allier.eu\/wp-content\/uploads\/2022\/11\/screenshot-www.horaires-de-trains.fr-2022.11.22-18_11_14-1024x605.jpg 1024w, https:\/\/usagers-transports.haut-allier.eu\/wp-content\/uploads\/2022\/11\/screenshot-www.horaires-de-trains.fr-2022.11.22-18_11_14-768x454.jpg 768w\" sizes=\"auto, (max-width: 1085px) 100vw, 1085px\" \/><br \/>\n&nbsp;<br \/>\nAlors nous direz vous comment est-ce possible ? Est ce un pompage d&rsquo;un des sites europ\u00e9ens qui les affichent ces correspondances comme <a href=\"https:\/\/www.bahn.com\/fr\"><em> <strong>DB France<\/strong> <\/em><\/a>, les <a href=\"https:\/\/www.sbb.ch\/fr\"><em> <strong>CFF<\/strong> <\/em> <\/a> chemins de fer suisses, ou la <a href=\"https:\/\/www.sncb.be\/\"><strong>SNCB<\/strong><\/a> ?<br \/>\n&nbsp;<br \/>\nNON puisque :<br \/>\n&nbsp;<br \/>\n<img loading=\"lazy\" decoding=\"async\" class=\" aligncenter size-full wp-image-4136\" src=\"http:\/\/5.45.101.177\/haut-allier\/usagers-transportse\/wp-content\/uploads\/2022\/11\/screenshot-www.horaires-de-trains.fr-2022.11.22-18_17_50.jpg\" alt=\"screenshot-www.horaires-de-trains.fr-2022.11.22-18_17_50.jpg\" align=\"center\" width=\"260\" height=\"93\" \/><br \/>\n&nbsp;<br \/>\n<strong>Alors ? Comment se fait-il que les fran\u00e7ais ne peuvent pas acheter un billet de train \u00e0 plus de deux correspondances sur les sites de l&rsquo;entreprise ferroviaire de service public ?<br \/>\n&nbsp;<br \/>\nEt bien c&rsquo;est politique : on veut absolument vous faire passer par Paris pour tout trajet de \u00ab\u00a0province\u00a0\u00bb et on veut vous voir gal\u00e9rer dans les m\u00e9tros bond\u00e9s entre deux changements de gares. La politique commerciale de la SNCF est pourrie. Et ce depuis l&rsquo;ex PDG P\u00e9py. Rien ne bouge. <\/strong><br \/>\n&nbsp;<br \/>\nInterpellez vos d\u00e9put\u00e9s pour que \u00e7a change.<br \/>\n&nbsp;<br \/>\nEn attendant vous pouvez <a href=\"http:\/\/chng.it\/dMVGYxbb\"><strong>signer notre p\u00e9tition<\/strong><\/a> lanc\u00e9e voici quelques ann\u00e9es, qui ne rencontre pas le succ\u00e8s que nous esp\u00e9rions. Si \u00e7a convient aux gens, tant mieux. A partir de 1000 signatures nous l&rsquo;enverrons, pas avant.<br \/>\n&nbsp;<br \/>\n<strong>Au fait on ne sait pas qui a commis ce site web. C&rsquo;est myst\u00e9rieux, l&rsquo;auteur se cache. Pourquoi ?<br \/>\n<\/strong><\/p>\n","protected":false},"excerpt":{"rendered":"<p>Pincez nous on r\u00eave. Apr\u00e8s l&rsquo;avoir r\u00e9clam\u00e9 depuis plus de dix ans on peut enfin tr\u00e8s simplement organiser<\/p>\n","protected":false},"author":1,"featured_media":4132,"comment_status":"open","ping_status":"open","sticky":false,"template":"","format":"standard","meta":{"footnotes":""},"categories":[3],"tags":[],"class_list":["post-951","post","type-post","status-publish","format-standard","has-post-thumbnail","hentry","category-en-train"],"_links":{"self":[{"href":"https:\/\/usagers-transports.haut-allier.eu\/index.php\/wp-json\/wp\/v2\/posts\/951","targetHints":{"allow":["GET"]}}],"collection":[{"href":"https:\/\/usagers-transports.haut-allier.eu\/index.php\/wp-json\/wp\/v2\/posts"}],"about":[{"href":"https:\/\/usagers-transports.haut-allier.eu\/index.php\/wp-json\/wp\/v2\/types\/post"}],"author":[{"embeddable":true,"href":"https:\/\/usagers-transports.haut-allier.eu\/index.php\/wp-json\/wp\/v2\/users\/1"}],"replies":[{"embeddable":true,"href":"https:\/\/usagers-transports.haut-allier.eu\/index.php\/wp-json\/wp\/v2\/comments?post=951"}],"version-history":[{"count":0,"href":"https:\/\/usagers-transports.haut-allier.eu\/index.php\/wp-json\/wp\/v2\/posts\/951\/revisions"}],"wp:featuredmedia":[{"embeddable":true,"href":"https:\/\/usagers-transports.haut-allier.eu\/index.php\/wp-json\/wp\/v2\/media\/4132"}],"wp:attachment":[{"href":"https:\/\/usagers-transports.haut-allier.eu\/index.php\/wp-json\/wp\/v2\/media?parent=951"}],"wp:term":[{"taxonomy":"category","embeddable":true,"href":"https:\/\/usagers-transports.haut-allier.eu\/index.php\/wp-json\/wp\/v2\/categories?post=951"},{"taxonomy":"post_tag","embeddable":true,"href":"https:\/\/usagers-transports.haut-allier.eu\/index.php\/wp-json\/wp\/v2\/tags?post=951"}],"curies":[{"name":"wp","href":"https:\/\/api.w.org\/{rel}","templated":true}]}}