{"id":952,"date":"2022-11-28T10:31:27","date_gmt":"2022-11-28T09:31:27","guid":{"rendered":"http:\/\/5.45.101.177\/haut-allier\/usagers-transportse\/index.php\/2022\/11\/28\/dimanche-11-decembre-reouverture952\/"},"modified":"2022-11-28T10:31:27","modified_gmt":"2022-11-28T09:31:27","slug":"dimanche-11-decembre-reouverture952","status":"publish","type":"post","link":"https:\/\/usagers-transports.haut-allier.eu\/index.php\/2022\/11\/28\/dimanche-11-decembre-reouverture952\/","title":{"rendered":"Dimanche 11 d\u00e9cembre : r\u00e9ouverture festive de la ligne Grenoble &#8211; Gap"},"content":{"rendered":"<blockquote class=\"poesie\"><p>\n\u00ab\u00a0La ligne Grenoble &#8211; Gap rouvre. Mais elle reste menac\u00e9e faute d&rsquo;investissements de l&rsquo;Etat et des R\u00e9gions [Auvergne Rh\u00f4ne Alpes et Sud] pour les futurs travaux.\u00a0\u00bb\n<\/p><\/blockquote>\n<p>&nbsp;<br \/>\nApr\u00e8s avoir combattu pendant plusieurs ann\u00e9es pour son maintien <a href=\"https:\/\/etoileferroviairedeveynes.info\/2022\/11\/07\/11-decembre-a-lus-la-croix-haute-fetons-le-retour-du-train\/\"><em> <strong>le Collectif de l&rsquo;Etoile ferroviaire de Veynes<\/strong> <\/em><\/a> qui compte des citoyens engag\u00e9s, des \u00e9lus locaux, des associations et des cheminots, dont nous vous relatons les actions depuis longtemps, esp\u00e9rait une inauguration \u00ab\u00a0officielle\u00a0\u00bb de la part des financeurs, \u00e9tat, r\u00e9gions et SNCF&#8230; Mais rien \u00e0 l&rsquo;horizon. Alors, une nouvelle fois, il a pris les choses en main et organise SA PROPRE INAUGURATION ce dimanche 11 d\u00e9cembre. Pour continuer \u00e0 les soutenir nous y serons.<br \/>\n&nbsp;<br \/>\n<strong>Ca se passera \u00e0 Lus-la-Croix Haute, au milieu de la ligne en son point culminant, vers 11h59, mais la c\u00e9r\u00e9monie de r\u00e9ouverture aura bien lieu \u00e0 Grenoble d\u00e8s 9h30 avec une vraie-fausse inauguration, des prises de parole, de la musique&#8230; <\/strong><br \/>\n&nbsp;<br \/>\nDonc :<br \/>\n<br \/>&mdash;&nbsp;> D\u00e9part de Grenoble avec le train de 10h23, retour de Lus avec le train de 13h59.<br \/>\n<br \/>&mdash;&nbsp;> D\u00e9part de Gap avec le train de 11h50, retour de Lus avec le train de 14h32.<br \/>\n&nbsp;<br \/>\nLe programme :<br \/>\n&nbsp;<br \/>\n<img loading=\"lazy\" decoding=\"async\" class=\" aligncenter size-full wp-image-4138\" src=\"http:\/\/5.45.101.177\/haut-allier\/usagers-transportse\/wp-content\/uploads\/2022\/11\/221011_tousentrain_grenoble-1-724x1024.jpg\" alt=\"221011_tousentrain_grenoble-1-724x1024.jpg\" align=\"center\" width=\"724\" height=\"1024\" srcset=\"https:\/\/usagers-transports.haut-allier.eu\/wp-content\/uploads\/2022\/11\/221011_tousentrain_grenoble-1-724x1024.jpg 724w, https:\/\/usagers-transports.haut-allier.eu\/wp-content\/uploads\/2022\/11\/221011_tousentrain_grenoble-1-724x1024-212x300.jpg 212w\" sizes=\"auto, (max-width: 724px) 100vw, 724px\" \/><br \/>\n&nbsp;<br \/>\nVenez nombreux et nombreuses.<br \/>\n&nbsp;<\/p>\n","protected":false},"excerpt":{"rendered":"<p>\u00ab\u00a0La ligne Grenoble &#8211; Gap rouvre. Mais elle reste menac\u00e9e faute d&rsquo;investissements de l&rsquo;Etat et des R\u00e9gions [Auvergne<\/p>\n","protected":false},"author":1,"featured_media":4137,"comment_status":"open","ping_status":"open","sticky":false,"template":"","format":"standard","meta":{"footnotes":""},"categories":[7],"tags":[],"class_list":["post-952","post","type-post","status-publish","format-standard","has-post-thumbnail","hentry","category-ailleurs"],"_links":{"self":[{"href":"https:\/\/usagers-transports.haut-allier.eu\/index.php\/wp-json\/wp\/v2\/posts\/952","targetHints":{"allow":["GET"]}}],"collection":[{"href":"https:\/\/usagers-transports.haut-allier.eu\/index.php\/wp-json\/wp\/v2\/posts"}],"about":[{"href":"https:\/\/usagers-transports.haut-allier.eu\/index.php\/wp-json\/wp\/v2\/types\/post"}],"author":[{"embeddable":true,"href":"https:\/\/usagers-transports.haut-allier.eu\/index.php\/wp-json\/wp\/v2\/users\/1"}],"replies":[{"embeddable":true,"href":"https:\/\/usagers-transports.haut-allier.eu\/index.php\/wp-json\/wp\/v2\/comments?post=952"}],"version-history":[{"count":0,"href":"https:\/\/usagers-transports.haut-allier.eu\/index.php\/wp-json\/wp\/v2\/posts\/952\/revisions"}],"wp:featuredmedia":[{"embeddable":true,"href":"https:\/\/usagers-transports.haut-allier.eu\/index.php\/wp-json\/wp\/v2\/media\/4137"}],"wp:attachment":[{"href":"https:\/\/usagers-transports.haut-allier.eu\/index.php\/wp-json\/wp\/v2\/media?parent=952"}],"wp:term":[{"taxonomy":"category","embeddable":true,"href":"https:\/\/usagers-transports.haut-allier.eu\/index.php\/wp-json\/wp\/v2\/categories?post=952"},{"taxonomy":"post_tag","embeddable":true,"href":"https:\/\/usagers-transports.haut-allier.eu\/index.php\/wp-json\/wp\/v2\/tags?post=952"}],"curies":[{"name":"wp","href":"https:\/\/api.w.org\/{rel}","templated":true}]}}