{"id":953,"date":"2022-11-28T18:55:38","date_gmt":"2022-11-28T17:55:38","guid":{"rendered":"http:\/\/5.45.101.177\/haut-allier\/usagers-transportse\/index.php\/2022\/11\/28\/lignes-de-train-du-massif-central953\/"},"modified":"2026-09-01T16:00:47","modified_gmt":"2026-09-01T14:00:47","slug":"lignes-de-train-du-massif-central953","status":"publish","type":"post","link":"https:\/\/usagers-transports.haut-allier.eu\/index.php\/2022\/11\/28\/lignes-de-train-du-massif-central953\/","title":{"rendered":"Lignes de train du Massif central : les nouveaux horaires \u00e0 partir du 11 d\u00e9cembre 2022"},"content":{"rendered":"Les nouvelles grilles horaires pour les principales lignes desservant le massif central (vous aurez le PDF en cliquant) :\n&nbsp;\n[fond bleu marine][blanc]<strong>Ligne des C\u00e9vennes &#038; Transloz\u00e9rienne : N\u00eemes Al\u00e8s Langogne Langeac Brioude Clermont-Ferrand &#038; Labastide-Saint-Laurent Mende Marvejols<\/strong>[\/blanc][\/fond bleu marine]\n&nbsp;\nversion Occitanie\n<a href=\"http:\/\/5.45.101.177\/haut-allier\/usagers-transportse\/wp-content\/uploads\/2022\/11\/nc-lio-web_fh27_nimes_ales_clermont_2023.pdf\">nc-lio-web_fh27_nimes_ales_clermont_2023.pdf<\/a>\n&nbsp;\nversion Auvergne Rh\u00f4ne Alpes\n<a href=\"http:\/\/5.45.101.177\/haut-allier\/usagers-transportse\/wp-content\/uploads\/2022\/11\/nimes-clermont-08_web_du_11-12-22_au_17-02-23-version_du_15-11-22.pdf\">nimes-clermont-08_web_du_11-12-22_au_17-02-23-version_du_15-11-22.pdf<\/a>\n&nbsp;\n[fond bleu marine][blanc]<strong>Ligne des Causses : B\u00e9ziers Millau Marvejols Saint-Flour Issoire Clermont-Ferrand<\/strong>[\/blanc][\/fond bleu marine]\n&nbsp;\nversion Occitanie\n<a href=\"http:\/\/5.45.101.177\/haut-allier\/usagers-transportse\/wp-content\/uploads\/2022\/11\/bc-lio-web_fh28_beziers_clermont_2023.pdf\">bc-lio-web_fh28_beziers_clermont_2023.pdf<\/a>\n&nbsp;\nversion Auvergne Rh\u00f4ne Alpes du 11\/12\/2022 au 31\/12\/2022\n<a href=\"http:\/\/5.45.101.177\/haut-allier\/usagers-transportse\/wp-content\/uploads\/2022\/11\/bc-01-81_web_du_11-12-22_au_31-12-22-version_du_17-11-22.pdf\">bc-01-81_web_du_11-12-22_au_31-12-22-version_du_17-11-22.pdf<\/a>\n&nbsp;\n[fond bleu marine][blanc]<strong>Ligne vers Paris : Clermont-Ferrand Vichy Moulins Paris<\/strong>[\/blanc][\/fond bleu marine]\n&nbsp;\n<a href=\"http:\/\/5.45.101.177\/haut-allier\/usagers-transportse\/wp-content\/uploads\/2022\/11\/clermont-moulins-paris-14_web_du_11-12-22_au_15-07-23-version_du_22-11-22.pdf\">clermont-moulins-paris-14_web_du_11-12-22_au_15-07-23-version_du_22-11-22.pdf<\/a>\n&nbsp;\n[fond bleu marine][blanc]<strong>Lignes vers Lyon : Clermont-Ferrand Roanne Lozanne Lyon &#038; Clermont-Ferrand Langeac Le Puy &#038; Le Puy Saint-Etienne Lyon<\/strong>[\/blanc][\/fond bleu marine]\n&nbsp;\nClermont Vichy Roanne Lyon\n<a href=\"http:\/\/5.45.101.177\/haut-allier\/usagers-transportse\/wp-content\/uploads\/2022\/11\/06_web_du_11-12-22_au_15-07-22-version_du_22-11-22.pdf\">06_web_du_11-12-22_au_15-07-22-version_du_22-11-22.pdf<\/a>\n&nbsp;\nClermont Langeac Le Puy en Velay\n<a href=\"http:\/\/5.45.101.177\/haut-allier\/usagers-transportse\/wp-content\/uploads\/2022\/11\/clermont-langeac-lepuy-26_web_du_01-01-23_au_15-07-23-version_du_22-11-22.pdf\">clermont-langeac-lepuy-26_web_du_01-01-23_au_15-07-23-version_du_22-11-22.pdf<\/a>\n&nbsp;\nLe Puy en Velay Saint Etienne Lyon\n<a href=\"http:\/\/5.45.101.177\/haut-allier\/usagers-transportse\/wp-content\/uploads\/2022\/11\/lyon-ste-lepuy-09_web_du_11-12-22_au_15-07-23-version_du_15-11-22.pdf\">lyon-ste-lepuy-09_web_du_11-12-22_au_15-07-23-version_du_15-11-22.pdf<\/a>\n&nbsp;\n[fond bleu marine][blanc]<strong>Ligne vers Toulouse : Clermont-Ferrand Aurillac Toulouse<\/strong>[\/blanc][\/fond bleu marine]\n&nbsp;\ndu 11\/12\/2022 au 31\/12\/2022\n<a href=\"http:\/\/5.45.101.177\/haut-allier\/usagers-transportse\/wp-content\/uploads\/2022\/11\/cat-01-65_web_du_10-12-22_au_31-12-22-version_du_17-11-22.pdf\">cat-01-65_web_du_10-12-22_au_31-12-22-version_du_17-11-22.pdf<\/a>\ndu 01\/01\/2023 au 07\/07\/2023\n<a href=\"http:\/\/5.45.101.177\/haut-allier\/usagers-transportse\/wp-content\/uploads\/2022\/11\/cat-65_di_hiv_2023-_v6.pdf\">cat-65_di_hiv_2023-_v6.pdf<\/a>\n&nbsp;\n<strong>Nous constatons de multiples fiches horaires pour une m\u00eame ligne de bout en bout, chacune des fiches INCOMPLETES, notamment des arr\u00eats non r\u00e9f\u00e9renc\u00e9s !!! \nAvec le <a href=\"https:\/\/reseauentrain.com\/\"><em>R\u00e9seau #EnTrain<\/em><\/a> nous exigeons l&rsquo;arr\u00eat imm\u00e9diat de cette gabegie &#8211; folie et la cr\u00e9ation d&rsquo;un organisme europ\u00e9en r\u00e9f\u00e9rent pour la coordination, puisqu&rsquo;au niveau franco fran\u00e7ais c&rsquo;est semble-t-il impossible, charg\u00e9 d&rsquo;\u00e9tablir les grilles horaires, les correspondances, de vendre les billets de tous les op\u00e9rateurs ferroviaires, actuels et futurs. La seule solution pour calmer le n&rsquo;importe quoi qui commence \u00e0 poindre. Le voyageur ne veut plus se prendre la t\u00eate avant de planifier son voyage. la seule solution est un organisme planificateur europ\u00e9en.\n\n<\/strong> <p>&nbsp;<\/p>\n\n\t<figure class=\"wp-block-gallery columns-2 is-cropped wp-block-gallery-1 is-layout-flex wp-block-gallery-is-layout-flex\">\n\t\t<ul class=\"blocks-gallery-grid\">\n\t\t\t<li class=\"blocks-gallery-item\">\n\t\t\t\t<figure>\n\t\t\t\t\t\t\t\t\t\t\t<img loading=\"lazy\" decoding=\"async\" width=\"2504\" height=\"661\" src=\"http:\/\/5.45.101.177\/haut-allier\/usagers-transportse\/wp-content\/uploads\/2022\/11\/cat-01012023-0.jpg\"\n\t\t\t\t\t\t alt=\"cat-01012023-0.jpg\"\n\t\t\t\t\t\t data-id=\"4150\"\n\t\t\t\t\t\t data-full-url=\"http:\/\/5.45.101.177\/haut-allier\/usagers-transportse\/wp-content\/uploads\/2022\/11\/cat-01012023-0.jpg\"\n\t\t\t\t\t\t data-link=\"http:\/\/5.45.101.177\/haut-allier\/usagers-transportse\/attachment-cat-01012023-0-jpg\/\"\n\t\t\t\t\t\t class=\"wp-image-4150\" srcset=\"https:\/\/usagers-transports.haut-allier.eu\/wp-content\/uploads\/2022\/11\/cat-01012023-0.jpg 2504w, https:\/\/usagers-transports.haut-allier.eu\/wp-content\/uploads\/2022\/11\/cat-01012023-0-300x79.jpg 300w, https:\/\/usagers-transports.haut-allier.eu\/wp-content\/uploads\/2022\/11\/cat-01012023-0-1024x270.jpg 1024w, https:\/\/usagers-transports.haut-allier.eu\/wp-content\/uploads\/2022\/11\/cat-01012023-0-768x203.jpg 768w, https:\/\/usagers-transports.haut-allier.eu\/wp-content\/uploads\/2022\/11\/cat-01012023-0-1536x405.jpg 1536w, https:\/\/usagers-transports.haut-allier.eu\/wp-content\/uploads\/2022\/11\/cat-01012023-0-2048x541.jpg 2048w\" sizes=\"auto, (max-width: 2504px) 100vw, 2504px\" \/>\n\t\t\t\t<\/figure>\n\t\t\t<\/li>\n\t\t\t<li class=\"blocks-gallery-item\">\n\t\t\t\t<figure>\n\t\t\t\t\t\t\t\t\t\t\t<img loading=\"lazy\" decoding=\"async\" width=\"2504\" height=\"661\" src=\"http:\/\/5.45.101.177\/haut-allier\/usagers-transportse\/wp-content\/uploads\/2022\/11\/cat-01012023-0-2.jpg\"\n\t\t\t\t\t\t alt=\"cat-01012023-0-2.jpg\"\n\t\t\t\t\t\t data-id=\"4151\"\n\t\t\t\t\t\t data-full-url=\"http:\/\/5.45.101.177\/haut-allier\/usagers-transportse\/wp-content\/uploads\/2022\/11\/cat-01012023-0-2.jpg\"\n\t\t\t\t\t\t data-link=\"http:\/\/5.45.101.177\/haut-allier\/usagers-transportse\/attachment-cat-01012023-0-2-jpg\/\"\n\t\t\t\t\t\t class=\"wp-image-4151\" srcset=\"https:\/\/usagers-transports.haut-allier.eu\/wp-content\/uploads\/2022\/11\/cat-01012023-0-2.jpg 2504w, https:\/\/usagers-transports.haut-allier.eu\/wp-content\/uploads\/2022\/11\/cat-01012023-0-2-300x79.jpg 300w, https:\/\/usagers-transports.haut-allier.eu\/wp-content\/uploads\/2022\/11\/cat-01012023-0-2-1024x270.jpg 1024w, https:\/\/usagers-transports.haut-allier.eu\/wp-content\/uploads\/2022\/11\/cat-01012023-0-2-768x203.jpg 768w, https:\/\/usagers-transports.haut-allier.eu\/wp-content\/uploads\/2022\/11\/cat-01012023-0-2-1536x405.jpg 1536w, https:\/\/usagers-transports.haut-allier.eu\/wp-content\/uploads\/2022\/11\/cat-01012023-0-2-2048x541.jpg 2048w\" sizes=\"auto, (max-width: 2504px) 100vw, 2504px\" \/>\n\t\t\t\t<\/figure>\n\t\t\t<\/li>\n\t\t<\/ul>\n\t<\/figure>\n","protected":false},"excerpt":{"rendered":"<p>Les nouvelles grilles horaires pour les principales lignes desservant le massif central (vous aurez le PDF en cliquant)<\/p>\n","protected":false},"author":1,"featured_media":4139,"comment_status":"open","ping_status":"open","sticky":false,"template":"","format":"standard","meta":{"footnotes":""},"categories":[2],"tags":[],"class_list":["post-953","post","type-post","status-publish","format-standard","has-post-thumbnail","hentry","category-infos"],"_links":{"self":[{"href":"https:\/\/usagers-transports.haut-allier.eu\/index.php\/wp-json\/wp\/v2\/posts\/953","targetHints":{"allow":["GET"]}}],"collection":[{"href":"https:\/\/usagers-transports.haut-allier.eu\/index.php\/wp-json\/wp\/v2\/posts"}],"about":[{"href":"https:\/\/usagers-transports.haut-allier.eu\/index.php\/wp-json\/wp\/v2\/types\/post"}],"author":[{"embeddable":true,"href":"https:\/\/usagers-transports.haut-allier.eu\/index.php\/wp-json\/wp\/v2\/users\/1"}],"replies":[{"embeddable":true,"href":"https:\/\/usagers-transports.haut-allier.eu\/index.php\/wp-json\/wp\/v2\/comments?post=953"}],"version-history":[{"count":1,"href":"https:\/\/usagers-transports.haut-allier.eu\/index.php\/wp-json\/wp\/v2\/posts\/953\/revisions"}],"predecessor-version":[{"id":4152,"href":"https:\/\/usagers-transports.haut-allier.eu\/index.php\/wp-json\/wp\/v2\/posts\/953\/revisions\/4152"}],"wp:featuredmedia":[{"embeddable":true,"href":"https:\/\/usagers-transports.haut-allier.eu\/index.php\/wp-json\/wp\/v2\/media\/4139"}],"wp:attachment":[{"href":"https:\/\/usagers-transports.haut-allier.eu\/index.php\/wp-json\/wp\/v2\/media?parent=953"}],"wp:term":[{"taxonomy":"category","embeddable":true,"href":"https:\/\/usagers-transports.haut-allier.eu\/index.php\/wp-json\/wp\/v2\/categories?post=953"},{"taxonomy":"post_tag","embeddable":true,"href":"https:\/\/usagers-transports.haut-allier.eu\/index.php\/wp-json\/wp\/v2\/tags?post=953"}],"curies":[{"name":"wp","href":"https:\/\/api.w.org\/{rel}","templated":true}]}}