{"id":954,"date":"2022-11-29T14:52:33","date_gmt":"2022-11-29T13:52:33","guid":{"rendered":"http:\/\/5.45.101.177\/haut-allier\/usagers-transportse\/index.php\/2022\/11\/29\/france-apres-le-tout-tgv-le-tout954\/"},"modified":"2026-09-01T16:00:48","modified_gmt":"2026-09-01T14:00:48","slug":"france-apres-le-tout-tgv-le-tout954","status":"publish","type":"post","link":"https:\/\/usagers-transports.haut-allier.eu\/index.php\/2022\/11\/29\/france-apres-le-tout-tgv-le-tout954\/","title":{"rendered":"France : apr\u00e8s le tout TGV, le tout RER ?"},"content":{"rendered":"C&rsquo;est bien le risque qui arrive, apr\u00e8s le tweet du dimanche de Macron annon\u00e7ant 10 RER pour bient\u00f4t, annonce qui prend le train en marche puisque n&rsquo;intervenant que bien apr\u00e8s que les collectivit\u00e9s locales et m\u00eame les usagers se soient empar\u00e9s du sujet. \n\n&nbsp;\n[fond noir][blanc]<strong>Le point sur les \u00e9tudes en cours dans la moiti\u00e9 sud du pays<\/strong>[\/blanc][\/fond noir]\n&nbsp;\n<strong>Marseille &#8211; Aix<\/strong>\nUne \u00e9tude a \u00e9t\u00e9 lanc\u00e9e en 2022 par la m\u00e9tropole (Aix Marseille Provence) dont le rendu doit \u00eatre remis en 2023 sur le p\u00e9rim\u00e8tre RER pour \u00ab\u00a0doubler l&rsquo;usage des transports collectifs\u00a0\u00bb. Par contre l&rsquo;objectif est un peu lointain&#8230; 2050. Un RER performant dans l&rsquo;agglom\u00e9ration Aix Marseille passe notamment par l&rsquo;am\u00e9nagement d&rsquo;une gare souterraine \u00e0 Marseille Saint-Charles, afin de fluidifier le trafic,  et celle-ci n&rsquo;est pas pr\u00e9vue avant 2035.\n&nbsp;\n<img loading=\"lazy\" decoding=\"async\" class=\" aligncenter size-full wp-image-4154\" src=\"http:\/\/5.45.101.177\/haut-allier\/usagers-transportse\/wp-content\/uploads\/2022\/11\/rermarseille.jpg\" alt=\"rermarseille.jpg\" align=\"center\" width=\"1085\" height=\"672\" srcset=\"https:\/\/usagers-transports.haut-allier.eu\/wp-content\/uploads\/2022\/11\/rermarseille.jpg 1085w, https:\/\/usagers-transports.haut-allier.eu\/wp-content\/uploads\/2022\/11\/rermarseille-300x186.jpg 300w, https:\/\/usagers-transports.haut-allier.eu\/wp-content\/uploads\/2022\/11\/rermarseille-1024x634.jpg 1024w, https:\/\/usagers-transports.haut-allier.eu\/wp-content\/uploads\/2022\/11\/rermarseille-768x476.jpg 768w\" sizes=\"auto, (max-width: 1085px) 100vw, 1085px\" \/>\n&nbsp;\n<strong>Toulouse<\/strong>\nFournissant un travail tr\u00e8s s\u00e9rieux, nos amis de l&rsquo;association <a href=\"https:\/\/www.rallumonsletoile.fr\/page\/1853576-accueil\">Rallumons l&rsquo;\u00e9toile<\/a> qui ont pr\u00each\u00e9 dans le vide durant de nombreuses ann\u00e9es voient ces derniers mois un revirement de situation : des r\u00e9unions viennent d&rsquo;avoir enfin lieu entre la m\u00e9tropole de Toulouse, la r\u00e9gion Occitanie, les communes concern\u00e9es, les usagers et l&rsquo;\u00e9tat. L&rsquo;id\u00e9e avance bien et se fait jour. L&rsquo;association affirme ce RER possible d\u00e8s 2024.\n<img loading=\"lazy\" decoding=\"async\" class=\" aligncenter size-full wp-image-4155\" src=\"http:\/\/5.45.101.177\/haut-allier\/usagers-transportse\/wp-content\/uploads\/2022\/11\/10adc4130e06a0561b351483b62d45fc.jpg\" alt=\"10adc4130e06a0561b351483b62d45fc.jpg\" align=\"center\" width=\"770\" height=\"1088\" srcset=\"https:\/\/usagers-transports.haut-allier.eu\/wp-content\/uploads\/2022\/11\/10adc4130e06a0561b351483b62d45fc.jpg 770w, https:\/\/usagers-transports.haut-allier.eu\/wp-content\/uploads\/2022\/11\/10adc4130e06a0561b351483b62d45fc-212x300.jpg 212w, https:\/\/usagers-transports.haut-allier.eu\/wp-content\/uploads\/2022\/11\/10adc4130e06a0561b351483b62d45fc-725x1024.jpg 725w, https:\/\/usagers-transports.haut-allier.eu\/wp-content\/uploads\/2022\/11\/10adc4130e06a0561b351483b62d45fc-768x1085.jpg 768w\" sizes=\"auto, (max-width: 770px) 100vw, 770px\" \/>\n&nbsp;\n<strong>Lyon<\/strong>\nLes annonces ont \u00e9t\u00e9 faites d\u00e8s avril 2022 par le pr\u00e9sident de r\u00e9gion Auvergne Rh\u00f4ne Alpes, mais l&rsquo;id\u00e9e court depuis 2021. Laurent Wauquiez veut un RER \u00ab\u00a0\u00e0 la lyonnaise\u00a0\u00bb dans la 3\u00e8me ville de France. Il y a consensus politique en tous cas y compris avec les \u00e9cologistes et le pr\u00e9sident des transports de la m\u00e9tropole.\nUn collectif s&rsquo;est empar\u00e9 du projet : <a href=\"https:\/\/rem-lyon.fr\/\"><em>le Rem-Lyon<\/em><\/a>. Il propose ceci :\n<img loading=\"lazy\" decoding=\"async\" class=\" aligncenter size-full wp-image-4156\" src=\"http:\/\/5.45.101.177\/haut-allier\/usagers-transportse\/wp-content\/uploads\/2022\/11\/reseau-express-metropolitain-rer-lyon.jpg\" alt=\"reseau-express-metropolitain-rer-lyon.jpg\" align=\"center\" width=\"952\" height=\"1021\" srcset=\"https:\/\/usagers-transports.haut-allier.eu\/wp-content\/uploads\/2022\/11\/reseau-express-metropolitain-rer-lyon.jpg 952w, https:\/\/usagers-transports.haut-allier.eu\/wp-content\/uploads\/2022\/11\/reseau-express-metropolitain-rer-lyon-280x300.jpg 280w, https:\/\/usagers-transports.haut-allier.eu\/wp-content\/uploads\/2022\/11\/reseau-express-metropolitain-rer-lyon-768x824.jpg 768w\" sizes=\"auto, (max-width: 952px) 100vw, 952px\" \/>\n&nbsp;\n<strong>Saint-Etienne<\/strong>\nUne \u00e9tude a \u00e9t\u00e9 lanc\u00e9e sur l&rsquo;\u00e9toile ferroviaire st\u00e9phanoise par la r\u00e9gion Auvergne Rh\u00f4ne Alpes mais le projet de RER lyonnais pr\u00e9c\u00e9dent englobe aussi la ville lig\u00e9rienne. Cela voudra-t-il dire qu&rsquo;elle perdra ainsi son statut d&rsquo;\u00e9toile et qu&rsquo;elle ne deviendra qu&rsquo;un cul de sac du RER lyonnais ? Probable et inqui\u00e9tant.\n&nbsp;\n<strong>Clermont-Ferrand<\/strong>\nLa r\u00e9gion Auvergne Rh\u00f4ne Alpes a lanc\u00e9 une \u00e9tude sur l&rsquo;\u00e9toile clermontoise et Fr\u00e9d\u00e9ric Aguilera son Vice-pr\u00e9sident charg\u00e9 des mobilit\u00e9s vient de nous surprendre ce mois-ci en annon\u00e7ant lors du comit\u00e9 d&rsquo;usagers Auvergne \u00e0 Vichy qu&rsquo;il envisageait un RER pour la capitale de l&rsquo;Auvergne. Tout est bon \u00e0 prendre si on peut dire \u00e0 condition que ce dispositif ne p\u00e9nalise pas les habitants en dehors du p\u00e9rim\u00e8tre touch\u00e9. Un r\u00e9seau renforc\u00e9 en rames et en plage horaires entre Langeac et Vichy, entre Chabreloche &#8211; Thiers et Le MontDore \u00e7a aurait de la gueule non ? Notre proposition se trouve ci dessous. Elle utilise les couloirs d\u00e9mographiques et \u00e9conomiques \u00e0 revigorer ou en cours. Oui y compris le Montdore (cliquer pour agrandir) :\n<img loading=\"lazy\" decoding=\"async\" class=\" aligncenter size-full wp-image-4157\" src=\"http:\/\/5.45.101.177\/haut-allier\/usagers-transportse\/wp-content\/uploads\/2022\/11\/rer-clermont.jpg\" alt=\"rer-clermont.jpg\" align=\"center\" width=\"1485\" height=\"1191\" srcset=\"https:\/\/usagers-transports.haut-allier.eu\/wp-content\/uploads\/2022\/11\/rer-clermont.jpg 1485w, https:\/\/usagers-transports.haut-allier.eu\/wp-content\/uploads\/2022\/11\/rer-clermont-300x241.jpg 300w, https:\/\/usagers-transports.haut-allier.eu\/wp-content\/uploads\/2022\/11\/rer-clermont-1024x821.jpg 1024w, https:\/\/usagers-transports.haut-allier.eu\/wp-content\/uploads\/2022\/11\/rer-clermont-768x616.jpg 768w\" sizes=\"auto, (max-width: 1485px) 100vw, 1485px\" \/>\n&nbsp;\n<strong>Grenoble<\/strong>\nA Grenoble, le projet d&rsquo;un RER est sur les rails depuis 2018. Support\u00e9 l\u00e0 aussi par la <a href=\"https:\/\/smmag.fr\/investir-pour-lavenir\/rer-ferroviaire\/\"><em>m\u00e9tropole<\/em><\/a>, il repose sur la construction de 3 nouvelles lignes : Rives &#8211; Brignoud avec un train chaque 1\/4 d&rsquo;heure, Saint-Marcellin-Gi\u00e8res avecun train chaque 1\/2 heure et Clelles-Grenoble avec un train chaque 1\/2 heure. Ech\u00e9ance 2027, 2030 ou 2035 dit la m\u00e9tropole.\n<img loading=\"lazy\" decoding=\"async\" class=\" aligncenter size-full wp-image-4158\" src=\"http:\/\/5.45.101.177\/haut-allier\/usagers-transportse\/wp-content\/uploads\/2022\/11\/rer-ferroviaire-grenoble.jpg\" alt=\"rer-ferroviaire-grenoble.jpg\" align=\"center\" width=\"800\" height=\"893\" srcset=\"https:\/\/usagers-transports.haut-allier.eu\/wp-content\/uploads\/2022\/11\/rer-ferroviaire-grenoble.jpg 800w, https:\/\/usagers-transports.haut-allier.eu\/wp-content\/uploads\/2022\/11\/rer-ferroviaire-grenoble-269x300.jpg 269w, https:\/\/usagers-transports.haut-allier.eu\/wp-content\/uploads\/2022\/11\/rer-ferroviaire-grenoble-768x857.jpg 768w\" sizes=\"auto, (max-width: 800px) 100vw, 800px\" \/>\n\n&nbsp;\n<strong>Bordeaux<\/strong>\nC&rsquo;est le projet de <a href=\"https:\/\/www.projet-rer-m.fr\/\"><em>RER M<\/em><\/a> (m\u00e9tropolitain) qui est en cours initi\u00e9 donc par la m\u00e9tropole de la capitale de Nouvelle Aquitaine. Une feuille de route a \u00e9t\u00e9 adopt\u00e9e en 2018 entre la r\u00e9gion, le d\u00e9partement de Gironde et la m\u00e9tropole. Il s&rsquo;agit d&rsquo;un renforcement progressif et intelligent du r\u00e9seau de transports de trains r\u00e9gionaux jusqu&rsquo;en 2030 : plus de trains, plus de gares, plus d&rsquo;\u00e9conomies, plus de cars.\n<img loading=\"lazy\" decoding=\"async\" class=\" aligncenter size-full wp-image-4159\" src=\"http:\/\/5.45.101.177\/haut-allier\/usagers-transportse\/wp-content\/uploads\/2022\/11\/screenshot-www.projet-rer-m.fr-2022.11.29-08_42_46.jpg\" alt=\"screenshot-www.projet-rer-m.fr-2022.11.29-08_42_46.jpg\" align=\"center\" width=\"800\" height=\"545\" srcset=\"https:\/\/usagers-transports.haut-allier.eu\/wp-content\/uploads\/2022\/11\/screenshot-www.projet-rer-m.fr-2022.11.29-08_42_46.jpg 800w, https:\/\/usagers-transports.haut-allier.eu\/wp-content\/uploads\/2022\/11\/screenshot-www.projet-rer-m.fr-2022.11.29-08_42_46-300x204.jpg 300w, https:\/\/usagers-transports.haut-allier.eu\/wp-content\/uploads\/2022\/11\/screenshot-www.projet-rer-m.fr-2022.11.29-08_42_46-768x523.jpg 768w\" sizes=\"auto, (max-width: 800px) 100vw, 800px\" \/>\n\n[fond noir][blanc]<strong>Et la SNCF dans tout \u00e7a nous direz vous ?<\/strong>[\/blanc][\/fond noir]\n&nbsp;\nEt bien elle <del>subit<\/del> suit les volont\u00e9s politiques et n&rsquo;a jamais \u00e9t\u00e9 en tous cas \u00ab\u00a0porteuse de propositions\u00a0\u00bb. Au mieux elle accompagnera et mettra en oeuvre ce qui a \u00e9t\u00e9 d\u00e9cid\u00e9 avec les budgets qui lui auront \u00e9t\u00e9 atttribu\u00e9s.\n&nbsp;\n[fond noir][blanc]<strong>De nombreux risques apparaissent<\/strong>[\/blanc][\/fond noir]\n&nbsp;\n[fond jaune]<strong>Acc\u00e9l\u00e9ration de la d\u00e9sertification des campagnes<\/strong>[\/fond jaune]\n&nbsp;\nUn RER c&rsquo;est super, \u00e7a r\u00e9pond \u00e0 la plupart des besoins en mobilit\u00e9 des habitants proches des m\u00e9tropoles mais aussi les autres vont accourir pour s&rsquo;agglutiner un peu plus dans les nouvelles capitales. Ce qui induira c&rsquo;est certain une accentuation du mouvement vers ces zones \u00e9quip\u00e9es depuis les zones d\u00e9laiss\u00e9es ou proches d\u00e9laiss\u00e9es. Est-ce un bon objectif au moment o\u00f9 certains urbains ont d\u00e9cid\u00e9 d&rsquo;aller vivre dans des zones plus tranquilles ? L&rsquo;\u00e9quilibre de certaines r\u00e9gions va s&rsquo;en trouver menac\u00e9. \n&nbsp;\n[fond jaune]<strong>Sur-occupation des infrastructures ferroviaires existantes<\/strong>[\/fond jaune]\n\nParce qu&rsquo;il n&rsquo;y a plus de sous dans les caisses, on va \u00e9viter de construire de nouvelles lignes ferroviaires qui co\u00fbtent tr\u00e8s cher. On va donc utiliser l&rsquo;existant. Le nouveau trafic de proximit\u00e9, RER, cadenc\u00e9 par exemple au quart d&rsquo;heure, au mieux, va induire automatiquement une saturation des voies, et donc certaines suppressions des trains Intercit\u00e9s, et inter r\u00e9gionaux. C&rsquo;est un des risques majeurs que nous voyons. Alors ce type de liaisons plus longues et d\u00e9j\u00e0 peu nombreuses mais indispensablesvont elles encore se rar\u00e9fier ? Le syst\u00e8me de signalisation utilis\u00e9 jusqu&rsquo;\u00e0 maintenant par la SNCF sur ses \u00ab\u00a0petites lignes\u00a0\u00bb, obsol\u00e8te, sera sans doute renouvel\u00e9. Mais sera-t-il suffisant pour faire circuler autant de trains \u00e0 l&rsquo;heure ? C&rsquo;est une vraie question ici, \u00e7a ne l&rsquo;est pas ailleurs en Europe.\n&nbsp;\n\n[fond jaune]<strong>N\u00e9cessit\u00e9 de tr\u00e8s nombreuses rames de trains suppl\u00e9mentaires<\/strong>[\/fond jaune]\n\nA moins de d\u00e9shabiller Paul pour habiller Jacques il sera obligatoire d&rsquo;augmenter le parc de rames disponibles. Sera-ce le m\u00eame mat\u00e9riel que celui des lignes TER existantes ? Vu l&rsquo;engouement du train qui va aller croissant il y a n\u00e9cessit\u00e9 d&rsquo;augmenter les capacit\u00e9 des voitures, de pr\u00e9voir des emplacements v\u00e9los. Sur les nouvelles voies on peut \u00e9ventuellement faire circuler un mat\u00e9riel diff\u00e9rent, plus l\u00e9ger et aussi confortable, comme celui par exemple de la ligne m\u00e9tropolitaine Lyon Saint-Pierre &#8211; Lozanne \u00e0 l&rsquo;ouest de la capitale des Gaules, une ligne toujours exploit\u00e9e par SNCF. Cela all\u00e9gerait la facture. \n&nbsp;\n[fond jaune]<strong>Qui va g\u00e9rer et quels tarifs pour l&rsquo;usager ?<\/strong>[\/fond jaune]\nQuand on parle de RER il s&rsquo;agit de trains classiques et donc on rentre un peu dans le giron des prestataires actuels : la SNCF et les r\u00e9gions. Mais les zones concern\u00e9es autour des villes correspondant parfaitement aux limites des agglom\u00e9rations ou des m\u00e9tropoles c&rsquo;est bien celles-ci qui sont les premi\u00e8res concern\u00e9es dans la gestion. Des accords se feront entre M\u00e9tropole et R\u00e9gion \u00e0 Lyon, les discussions sont bien avanc\u00e9es. L&rsquo;int\u00e9r\u00eat commun fait que le dialogue est obligatoire pour ces projets vitaux de mobilit\u00e9. On pourra parler l\u00e0 effectivement de d\u00e9veloppement de l&rsquo;offre de transports. Une billetterie commune \u00e0 tous les moyens de d\u00e9placement devra n\u00e9cessairement \u00eatre mise en place de fa\u00e7on \u00e0 faciliter son obtention. C&rsquo;est pratiqu\u00e9 dans certains endroits il faut que ce soit g\u00e9n\u00e9ralis\u00e9.\n\n&nbsp;\n[fond jaune]<strong>Qui va r\u00e9gler la note ?<\/strong>[\/fond jaune]\nPas seulement l&rsquo;\u00e9tat qui essaie de se d\u00e9gager des investissements \u00ab\u00a0en province\u00a0\u00bb le plus possible, mais surtout les r\u00e9gions, elles qui ont la comp\u00e9tence \u00ab\u00a0train\u00a0\u00bb donc RER, et puis certainement les m\u00e9tropoles et agglom\u00e9rations directement concern\u00e9es. Une r\u00e9partition entre ces acteurs sera certainement effectu\u00e9e. \n\n\n &nbsp;\n<em>Un voyageur RER \u00e0 Paris<\/em>\n<img loading=\"lazy\" decoding=\"async\" class=\" aligncenter size-full wp-image-4160\" src=\"http:\/\/5.45.101.177\/haut-allier\/usagers-transportse\/wp-content\/uploads\/2022\/11\/voyageurrer.jpg\" alt=\"voyageurrer.jpg\" align=\"center\" width=\"1000\" height=\"584\" srcset=\"https:\/\/usagers-transports.haut-allier.eu\/wp-content\/uploads\/2022\/11\/voyageurrer.jpg 1000w, https:\/\/usagers-transports.haut-allier.eu\/wp-content\/uploads\/2022\/11\/voyageurrer-300x175.jpg 300w, https:\/\/usagers-transports.haut-allier.eu\/wp-content\/uploads\/2022\/11\/voyageurrer-768x449.jpg 768w\" sizes=\"auto, (max-width: 1000px) 100vw, 1000px\" \/> \n\n&nbsp;\n<strong>Si elle n&rsquo;a pas servi \u00e0 grand chose sur le fond \u00ab\u00a0l&rsquo;annonce\u00a0\u00bb de Macron aura permis aux m\u00e9dias mainstream, ceux qui ne se posent pas trop de questions et suivent l&rsquo;actualit\u00e9 du vent, de s&#8217;emparer du sujet. De nombreux acteurs y travaillent depuis plusieurs ann\u00e9es. C&rsquo;est une des solutions classiques. Il ne faut pas que les lignes longues distances qui utilisent pour certaines la m\u00eame infrastructure soient p\u00e9nalis\u00e9es, mais au contraire d\u00e9velopp\u00e9es. Nous avons tous droit \u00e0 une meilleure mobilit\u00e9 collective, en cadencement, en plages horaires, en confort, en ponctualit\u00e9.<\/strong><p>&nbsp;<\/p>\n\n\t<figure class=\"wp-block-gallery columns-1 is-cropped wp-block-gallery-1 is-layout-flex wp-block-gallery-is-layout-flex\">\n\t\t<ul class=\"blocks-gallery-grid\">\n\t\t\t<li class=\"blocks-gallery-item\">\n\t\t\t\t<figure>\n\t\t\t\t\t\t\t\t\t\t\t<img loading=\"lazy\" decoding=\"async\" width=\"621\" height=\"572\" src=\"http:\/\/5.45.101.177\/haut-allier\/usagers-transportse\/wp-content\/uploads\/2022\/11\/screenshot-metropoledelyon-udi.org-2022.11.29-09_03_05.jpg\"\n\t\t\t\t\t\t alt=\"screenshot-metropoledelyon-udi.org-2022.11.29-09_03_05.jpg\"\n\t\t\t\t\t\t data-id=\"4161\"\n\t\t\t\t\t\t data-full-url=\"http:\/\/5.45.101.177\/haut-allier\/usagers-transportse\/wp-content\/uploads\/2022\/11\/screenshot-metropoledelyon-udi.org-2022.11.29-09_03_05.jpg\"\n\t\t\t\t\t\t data-link=\"http:\/\/5.45.101.177\/haut-allier\/usagers-transportse\/attachment-screenshot-metropoledelyon-udi-org-2022-11-29-09_03_05-jpg\/\"\n\t\t\t\t\t\t class=\"wp-image-4161\" srcset=\"https:\/\/usagers-transports.haut-allier.eu\/wp-content\/uploads\/2022\/11\/screenshot-metropoledelyon-udi.org-2022.11.29-09_03_05.jpg 621w, https:\/\/usagers-transports.haut-allier.eu\/wp-content\/uploads\/2022\/11\/screenshot-metropoledelyon-udi.org-2022.11.29-09_03_05-300x276.jpg 300w\" sizes=\"auto, (max-width: 621px) 100vw, 621px\" \/>\n\t\t\t\t<\/figure>\n\t\t\t<\/li>\n\t\t<\/ul>\n\t<\/figure>\n","protected":false},"excerpt":{"rendered":"<p>C&rsquo;est bien le risque qui arrive, apr\u00e8s le tweet du dimanche de Macron annon\u00e7ant 10 RER pour bient\u00f4t,<\/p>\n","protected":false},"author":1,"featured_media":4153,"comment_status":"open","ping_status":"open","sticky":false,"template":"","format":"standard","meta":{"footnotes":""},"categories":[7],"tags":[],"class_list":["post-954","post","type-post","status-publish","format-standard","has-post-thumbnail","hentry","category-ailleurs"],"_links":{"self":[{"href":"https:\/\/usagers-transports.haut-allier.eu\/index.php\/wp-json\/wp\/v2\/posts\/954","targetHints":{"allow":["GET"]}}],"collection":[{"href":"https:\/\/usagers-transports.haut-allier.eu\/index.php\/wp-json\/wp\/v2\/posts"}],"about":[{"href":"https:\/\/usagers-transports.haut-allier.eu\/index.php\/wp-json\/wp\/v2\/types\/post"}],"author":[{"embeddable":true,"href":"https:\/\/usagers-transports.haut-allier.eu\/index.php\/wp-json\/wp\/v2\/users\/1"}],"replies":[{"embeddable":true,"href":"https:\/\/usagers-transports.haut-allier.eu\/index.php\/wp-json\/wp\/v2\/comments?post=954"}],"version-history":[{"count":1,"href":"https:\/\/usagers-transports.haut-allier.eu\/index.php\/wp-json\/wp\/v2\/posts\/954\/revisions"}],"predecessor-version":[{"id":4162,"href":"https:\/\/usagers-transports.haut-allier.eu\/index.php\/wp-json\/wp\/v2\/posts\/954\/revisions\/4162"}],"wp:featuredmedia":[{"embeddable":true,"href":"https:\/\/usagers-transports.haut-allier.eu\/index.php\/wp-json\/wp\/v2\/media\/4153"}],"wp:attachment":[{"href":"https:\/\/usagers-transports.haut-allier.eu\/index.php\/wp-json\/wp\/v2\/media?parent=954"}],"wp:term":[{"taxonomy":"category","embeddable":true,"href":"https:\/\/usagers-transports.haut-allier.eu\/index.php\/wp-json\/wp\/v2\/categories?post=954"},{"taxonomy":"post_tag","embeddable":true,"href":"https:\/\/usagers-transports.haut-allier.eu\/index.php\/wp-json\/wp\/v2\/tags?post=954"}],"curies":[{"name":"wp","href":"https:\/\/api.w.org\/{rel}","templated":true}]}}