{"id":956,"date":"2022-12-08T09:45:19","date_gmt":"2022-12-08T08:45:19","guid":{"rendered":"http:\/\/5.45.101.177\/haut-allier\/usagers-transportse\/index.php\/2022\/12\/08\/transports-en-occitanie-jean-luc956\/"},"modified":"2022-12-08T09:45:19","modified_gmt":"2022-12-08T08:45:19","slug":"transports-en-occitanie-jean-luc956","status":"publish","type":"post","link":"https:\/\/usagers-transports.haut-allier.eu\/index.php\/2022\/12\/08\/transports-en-occitanie-jean-luc956\/","title":{"rendered":"Transports en Occitanie : Jean-Luc Gibelin sur France Bleu"},"content":{"rendered":"<p>Le Vice-pr\u00e9sident charg\u00e9 des mobilit\u00e9s \u00e0 la r\u00e9gion Occitanie intervenait ce matin sur France Bleu Gard Loz\u00e8re interrog\u00e9 sur les sujets suivants: le succ\u00e8s des billets \u00e0 un euro, les rencontres de la gauche, les perturbations li\u00e9es aux mouvement sociaux \u00e0 la SNCF, aux \u00ab\u00a0contraintes de production\u00a0\u00bb,<br \/>\n&nbsp;<br \/>\nVoici l&rsquo;audio de son entretien.<br \/>\n&nbsp;<br \/>\n<a href=\"http:\/\/5.45.101.177\/haut-allier\/usagers-transportse\/wp-content\/uploads\/2022\/12\/fbgardlozere-gibelin.mp3\">fbgardlozere-gibelin.mp3<\/a><br \/>\n&nbsp;<\/p>\n","protected":false},"excerpt":{"rendered":"<p>Le Vice-pr\u00e9sident charg\u00e9 des mobilit\u00e9s \u00e0 la r\u00e9gion Occitanie intervenait ce matin sur France Bleu Gard Loz\u00e8re interrog\u00e9<\/p>\n","protected":false},"author":1,"featured_media":4164,"comment_status":"open","ping_status":"open","sticky":false,"template":"","format":"standard","meta":{"footnotes":""},"categories":[2],"tags":[],"class_list":["post-956","post","type-post","status-publish","format-standard","has-post-thumbnail","hentry","category-infos"],"_links":{"self":[{"href":"https:\/\/usagers-transports.haut-allier.eu\/index.php\/wp-json\/wp\/v2\/posts\/956","targetHints":{"allow":["GET"]}}],"collection":[{"href":"https:\/\/usagers-transports.haut-allier.eu\/index.php\/wp-json\/wp\/v2\/posts"}],"about":[{"href":"https:\/\/usagers-transports.haut-allier.eu\/index.php\/wp-json\/wp\/v2\/types\/post"}],"author":[{"embeddable":true,"href":"https:\/\/usagers-transports.haut-allier.eu\/index.php\/wp-json\/wp\/v2\/users\/1"}],"replies":[{"embeddable":true,"href":"https:\/\/usagers-transports.haut-allier.eu\/index.php\/wp-json\/wp\/v2\/comments?post=956"}],"version-history":[{"count":0,"href":"https:\/\/usagers-transports.haut-allier.eu\/index.php\/wp-json\/wp\/v2\/posts\/956\/revisions"}],"wp:featuredmedia":[{"embeddable":true,"href":"https:\/\/usagers-transports.haut-allier.eu\/index.php\/wp-json\/wp\/v2\/media\/4164"}],"wp:attachment":[{"href":"https:\/\/usagers-transports.haut-allier.eu\/index.php\/wp-json\/wp\/v2\/media?parent=956"}],"wp:term":[{"taxonomy":"category","embeddable":true,"href":"https:\/\/usagers-transports.haut-allier.eu\/index.php\/wp-json\/wp\/v2\/categories?post=956"},{"taxonomy":"post_tag","embeddable":true,"href":"https:\/\/usagers-transports.haut-allier.eu\/index.php\/wp-json\/wp\/v2\/tags?post=956"}],"curies":[{"name":"wp","href":"https:\/\/api.w.org\/{rel}","templated":true}]}}