{"id":958,"date":"2022-12-12T11:13:29","date_gmt":"2022-12-12T10:13:29","guid":{"rendered":"http:\/\/5.45.101.177\/haut-allier\/usagers-transportse\/index.php\/2022\/12\/12\/ligne-grenoble-gap-une-reouverture958\/"},"modified":"2022-12-12T11:13:29","modified_gmt":"2022-12-12T10:13:29","slug":"ligne-grenoble-gap-une-reouverture958","status":"publish","type":"post","link":"https:\/\/usagers-transports.haut-allier.eu\/index.php\/2022\/12\/12\/ligne-grenoble-gap-une-reouverture958\/","title":{"rendered":"Ligne Grenoble &#8211; Gap : une r\u00e9ouverture joyeusement f\u00eat\u00e9e&#8230; mais au go\u00fbt amer"},"content":{"rendered":"<p>Hier dimanche 11 d\u00e9cembre avait lieu la remise en circulation de la ligne Grenoble Gap apr\u00e8s 11 mois de travaux. Une journ\u00e9e festive mais les participants \u00e9taient bien conscients que leur combat n&rsquo;\u00e9tait pas termin\u00e9 pour autant.<br \/>\n&nbsp;<br \/>\nVoici l&rsquo;interview exclusive de Nicolas Tremblay du <a href=\"https:\/\/etoileferroviairedeveynes.info\/\"><em>Collectif de l&rsquo;Etoile de Veynes<\/em><\/a> r\u00e9alis\u00e9e dans le TER qui amenait les activistes vers Lus la Croix haute, lieu de convergence d&rsquo;une c\u00e9l\u00e9bration boud\u00e9e par l&rsquo;Etat, les r\u00e9gions SUD et Auvergne Rh\u00f4ne Alpes et la SNCF, pourtant financeurs des travaux \u00ab\u00a0\u00e0 minima\u00a0\u00bb pour cette r\u00e9ouverture. Ensuite nous vous ferons le r\u00e9cit d&rsquo;une journ\u00e9e loin d&rsquo;\u00eatre toute rose pour les usagers que nous \u00e9tions, et c&rsquo;est l\u00e0 qu&rsquo;on comprend mieux l&rsquo;absence des autorit\u00e9s organisatrices des transports, les r\u00e9gions, de l&rsquo;\u00e9tat et de la SNCF. Un service public qui d&rsquo;entr\u00e9e de jeu fait piti\u00e9.<br \/>\n&nbsp;<br \/>\n<a href=\"http:\/\/5.45.101.177\/haut-allier\/usagers-transportse\/wp-content\/uploads\/2022\/12\/nicolas-tremblay-vid_20221211_104912.mp4\">nicolas-tremblay-vid_20221211_104912.mp4<\/a><br \/>\n&nbsp;<br \/>\nNous avions pr\u00e9vu de rejoindre Grenoble pour les premiers discours avec le premier TER inaugurant la ligne qui passait \u00e0 7h35 \u00e0 Veynes D\u00e9voluy.<br \/>\n<img loading=\"lazy\" decoding=\"async\" class=\" aligncenter size-full wp-image-4168\" src=\"http:\/\/5.45.101.177\/haut-allier\/usagers-transportse\/wp-content\/uploads\/2022\/12\/2000-img_20221211_065953_030.jpg\" alt=\"2000-img_20221211_065953_030.jpg\" align=\"center\" width=\"2000\" height=\"1125\" srcset=\"https:\/\/usagers-transports.haut-allier.eu\/wp-content\/uploads\/2022\/12\/2000-img_20221211_065953_030.jpg 2000w, https:\/\/usagers-transports.haut-allier.eu\/wp-content\/uploads\/2022\/12\/2000-img_20221211_065953_030-300x169.jpg 300w, https:\/\/usagers-transports.haut-allier.eu\/wp-content\/uploads\/2022\/12\/2000-img_20221211_065953_030-1024x576.jpg 1024w, https:\/\/usagers-transports.haut-allier.eu\/wp-content\/uploads\/2022\/12\/2000-img_20221211_065953_030-768x432.jpg 768w, https:\/\/usagers-transports.haut-allier.eu\/wp-content\/uploads\/2022\/12\/2000-img_20221211_065953_030-1536x864.jpg 1536w\" sizes=\"auto, (max-width: 2000px) 100vw, 2000px\" \/><br \/>\n<img loading=\"lazy\" decoding=\"async\" class=\" aligncenter size-full wp-image-4169\" src=\"http:\/\/5.45.101.177\/haut-allier\/usagers-transportse\/wp-content\/uploads\/2022\/12\/2000-img_20221211_070459_294.jpg\" alt=\"2000-img_20221211_070459_294.jpg\" align=\"center\" width=\"2000\" height=\"1125\" srcset=\"https:\/\/usagers-transports.haut-allier.eu\/wp-content\/uploads\/2022\/12\/2000-img_20221211_070459_294.jpg 2000w, https:\/\/usagers-transports.haut-allier.eu\/wp-content\/uploads\/2022\/12\/2000-img_20221211_070459_294-300x169.jpg 300w, https:\/\/usagers-transports.haut-allier.eu\/wp-content\/uploads\/2022\/12\/2000-img_20221211_070459_294-1024x576.jpg 1024w, https:\/\/usagers-transports.haut-allier.eu\/wp-content\/uploads\/2022\/12\/2000-img_20221211_070459_294-768x432.jpg 768w, https:\/\/usagers-transports.haut-allier.eu\/wp-content\/uploads\/2022\/12\/2000-img_20221211_070459_294-1536x864.jpg 1536w\" sizes=\"auto, (max-width: 2000px) 100vw, 2000px\" \/><\/p>\n<p>Accueil&#8230; Merci \u00e0 la r\u00e9gion SUD de fermer les guichets.<br \/>\n<img loading=\"lazy\" decoding=\"async\" class=\" aligncenter size-full wp-image-4170\" src=\"http:\/\/5.45.101.177\/haut-allier\/usagers-transportse\/wp-content\/uploads\/2022\/12\/2000-img_20221211_070156_173.jpg\" alt=\"2000-img_20221211_070156_173.jpg\" align=\"center\" width=\"1125\" height=\"936\" srcset=\"https:\/\/usagers-transports.haut-allier.eu\/wp-content\/uploads\/2022\/12\/2000-img_20221211_070156_173.jpg 1125w, https:\/\/usagers-transports.haut-allier.eu\/wp-content\/uploads\/2022\/12\/2000-img_20221211_070156_173-300x250.jpg 300w, https:\/\/usagers-transports.haut-allier.eu\/wp-content\/uploads\/2022\/12\/2000-img_20221211_070156_173-1024x852.jpg 1024w, https:\/\/usagers-transports.haut-allier.eu\/wp-content\/uploads\/2022\/12\/2000-img_20221211_070156_173-768x639.jpg 768w\" sizes=\"auto, (max-width: 1125px) 100vw, 1125px\" \/><\/p>\n<p>Pas de chauffage en gare avec les -2\u00b0 dehors, distributeur alimentaire sabot\u00e9. On veut bien suivre les conseils mais pratique \u00e0 6h du matin de trouver un commerce ouvert \u00e0 Veynes.<br \/>\n<img loading=\"lazy\" decoding=\"async\" class=\" aligncenter size-full wp-image-4171\" src=\"http:\/\/5.45.101.177\/haut-allier\/usagers-transportse\/wp-content\/uploads\/2022\/12\/2000-img_20221211_070425_491.jpg\" alt=\"2000-img_20221211_070425_491.jpg\" align=\"center\" width=\"1125\" height=\"2000\" srcset=\"https:\/\/usagers-transports.haut-allier.eu\/wp-content\/uploads\/2022\/12\/2000-img_20221211_070425_491.jpg 1125w, https:\/\/usagers-transports.haut-allier.eu\/wp-content\/uploads\/2022\/12\/2000-img_20221211_070425_491-169x300.jpg 169w, https:\/\/usagers-transports.haut-allier.eu\/wp-content\/uploads\/2022\/12\/2000-img_20221211_070425_491-576x1024.jpg 576w, https:\/\/usagers-transports.haut-allier.eu\/wp-content\/uploads\/2022\/12\/2000-img_20221211_070425_491-768x1365.jpg 768w, https:\/\/usagers-transports.haut-allier.eu\/wp-content\/uploads\/2022\/12\/2000-img_20221211_070425_491-864x1536.jpg 864w\" sizes=\"auto, (max-width: 1125px) 100vw, 1125px\" \/><\/p>\n<p>Surprise surprise, le train est annonc\u00e9 avec 15 minutes de retard, en fait ce sera 20.<br \/>\n<img loading=\"lazy\" decoding=\"async\" class=\" aligncenter size-full wp-image-4172\" src=\"http:\/\/5.45.101.177\/haut-allier\/usagers-transportse\/wp-content\/uploads\/2022\/12\/2000-img_20221211_070326_837.jpg\" alt=\"2000-img_20221211_070326_837.jpg\" align=\"center\" width=\"2000\" height=\"1125\" srcset=\"https:\/\/usagers-transports.haut-allier.eu\/wp-content\/uploads\/2022\/12\/2000-img_20221211_070326_837.jpg 2000w, https:\/\/usagers-transports.haut-allier.eu\/wp-content\/uploads\/2022\/12\/2000-img_20221211_070326_837-300x169.jpg 300w, https:\/\/usagers-transports.haut-allier.eu\/wp-content\/uploads\/2022\/12\/2000-img_20221211_070326_837-1024x576.jpg 1024w, https:\/\/usagers-transports.haut-allier.eu\/wp-content\/uploads\/2022\/12\/2000-img_20221211_070326_837-768x432.jpg 768w, https:\/\/usagers-transports.haut-allier.eu\/wp-content\/uploads\/2022\/12\/2000-img_20221211_070326_837-1536x864.jpg 1536w\" sizes=\"auto, (max-width: 2000px) 100vw, 2000px\" \/><\/p>\n<p>Nous avons le temps de visiter les quais et de d\u00e9couvrir la banderole du collectif de l&rsquo;Etoile de Veynes.<br \/>\n<img loading=\"lazy\" decoding=\"async\" class=\" aligncenter size-full wp-image-4173\" src=\"http:\/\/5.45.101.177\/haut-allier\/usagers-transportse\/wp-content\/uploads\/2022\/12\/2000-img_20221211_071345_021.jpg\" alt=\"2000-img_20221211_071345_021.jpg\" align=\"center\" width=\"2000\" height=\"1125\" srcset=\"https:\/\/usagers-transports.haut-allier.eu\/wp-content\/uploads\/2022\/12\/2000-img_20221211_071345_021.jpg 2000w, https:\/\/usagers-transports.haut-allier.eu\/wp-content\/uploads\/2022\/12\/2000-img_20221211_071345_021-300x169.jpg 300w, https:\/\/usagers-transports.haut-allier.eu\/wp-content\/uploads\/2022\/12\/2000-img_20221211_071345_021-1024x576.jpg 1024w, https:\/\/usagers-transports.haut-allier.eu\/wp-content\/uploads\/2022\/12\/2000-img_20221211_071345_021-768x432.jpg 768w, https:\/\/usagers-transports.haut-allier.eu\/wp-content\/uploads\/2022\/12\/2000-img_20221211_071345_021-1536x864.jpg 1536w\" sizes=\"auto, (max-width: 2000px) 100vw, 2000px\" \/><br \/>\n<img loading=\"lazy\" decoding=\"async\" class=\" aligncenter size-full wp-image-4174\" src=\"http:\/\/5.45.101.177\/haut-allier\/usagers-transportse\/wp-content\/uploads\/2022\/12\/2000-img_20221211_070738_956.jpg\" alt=\"2000-img_20221211_070738_956.jpg\" align=\"center\" width=\"2000\" height=\"1125\" srcset=\"https:\/\/usagers-transports.haut-allier.eu\/wp-content\/uploads\/2022\/12\/2000-img_20221211_070738_956.jpg 2000w, https:\/\/usagers-transports.haut-allier.eu\/wp-content\/uploads\/2022\/12\/2000-img_20221211_070738_956-300x169.jpg 300w, https:\/\/usagers-transports.haut-allier.eu\/wp-content\/uploads\/2022\/12\/2000-img_20221211_070738_956-1024x576.jpg 1024w, https:\/\/usagers-transports.haut-allier.eu\/wp-content\/uploads\/2022\/12\/2000-img_20221211_070738_956-768x432.jpg 768w, https:\/\/usagers-transports.haut-allier.eu\/wp-content\/uploads\/2022\/12\/2000-img_20221211_070738_956-1536x864.jpg 1536w\" sizes=\"auto, (max-width: 2000px) 100vw, 2000px\" \/><\/p>\n<p>Une fois install\u00e9s, surprise surprise, annonce du contr\u00f4leur : \u00ab\u00a0Le train est bloqu\u00e9 en gare de Veynes et ne peut pas red\u00e9marrer \u00e0 cause du froid, les compresseurs ne d\u00e9marrent pas, on ne sait pas quand on partira.\u00a0\u00bb<br \/>\n<img loading=\"lazy\" decoding=\"async\" class=\" aligncenter size-full wp-image-4175\" src=\"http:\/\/5.45.101.177\/haut-allier\/usagers-transportse\/wp-content\/uploads\/2022\/12\/2000-img_20221211_080043_579.jpg\" alt=\"2000-img_20221211_080043_579.jpg\" align=\"center\" width=\"2000\" height=\"1125\" srcset=\"https:\/\/usagers-transports.haut-allier.eu\/wp-content\/uploads\/2022\/12\/2000-img_20221211_080043_579.jpg 2000w, https:\/\/usagers-transports.haut-allier.eu\/wp-content\/uploads\/2022\/12\/2000-img_20221211_080043_579-300x169.jpg 300w, https:\/\/usagers-transports.haut-allier.eu\/wp-content\/uploads\/2022\/12\/2000-img_20221211_080043_579-1024x576.jpg 1024w, https:\/\/usagers-transports.haut-allier.eu\/wp-content\/uploads\/2022\/12\/2000-img_20221211_080043_579-768x432.jpg 768w, https:\/\/usagers-transports.haut-allier.eu\/wp-content\/uploads\/2022\/12\/2000-img_20221211_080043_579-1536x864.jpg 1536w\" sizes=\"auto, (max-width: 2000px) 100vw, 2000px\" \/><\/p>\n<p>On sort prendre l&rsquo;air. L&rsquo;attente se poursuit et d\u00e9j\u00e0 le jour se l\u00e8ve.<br \/>\n<img loading=\"lazy\" decoding=\"async\" class=\" aligncenter size-full wp-image-4176\" src=\"http:\/\/5.45.101.177\/haut-allier\/usagers-transportse\/wp-content\/uploads\/2022\/12\/2000-img_20221211_080130_153.jpg\" alt=\"2000-img_20221211_080130_153.jpg\" align=\"center\" width=\"2000\" height=\"1125\" srcset=\"https:\/\/usagers-transports.haut-allier.eu\/wp-content\/uploads\/2022\/12\/2000-img_20221211_080130_153.jpg 2000w, https:\/\/usagers-transports.haut-allier.eu\/wp-content\/uploads\/2022\/12\/2000-img_20221211_080130_153-300x169.jpg 300w, https:\/\/usagers-transports.haut-allier.eu\/wp-content\/uploads\/2022\/12\/2000-img_20221211_080130_153-1024x576.jpg 1024w, https:\/\/usagers-transports.haut-allier.eu\/wp-content\/uploads\/2022\/12\/2000-img_20221211_080130_153-768x432.jpg 768w, https:\/\/usagers-transports.haut-allier.eu\/wp-content\/uploads\/2022\/12\/2000-img_20221211_080130_153-1536x864.jpg 1536w\" sizes=\"auto, (max-width: 2000px) 100vw, 2000px\" \/><\/p>\n<p>En d\u00e9finitive nous partons avec 35 minutes de retard. C&rsquo;est parti pour les cimes et les premi\u00e8res neiges. D&rsquo;abord la gare d&rsquo;Aspres sur Buech puis Lus la Croix Haute puis Clelles-Mens&#8230;<br \/>\n<img loading=\"lazy\" decoding=\"async\" class=\" aligncenter size-full wp-image-4177\" src=\"http:\/\/5.45.101.177\/haut-allier\/usagers-transportse\/wp-content\/uploads\/2022\/12\/screenshot-www.francebleu.fr-2022.12.12-10_32_22.jpg\" alt=\"screenshot-www.francebleu.fr-2022.12.12-10_32_22.jpg\" align=\"center\" width=\"385\" height=\"523\" srcset=\"https:\/\/usagers-transports.haut-allier.eu\/wp-content\/uploads\/2022\/12\/screenshot-www.francebleu.fr-2022.12.12-10_32_22.jpg 385w, https:\/\/usagers-transports.haut-allier.eu\/wp-content\/uploads\/2022\/12\/screenshot-www.francebleu.fr-2022.12.12-10_32_22-221x300.jpg 221w\" sizes=\"auto, (max-width: 385px) 100vw, 385px\" \/><br \/>\n<img loading=\"lazy\" decoding=\"async\" class=\" aligncenter size-full wp-image-4178\" src=\"http:\/\/5.45.101.177\/haut-allier\/usagers-transportse\/wp-content\/uploads\/2022\/12\/2000-img_20221211_082136_399.jpg\" alt=\"2000-img_20221211_082136_399.jpg\" align=\"center\" width=\"2000\" height=\"1125\" srcset=\"https:\/\/usagers-transports.haut-allier.eu\/wp-content\/uploads\/2022\/12\/2000-img_20221211_082136_399.jpg 2000w, https:\/\/usagers-transports.haut-allier.eu\/wp-content\/uploads\/2022\/12\/2000-img_20221211_082136_399-300x169.jpg 300w, https:\/\/usagers-transports.haut-allier.eu\/wp-content\/uploads\/2022\/12\/2000-img_20221211_082136_399-1024x576.jpg 1024w, https:\/\/usagers-transports.haut-allier.eu\/wp-content\/uploads\/2022\/12\/2000-img_20221211_082136_399-768x432.jpg 768w, https:\/\/usagers-transports.haut-allier.eu\/wp-content\/uploads\/2022\/12\/2000-img_20221211_082136_399-1536x864.jpg 1536w\" sizes=\"auto, (max-width: 2000px) 100vw, 2000px\" \/><br \/>\n<img loading=\"lazy\" decoding=\"async\" class=\" aligncenter size-full wp-image-4179\" src=\"http:\/\/5.45.101.177\/haut-allier\/usagers-transportse\/wp-content\/uploads\/2022\/12\/2000-img_20221211_084731_129.jpg\" alt=\"2000-img_20221211_084731_129.jpg\" align=\"center\" width=\"2000\" height=\"1130\" srcset=\"https:\/\/usagers-transports.haut-allier.eu\/wp-content\/uploads\/2022\/12\/2000-img_20221211_084731_129.jpg 2000w, https:\/\/usagers-transports.haut-allier.eu\/wp-content\/uploads\/2022\/12\/2000-img_20221211_084731_129-300x170.jpg 300w, https:\/\/usagers-transports.haut-allier.eu\/wp-content\/uploads\/2022\/12\/2000-img_20221211_084731_129-1024x579.jpg 1024w, https:\/\/usagers-transports.haut-allier.eu\/wp-content\/uploads\/2022\/12\/2000-img_20221211_084731_129-768x434.jpg 768w, https:\/\/usagers-transports.haut-allier.eu\/wp-content\/uploads\/2022\/12\/2000-img_20221211_084731_129-1536x868.jpg 1536w\" sizes=\"auto, (max-width: 2000px) 100vw, 2000px\" \/><br \/>\n<img loading=\"lazy\" decoding=\"async\" class=\" aligncenter size-full wp-image-4180\" src=\"http:\/\/5.45.101.177\/haut-allier\/usagers-transportse\/wp-content\/uploads\/2022\/12\/2000-img_20221211_084840_963.jpg\" alt=\"2000-img_20221211_084840_963.jpg\" align=\"center\" width=\"2000\" height=\"1125\" srcset=\"https:\/\/usagers-transports.haut-allier.eu\/wp-content\/uploads\/2022\/12\/2000-img_20221211_084840_963.jpg 2000w, https:\/\/usagers-transports.haut-allier.eu\/wp-content\/uploads\/2022\/12\/2000-img_20221211_084840_963-300x169.jpg 300w, https:\/\/usagers-transports.haut-allier.eu\/wp-content\/uploads\/2022\/12\/2000-img_20221211_084840_963-1024x576.jpg 1024w, https:\/\/usagers-transports.haut-allier.eu\/wp-content\/uploads\/2022\/12\/2000-img_20221211_084840_963-768x432.jpg 768w, https:\/\/usagers-transports.haut-allier.eu\/wp-content\/uploads\/2022\/12\/2000-img_20221211_084840_963-1536x864.jpg 1536w\" sizes=\"auto, (max-width: 2000px) 100vw, 2000px\" \/><br \/>\n<img loading=\"lazy\" decoding=\"async\" class=\" aligncenter size-full wp-image-4181\" src=\"http:\/\/5.45.101.177\/haut-allier\/usagers-transportse\/wp-content\/uploads\/2022\/12\/2000-img_20221211_085308_222.jpg\" alt=\"2000-img_20221211_085308_222.jpg\" align=\"center\" width=\"2000\" height=\"1125\" srcset=\"https:\/\/usagers-transports.haut-allier.eu\/wp-content\/uploads\/2022\/12\/2000-img_20221211_085308_222.jpg 2000w, https:\/\/usagers-transports.haut-allier.eu\/wp-content\/uploads\/2022\/12\/2000-img_20221211_085308_222-300x169.jpg 300w, https:\/\/usagers-transports.haut-allier.eu\/wp-content\/uploads\/2022\/12\/2000-img_20221211_085308_222-1024x576.jpg 1024w, https:\/\/usagers-transports.haut-allier.eu\/wp-content\/uploads\/2022\/12\/2000-img_20221211_085308_222-768x432.jpg 768w, https:\/\/usagers-transports.haut-allier.eu\/wp-content\/uploads\/2022\/12\/2000-img_20221211_085308_222-1536x864.jpg 1536w\" sizes=\"auto, (max-width: 2000px) 100vw, 2000px\" \/><br \/>\n<img loading=\"lazy\" decoding=\"async\" class=\" aligncenter size-full wp-image-4182\" src=\"http:\/\/5.45.101.177\/haut-allier\/usagers-transportse\/wp-content\/uploads\/2022\/12\/2000-img_20221211_092248_798.jpg\" alt=\"2000-img_20221211_092248_798.jpg\" align=\"center\" width=\"2000\" height=\"1384\" srcset=\"https:\/\/usagers-transports.haut-allier.eu\/wp-content\/uploads\/2022\/12\/2000-img_20221211_092248_798.jpg 2000w, https:\/\/usagers-transports.haut-allier.eu\/wp-content\/uploads\/2022\/12\/2000-img_20221211_092248_798-300x208.jpg 300w, https:\/\/usagers-transports.haut-allier.eu\/wp-content\/uploads\/2022\/12\/2000-img_20221211_092248_798-1024x709.jpg 1024w, https:\/\/usagers-transports.haut-allier.eu\/wp-content\/uploads\/2022\/12\/2000-img_20221211_092248_798-768x531.jpg 768w, https:\/\/usagers-transports.haut-allier.eu\/wp-content\/uploads\/2022\/12\/2000-img_20221211_092248_798-1536x1063.jpg 1536w\" sizes=\"auto, (max-width: 2000px) 100vw, 2000px\" \/><br \/>\n<img loading=\"lazy\" decoding=\"async\" class=\" aligncenter size-full wp-image-4183\" src=\"http:\/\/5.45.101.177\/haut-allier\/usagers-transportse\/wp-content\/uploads\/2022\/12\/2000-img_20221211_085308_222-2.jpg\" alt=\"2000-img_20221211_085308_222-2.jpg\" align=\"center\" width=\"2000\" height=\"1125\" srcset=\"https:\/\/usagers-transports.haut-allier.eu\/wp-content\/uploads\/2022\/12\/2000-img_20221211_085308_222-2.jpg 2000w, https:\/\/usagers-transports.haut-allier.eu\/wp-content\/uploads\/2022\/12\/2000-img_20221211_085308_222-2-300x169.jpg 300w, https:\/\/usagers-transports.haut-allier.eu\/wp-content\/uploads\/2022\/12\/2000-img_20221211_085308_222-2-1024x576.jpg 1024w, https:\/\/usagers-transports.haut-allier.eu\/wp-content\/uploads\/2022\/12\/2000-img_20221211_085308_222-2-768x432.jpg 768w, https:\/\/usagers-transports.haut-allier.eu\/wp-content\/uploads\/2022\/12\/2000-img_20221211_085308_222-2-1536x864.jpg 1536w\" sizes=\"auto, (max-width: 2000px) 100vw, 2000px\" \/><\/p>\n<p>Nous circulons avec 40 minutes de retard. Cela ne nous permettra pas d&rsquo;assister aux discours en gare de Grenoble. Nous d\u00e9cidons de descendre \u00e0 Pont de Claix (banlieue industrielle de Grenoble) pour attraper le TER qui am\u00e8ne les activistes \u00e0 Lus pour les c\u00e9r\u00e9monies de midi.<br \/>\n<img loading=\"lazy\" decoding=\"async\" class=\" aligncenter size-full wp-image-4184\" src=\"http:\/\/5.45.101.177\/haut-allier\/usagers-transportse\/wp-content\/uploads\/2022\/12\/2000-img_20221211_101422_277.jpg\" alt=\"2000-img_20221211_101422_277.jpg\" align=\"center\" width=\"2000\" height=\"1125\" srcset=\"https:\/\/usagers-transports.haut-allier.eu\/wp-content\/uploads\/2022\/12\/2000-img_20221211_101422_277.jpg 2000w, https:\/\/usagers-transports.haut-allier.eu\/wp-content\/uploads\/2022\/12\/2000-img_20221211_101422_277-300x169.jpg 300w, https:\/\/usagers-transports.haut-allier.eu\/wp-content\/uploads\/2022\/12\/2000-img_20221211_101422_277-1024x576.jpg 1024w, https:\/\/usagers-transports.haut-allier.eu\/wp-content\/uploads\/2022\/12\/2000-img_20221211_101422_277-768x432.jpg 768w, https:\/\/usagers-transports.haut-allier.eu\/wp-content\/uploads\/2022\/12\/2000-img_20221211_101422_277-1536x864.jpg 1536w\" sizes=\"auto, (max-width: 2000px) 100vw, 2000px\" \/><\/p>\n<p>Accueil \u00e0 la gare de Pont-de-Claix : aucune fiche horaire du nouveau service de la ligne qui d\u00e9bute le jour m\u00eame. Seule une vieille fiche obsol\u00e8te tr\u00f4ne.<br \/>\n<img loading=\"lazy\" decoding=\"async\" class=\" aligncenter size-full wp-image-4185\" src=\"http:\/\/5.45.101.177\/haut-allier\/usagers-transportse\/wp-content\/uploads\/2022\/12\/2000-img_20221211_101603_255.jpg\" alt=\"2000-img_20221211_101603_255.jpg\" align=\"center\" width=\"2000\" height=\"1125\" srcset=\"https:\/\/usagers-transports.haut-allier.eu\/wp-content\/uploads\/2022\/12\/2000-img_20221211_101603_255.jpg 2000w, https:\/\/usagers-transports.haut-allier.eu\/wp-content\/uploads\/2022\/12\/2000-img_20221211_101603_255-300x169.jpg 300w, https:\/\/usagers-transports.haut-allier.eu\/wp-content\/uploads\/2022\/12\/2000-img_20221211_101603_255-1024x576.jpg 1024w, https:\/\/usagers-transports.haut-allier.eu\/wp-content\/uploads\/2022\/12\/2000-img_20221211_101603_255-768x432.jpg 768w, https:\/\/usagers-transports.haut-allier.eu\/wp-content\/uploads\/2022\/12\/2000-img_20221211_101603_255-1536x864.jpg 1536w\" sizes=\"auto, (max-width: 2000px) 100vw, 2000px\" \/><\/p>\n<p>Le TER est annonc\u00e9 aussi avec 10 minutes de retard. En fait il sera \u00e0 l&rsquo;heure. Merveille des annonces SNCF.<br \/>\n<img loading=\"lazy\" decoding=\"async\" class=\" aligncenter size-full wp-image-4186\" src=\"http:\/\/5.45.101.177\/haut-allier\/usagers-transportse\/wp-content\/uploads\/2022\/12\/2000-img_20221211_101502_528.jpg\" alt=\"2000-img_20221211_101502_528.jpg\" align=\"center\" width=\"2000\" height=\"1125\" srcset=\"https:\/\/usagers-transports.haut-allier.eu\/wp-content\/uploads\/2022\/12\/2000-img_20221211_101502_528.jpg 2000w, https:\/\/usagers-transports.haut-allier.eu\/wp-content\/uploads\/2022\/12\/2000-img_20221211_101502_528-300x169.jpg 300w, https:\/\/usagers-transports.haut-allier.eu\/wp-content\/uploads\/2022\/12\/2000-img_20221211_101502_528-1024x576.jpg 1024w, https:\/\/usagers-transports.haut-allier.eu\/wp-content\/uploads\/2022\/12\/2000-img_20221211_101502_528-768x432.jpg 768w, https:\/\/usagers-transports.haut-allier.eu\/wp-content\/uploads\/2022\/12\/2000-img_20221211_101502_528-1536x864.jpg 1536w\" sizes=\"auto, (max-width: 2000px) 100vw, 2000px\" \/><\/p>\n<p>Une fois dans le train bond\u00e9 en double rame (alors qu&rsquo;il est annonc\u00e9 sur les applications en simple rame) autre ambiance&#8230;<br \/>\n<img loading=\"lazy\" decoding=\"async\" class=\" aligncenter size-full wp-image-4187\" src=\"http:\/\/5.45.101.177\/haut-allier\/usagers-transportse\/wp-content\/uploads\/2022\/12\/2000-img_20221211_103604_537.jpg\" alt=\"2000-img_20221211_103604_537.jpg\" align=\"center\" width=\"2000\" height=\"1125\" srcset=\"https:\/\/usagers-transports.haut-allier.eu\/wp-content\/uploads\/2022\/12\/2000-img_20221211_103604_537.jpg 2000w, https:\/\/usagers-transports.haut-allier.eu\/wp-content\/uploads\/2022\/12\/2000-img_20221211_103604_537-300x169.jpg 300w, https:\/\/usagers-transports.haut-allier.eu\/wp-content\/uploads\/2022\/12\/2000-img_20221211_103604_537-1024x576.jpg 1024w, https:\/\/usagers-transports.haut-allier.eu\/wp-content\/uploads\/2022\/12\/2000-img_20221211_103604_537-768x432.jpg 768w, https:\/\/usagers-transports.haut-allier.eu\/wp-content\/uploads\/2022\/12\/2000-img_20221211_103604_537-1536x864.jpg 1536w\" sizes=\"auto, (max-width: 2000px) 100vw, 2000px\" \/><\/p>\n<p>Les annonces au micro sont assur\u00e9es par une charmante membre du collectif<br \/>\n<img loading=\"lazy\" decoding=\"async\" class=\" aligncenter size-full wp-image-4188\" src=\"http:\/\/5.45.101.177\/haut-allier\/usagers-transportse\/wp-content\/uploads\/2022\/12\/2000-img_20221211_104428_926.jpg\" alt=\"2000-img_20221211_104428_926.jpg\" align=\"center\" width=\"1125\" height=\"2000\" srcset=\"https:\/\/usagers-transports.haut-allier.eu\/wp-content\/uploads\/2022\/12\/2000-img_20221211_104428_926.jpg 1125w, https:\/\/usagers-transports.haut-allier.eu\/wp-content\/uploads\/2022\/12\/2000-img_20221211_104428_926-169x300.jpg 169w, https:\/\/usagers-transports.haut-allier.eu\/wp-content\/uploads\/2022\/12\/2000-img_20221211_104428_926-576x1024.jpg 576w, https:\/\/usagers-transports.haut-allier.eu\/wp-content\/uploads\/2022\/12\/2000-img_20221211_104428_926-768x1365.jpg 768w, https:\/\/usagers-transports.haut-allier.eu\/wp-content\/uploads\/2022\/12\/2000-img_20221211_104428_926-864x1536.jpg 864w\" sizes=\"auto, (max-width: 1125px) 100vw, 1125px\" \/><\/p>\n<p>Ambiance accord\u00e9on et d\u00e9clamations diverses&#8230;<br \/>\n<img loading=\"lazy\" decoding=\"async\" class=\" aligncenter size-full wp-image-4189\" src=\"http:\/\/5.45.101.177\/haut-allier\/usagers-transportse\/wp-content\/uploads\/2022\/12\/2000-img_20221211_111421_120.jpg\" alt=\"2000-img_20221211_111421_120.jpg\" align=\"center\" width=\"2000\" height=\"1125\" srcset=\"https:\/\/usagers-transports.haut-allier.eu\/wp-content\/uploads\/2022\/12\/2000-img_20221211_111421_120.jpg 2000w, https:\/\/usagers-transports.haut-allier.eu\/wp-content\/uploads\/2022\/12\/2000-img_20221211_111421_120-300x169.jpg 300w, https:\/\/usagers-transports.haut-allier.eu\/wp-content\/uploads\/2022\/12\/2000-img_20221211_111421_120-1024x576.jpg 1024w, https:\/\/usagers-transports.haut-allier.eu\/wp-content\/uploads\/2022\/12\/2000-img_20221211_111421_120-768x432.jpg 768w, https:\/\/usagers-transports.haut-allier.eu\/wp-content\/uploads\/2022\/12\/2000-img_20221211_111421_120-1536x864.jpg 1536w\" sizes=\"auto, (max-width: 2000px) 100vw, 2000px\" \/><br \/>\n<img loading=\"lazy\" decoding=\"async\" class=\" aligncenter size-full wp-image-4190\" src=\"http:\/\/5.45.101.177\/haut-allier\/usagers-transportse\/wp-content\/uploads\/2022\/12\/2000-img_20221211_110949_461.jpg\" alt=\"2000-img_20221211_110949_461.jpg\" align=\"center\" width=\"2000\" height=\"1125\" srcset=\"https:\/\/usagers-transports.haut-allier.eu\/wp-content\/uploads\/2022\/12\/2000-img_20221211_110949_461.jpg 2000w, https:\/\/usagers-transports.haut-allier.eu\/wp-content\/uploads\/2022\/12\/2000-img_20221211_110949_461-300x169.jpg 300w, https:\/\/usagers-transports.haut-allier.eu\/wp-content\/uploads\/2022\/12\/2000-img_20221211_110949_461-1024x576.jpg 1024w, https:\/\/usagers-transports.haut-allier.eu\/wp-content\/uploads\/2022\/12\/2000-img_20221211_110949_461-768x432.jpg 768w, https:\/\/usagers-transports.haut-allier.eu\/wp-content\/uploads\/2022\/12\/2000-img_20221211_110949_461-1536x864.jpg 1536w\" sizes=\"auto, (max-width: 2000px) 100vw, 2000px\" \/><\/p>\n<p>300 passagers ont pris place dans ce train pour Lus. A l&rsquo;arriv\u00e9e, discours des \u00e9lus locaux, musique et d\u00e9clamations&#8230; par une temp\u00e9rature et un vent glacial.<br \/>\n<img loading=\"lazy\" decoding=\"async\" class=\" aligncenter size-full wp-image-4191\" src=\"http:\/\/5.45.101.177\/haut-allier\/usagers-transportse\/wp-content\/uploads\/2022\/12\/2000-img_20221211_112703_616.jpg\" alt=\"2000-img_20221211_112703_616.jpg\" align=\"center\" width=\"2000\" height=\"1125\" srcset=\"https:\/\/usagers-transports.haut-allier.eu\/wp-content\/uploads\/2022\/12\/2000-img_20221211_112703_616.jpg 2000w, https:\/\/usagers-transports.haut-allier.eu\/wp-content\/uploads\/2022\/12\/2000-img_20221211_112703_616-300x169.jpg 300w, https:\/\/usagers-transports.haut-allier.eu\/wp-content\/uploads\/2022\/12\/2000-img_20221211_112703_616-1024x576.jpg 1024w, https:\/\/usagers-transports.haut-allier.eu\/wp-content\/uploads\/2022\/12\/2000-img_20221211_112703_616-768x432.jpg 768w, https:\/\/usagers-transports.haut-allier.eu\/wp-content\/uploads\/2022\/12\/2000-img_20221211_112703_616-1536x864.jpg 1536w\" sizes=\"auto, (max-width: 2000px) 100vw, 2000px\" \/><br \/>\n<img loading=\"lazy\" decoding=\"async\" class=\" aligncenter size-full wp-image-4192\" src=\"http:\/\/5.45.101.177\/haut-allier\/usagers-transportse\/wp-content\/uploads\/2022\/12\/2000-img_20221211_120237_399.jpg\" alt=\"2000-img_20221211_120237_399.jpg\" align=\"center\" width=\"2000\" height=\"1125\" srcset=\"https:\/\/usagers-transports.haut-allier.eu\/wp-content\/uploads\/2022\/12\/2000-img_20221211_120237_399.jpg 2000w, https:\/\/usagers-transports.haut-allier.eu\/wp-content\/uploads\/2022\/12\/2000-img_20221211_120237_399-300x169.jpg 300w, https:\/\/usagers-transports.haut-allier.eu\/wp-content\/uploads\/2022\/12\/2000-img_20221211_120237_399-1024x576.jpg 1024w, https:\/\/usagers-transports.haut-allier.eu\/wp-content\/uploads\/2022\/12\/2000-img_20221211_120237_399-768x432.jpg 768w, https:\/\/usagers-transports.haut-allier.eu\/wp-content\/uploads\/2022\/12\/2000-img_20221211_120237_399-1536x864.jpg 1536w\" sizes=\"auto, (max-width: 2000px) 100vw, 2000px\" \/><br \/>\n<img loading=\"lazy\" decoding=\"async\" class=\" aligncenter size-full wp-image-4193\" src=\"http:\/\/5.45.101.177\/haut-allier\/usagers-transportse\/wp-content\/uploads\/2022\/12\/2000-img_20221211_124231_610.jpg\" alt=\"2000-img_20221211_124231_610.jpg\" align=\"center\" width=\"2000\" height=\"1125\" srcset=\"https:\/\/usagers-transports.haut-allier.eu\/wp-content\/uploads\/2022\/12\/2000-img_20221211_124231_610.jpg 2000w, https:\/\/usagers-transports.haut-allier.eu\/wp-content\/uploads\/2022\/12\/2000-img_20221211_124231_610-300x169.jpg 300w, https:\/\/usagers-transports.haut-allier.eu\/wp-content\/uploads\/2022\/12\/2000-img_20221211_124231_610-1024x576.jpg 1024w, https:\/\/usagers-transports.haut-allier.eu\/wp-content\/uploads\/2022\/12\/2000-img_20221211_124231_610-768x432.jpg 768w, https:\/\/usagers-transports.haut-allier.eu\/wp-content\/uploads\/2022\/12\/2000-img_20221211_124231_610-1536x864.jpg 1536w\" sizes=\"auto, (max-width: 2000px) 100vw, 2000px\" \/><br \/>\n<img loading=\"lazy\" decoding=\"async\" class=\" aligncenter size-full wp-image-4194\" src=\"http:\/\/5.45.101.177\/haut-allier\/usagers-transportse\/wp-content\/uploads\/2022\/12\/2000-img_20221211_125803_898.jpg\" alt=\"2000-img_20221211_125803_898.jpg\" align=\"center\" width=\"2000\" height=\"1125\" srcset=\"https:\/\/usagers-transports.haut-allier.eu\/wp-content\/uploads\/2022\/12\/2000-img_20221211_125803_898.jpg 2000w, https:\/\/usagers-transports.haut-allier.eu\/wp-content\/uploads\/2022\/12\/2000-img_20221211_125803_898-300x169.jpg 300w, https:\/\/usagers-transports.haut-allier.eu\/wp-content\/uploads\/2022\/12\/2000-img_20221211_125803_898-1024x576.jpg 1024w, https:\/\/usagers-transports.haut-allier.eu\/wp-content\/uploads\/2022\/12\/2000-img_20221211_125803_898-768x432.jpg 768w, https:\/\/usagers-transports.haut-allier.eu\/wp-content\/uploads\/2022\/12\/2000-img_20221211_125803_898-1536x864.jpg 1536w\" sizes=\"auto, (max-width: 2000px) 100vw, 2000px\" \/><br \/>\n<img loading=\"lazy\" decoding=\"async\" class=\" aligncenter size-full wp-image-4195\" src=\"http:\/\/5.45.101.177\/haut-allier\/usagers-transportse\/wp-content\/uploads\/2022\/12\/2000-img_20221211_125753_362.jpg\" alt=\"2000-img_20221211_125753_362.jpg\" align=\"center\" width=\"2000\" height=\"1125\" srcset=\"https:\/\/usagers-transports.haut-allier.eu\/wp-content\/uploads\/2022\/12\/2000-img_20221211_125753_362.jpg 2000w, https:\/\/usagers-transports.haut-allier.eu\/wp-content\/uploads\/2022\/12\/2000-img_20221211_125753_362-300x169.jpg 300w, https:\/\/usagers-transports.haut-allier.eu\/wp-content\/uploads\/2022\/12\/2000-img_20221211_125753_362-1024x576.jpg 1024w, https:\/\/usagers-transports.haut-allier.eu\/wp-content\/uploads\/2022\/12\/2000-img_20221211_125753_362-768x432.jpg 768w, https:\/\/usagers-transports.haut-allier.eu\/wp-content\/uploads\/2022\/12\/2000-img_20221211_125753_362-1536x864.jpg 1536w\" sizes=\"auto, (max-width: 2000px) 100vw, 2000px\" \/><\/p>\n<p>L&rsquo;accueil des participants par le maire de Lus la Croix Haute, Laurent Bernard.<br \/>\n<img loading=\"lazy\" decoding=\"async\" class=\" aligncenter size-full wp-image-4196\" src=\"http:\/\/5.45.101.177\/haut-allier\/usagers-transportse\/wp-content\/uploads\/2022\/12\/mairevlcsnap-2022-12-12-11h47m00s280.jpg\" alt=\"mairevlcsnap-2022-12-12-11h47m00s280.jpg\" align=\"center\" width=\"852\" height=\"565\" srcset=\"https:\/\/usagers-transports.haut-allier.eu\/wp-content\/uploads\/2022\/12\/mairevlcsnap-2022-12-12-11h47m00s280.jpg 852w, https:\/\/usagers-transports.haut-allier.eu\/wp-content\/uploads\/2022\/12\/mairevlcsnap-2022-12-12-11h47m00s280-300x199.jpg 300w, https:\/\/usagers-transports.haut-allier.eu\/wp-content\/uploads\/2022\/12\/mairevlcsnap-2022-12-12-11h47m00s280-768x509.jpg 768w\" sizes=\"auto, (max-width: 852px) 100vw, 852px\" \/><\/p>\n<p>Quelques autres impressions&#8230;<br \/>\n<img loading=\"lazy\" decoding=\"async\" class=\" aligncenter size-full wp-image-4197\" src=\"http:\/\/5.45.101.177\/haut-allier\/usagers-transportse\/wp-content\/uploads\/2022\/12\/2000-img_20221211_133741_440.jpg\" alt=\"2000-img_20221211_133741_440.jpg\" align=\"center\" width=\"2000\" height=\"1125\" srcset=\"https:\/\/usagers-transports.haut-allier.eu\/wp-content\/uploads\/2022\/12\/2000-img_20221211_133741_440.jpg 2000w, https:\/\/usagers-transports.haut-allier.eu\/wp-content\/uploads\/2022\/12\/2000-img_20221211_133741_440-300x169.jpg 300w, https:\/\/usagers-transports.haut-allier.eu\/wp-content\/uploads\/2022\/12\/2000-img_20221211_133741_440-1024x576.jpg 1024w, https:\/\/usagers-transports.haut-allier.eu\/wp-content\/uploads\/2022\/12\/2000-img_20221211_133741_440-768x432.jpg 768w, https:\/\/usagers-transports.haut-allier.eu\/wp-content\/uploads\/2022\/12\/2000-img_20221211_133741_440-1536x864.jpg 1536w\" sizes=\"auto, (max-width: 2000px) 100vw, 2000px\" \/><br \/>\n<img loading=\"lazy\" decoding=\"async\" class=\" aligncenter size-full wp-image-4198\" src=\"http:\/\/5.45.101.177\/haut-allier\/usagers-transportse\/wp-content\/uploads\/2022\/12\/2000img_20221211_134034_838.jpg\" alt=\"2000img_20221211_134034_838.jpg\" align=\"center\" width=\"2000\" height=\"1125\" srcset=\"https:\/\/usagers-transports.haut-allier.eu\/wp-content\/uploads\/2022\/12\/2000img_20221211_134034_838.jpg 2000w, https:\/\/usagers-transports.haut-allier.eu\/wp-content\/uploads\/2022\/12\/2000img_20221211_134034_838-300x169.jpg 300w, https:\/\/usagers-transports.haut-allier.eu\/wp-content\/uploads\/2022\/12\/2000img_20221211_134034_838-1024x576.jpg 1024w, https:\/\/usagers-transports.haut-allier.eu\/wp-content\/uploads\/2022\/12\/2000img_20221211_134034_838-768x432.jpg 768w, https:\/\/usagers-transports.haut-allier.eu\/wp-content\/uploads\/2022\/12\/2000img_20221211_134034_838-1536x864.jpg 1536w\" sizes=\"auto, (max-width: 2000px) 100vw, 2000px\" \/><br \/>\n<img loading=\"lazy\" decoding=\"async\" class=\" aligncenter size-full wp-image-4199\" src=\"http:\/\/5.45.101.177\/haut-allier\/usagers-transportse\/wp-content\/uploads\/2022\/12\/2000-img_20221211_125846_770.jpg\" alt=\"2000-img_20221211_125846_770.jpg\" align=\"center\" width=\"2000\" height=\"1792\" srcset=\"https:\/\/usagers-transports.haut-allier.eu\/wp-content\/uploads\/2022\/12\/2000-img_20221211_125846_770.jpg 2000w, https:\/\/usagers-transports.haut-allier.eu\/wp-content\/uploads\/2022\/12\/2000-img_20221211_125846_770-300x269.jpg 300w, https:\/\/usagers-transports.haut-allier.eu\/wp-content\/uploads\/2022\/12\/2000-img_20221211_125846_770-1024x918.jpg 1024w, https:\/\/usagers-transports.haut-allier.eu\/wp-content\/uploads\/2022\/12\/2000-img_20221211_125846_770-768x688.jpg 768w, https:\/\/usagers-transports.haut-allier.eu\/wp-content\/uploads\/2022\/12\/2000-img_20221211_125846_770-1536x1376.jpg 1536w\" sizes=\"auto, (max-width: 2000px) 100vw, 2000px\" \/><br \/>\n<img loading=\"lazy\" decoding=\"async\" class=\" aligncenter size-full wp-image-4200\" src=\"http:\/\/5.45.101.177\/haut-allier\/usagers-transportse\/wp-content\/uploads\/2022\/12\/2000-img_20221211_131515_114.jpg\" alt=\"2000-img_20221211_131515_114.jpg\" align=\"center\" width=\"2000\" height=\"1125\" srcset=\"https:\/\/usagers-transports.haut-allier.eu\/wp-content\/uploads\/2022\/12\/2000-img_20221211_131515_114.jpg 2000w, https:\/\/usagers-transports.haut-allier.eu\/wp-content\/uploads\/2022\/12\/2000-img_20221211_131515_114-300x169.jpg 300w, https:\/\/usagers-transports.haut-allier.eu\/wp-content\/uploads\/2022\/12\/2000-img_20221211_131515_114-1024x576.jpg 1024w, https:\/\/usagers-transports.haut-allier.eu\/wp-content\/uploads\/2022\/12\/2000-img_20221211_131515_114-768x432.jpg 768w, https:\/\/usagers-transports.haut-allier.eu\/wp-content\/uploads\/2022\/12\/2000-img_20221211_131515_114-1536x864.jpg 1536w\" sizes=\"auto, (max-width: 2000px) 100vw, 2000px\" \/><\/p>\n<p>Et enfin l&rsquo;arriv\u00e9e du TER de Gap en fanfare amenant les activistes de la r\u00e9gion Sud \u00e0 Lus.<br \/>\n<a href=\"http:\/\/5.45.101.177\/haut-allier\/usagers-transportse\/wp-content\/uploads\/2022\/12\/2000-vid_20221211_130214.mp4\">2000-vid_20221211_130214.mp4<\/a><br \/>\n&nbsp;<br \/>\nNous avons \u00e9t\u00e9 assez pr\u00e9sents tout au long de la journ\u00e9e sur <a href=\"https:\/\/twitter.com\/UsagersHtAllier\"><em>notre compte Twitter<\/em><\/a>.<br \/>\n&nbsp;<br \/>\nDans la presse : Ouest France<br \/>\n<img loading=\"lazy\" decoding=\"async\" class=\" aligncenter size-full wp-image-4202\" src=\"http:\/\/5.45.101.177\/haut-allier\/usagers-transportse\/wp-content\/uploads\/2022\/12\/screenshot-www.ouest-france.fr-2022.12.12-09_49_55-scaled.jpg\" alt=\"screenshot-www.ouest-france.fr-2022.12.12-09_49_55.jpg\" align=\"center\" width=\"751\" height=\"2560\" srcset=\"https:\/\/usagers-transports.haut-allier.eu\/wp-content\/uploads\/2022\/12\/screenshot-www.ouest-france.fr-2022.12.12-09_49_55-scaled.jpg 751w, https:\/\/usagers-transports.haut-allier.eu\/wp-content\/uploads\/2022\/12\/screenshot-www.ouest-france.fr-2022.12.12-09_49_55-88x300.jpg 88w, https:\/\/usagers-transports.haut-allier.eu\/wp-content\/uploads\/2022\/12\/screenshot-www.ouest-france.fr-2022.12.12-09_49_55-300x1024.jpg 300w, https:\/\/usagers-transports.haut-allier.eu\/wp-content\/uploads\/2022\/12\/screenshot-www.ouest-france.fr-2022.12.12-09_49_55-768x2619.jpg 768w, https:\/\/usagers-transports.haut-allier.eu\/wp-content\/uploads\/2022\/12\/screenshot-www.ouest-france.fr-2022.12.12-09_49_55-601x2048.jpg 601w\" sizes=\"auto, (max-width: 751px) 100vw, 751px\" \/><\/p>\n","protected":false},"excerpt":{"rendered":"<p>Hier dimanche 11 d\u00e9cembre avait lieu la remise en circulation de la ligne Grenoble Gap apr\u00e8s 11 mois<\/p>\n","protected":false},"author":1,"featured_media":4166,"comment_status":"open","ping_status":"open","sticky":false,"template":"","format":"standard","meta":{"footnotes":""},"categories":[3],"tags":[],"class_list":["post-958","post","type-post","status-publish","format-standard","has-post-thumbnail","hentry","category-en-train"],"_links":{"self":[{"href":"https:\/\/usagers-transports.haut-allier.eu\/index.php\/wp-json\/wp\/v2\/posts\/958","targetHints":{"allow":["GET"]}}],"collection":[{"href":"https:\/\/usagers-transports.haut-allier.eu\/index.php\/wp-json\/wp\/v2\/posts"}],"about":[{"href":"https:\/\/usagers-transports.haut-allier.eu\/index.php\/wp-json\/wp\/v2\/types\/post"}],"author":[{"embeddable":true,"href":"https:\/\/usagers-transports.haut-allier.eu\/index.php\/wp-json\/wp\/v2\/users\/1"}],"replies":[{"embeddable":true,"href":"https:\/\/usagers-transports.haut-allier.eu\/index.php\/wp-json\/wp\/v2\/comments?post=958"}],"version-history":[{"count":0,"href":"https:\/\/usagers-transports.haut-allier.eu\/index.php\/wp-json\/wp\/v2\/posts\/958\/revisions"}],"wp:featuredmedia":[{"embeddable":true,"href":"https:\/\/usagers-transports.haut-allier.eu\/index.php\/wp-json\/wp\/v2\/media\/4166"}],"wp:attachment":[{"href":"https:\/\/usagers-transports.haut-allier.eu\/index.php\/wp-json\/wp\/v2\/media?parent=958"}],"wp:term":[{"taxonomy":"category","embeddable":true,"href":"https:\/\/usagers-transports.haut-allier.eu\/index.php\/wp-json\/wp\/v2\/categories?post=958"},{"taxonomy":"post_tag","embeddable":true,"href":"https:\/\/usagers-transports.haut-allier.eu\/index.php\/wp-json\/wp\/v2\/tags?post=958"}],"curies":[{"name":"wp","href":"https:\/\/api.w.org\/{rel}","templated":true}]}}