{"id":959,"date":"2022-12-15T07:03:19","date_gmt":"2022-12-15T06:03:19","guid":{"rendered":"http:\/\/5.45.101.177\/haut-allier\/usagers-transportse\/index.php\/2022\/12\/15\/ligne-clermont-fd-thiers-boen-st959\/"},"modified":"2022-12-15T07:03:19","modified_gmt":"2022-12-15T06:03:19","slug":"ligne-clermont-fd-thiers-boen-st959","status":"publish","type":"post","link":"https:\/\/usagers-transports.haut-allier.eu\/index.php\/2022\/12\/15\/ligne-clermont-fd-thiers-boen-st959\/","title":{"rendered":"Ligne Clermont Fd &#8211; Thiers &#8211; Bo\u00ebn &#8211; St Etienne &#8211; Lyon : Lumi\u00e8res sur les rails le 28 janvier"},"content":{"rendered":"<p>L&rsquo;association <a href=\"https:\/\/letrain634269.org\"><em>LeTrain634269<\/em><\/a> organise une mobilisation le 28 janvier 2023 sur trois gares pour d\u00e9montrer l&rsquo;int\u00e9r\u00eat de la r\u00e9ouverture de la voie ferr\u00e9e entre Clermont-Ferrand et St Etienne selon le programme ci-dessous :<br \/>\n&nbsp;<br \/>\n&#8211; A 18h dans les gares de Thiers et Bo\u00ebn sur Lignon, rassemblements simultan\u00e9s pour confectionner une fl\u00e8che avec des bougies (possibilit\u00e9s de covoiturage vers Noir\u00e9table).<br \/>\n&nbsp;<br \/>\n&#8211; A 19h30 en gare de Noir\u00e9table, confection d&rsquo;une fl\u00e8che g\u00e9ante \u00e0 double sens avec possibilit\u00e9 de petite restauration, vin chaud, prises de parole d&rsquo;habitants et d&rsquo;\u00e9lus (une demande d&rsquo;ouverture de la gare est en cours aupr\u00e8s SNCF Gares et Connexions).<br \/>\n&nbsp;<br \/>\nCette mobilisation s&rsquo;intitule \u00ab\u00a0Lumi\u00e8res sur Les Rails\u00a0\u00bb<br \/>\n&nbsp;<br \/>\nLa symbolique est de remettre la lumi\u00e8re sur les rails dans le sens de l&rsquo;avenir pour notre plan\u00e8te mais surtout pour les habitants qui jalonnent la ligne ferroviaire Clermont-Ferrand St Etienne dont la circulation a \u00e9t\u00e9 interrompue depuis 2016.<br \/>\n&nbsp;<br \/>\nPour ce faire, les acteurs locaux (habitants, \u00e9lus, associations, etc\u2026) d\u00e9poseront des bougies pour former une fl\u00e8che dans chaque gare en direction des gares respectives de Clermont-Ferrand et St Etienne. Des bougies seront disponibles \u00e0 la vente au tarif de 1 euro symbolique.<br \/>\n&nbsp;<br \/>\nComme vous avez pu le lire, nous comptons sur vous et vos adh\u00e9rents pour participer \u00e0 cet \u00e9v\u00e9nement.<br \/>\n&nbsp;<br \/>\nPour ce faire, nous organisons des r\u00e9unions de pr\u00e9paration le 7 janvier 2023 auxquelles vous \u00eates cordialement convi\u00e9s en fonction de votre disponibilit\u00e9 et de votre situation g\u00e9ographique.<br \/>\n&nbsp;<br \/>\nNous vous accueillerons afin d&rsquo;affiner l&rsquo;organisation de la mobilisation avec vous \u00e0 :<br \/>\n&nbsp;<br \/>\n<strong><br \/>\n&#8211;   Thiers de 10h \u00e0 11h30 &#8211; lieu \u00e0 d\u00e9finir<br \/>\n&#8211;   Noir\u00e9table de 14h \u00e0 15h30 &#8211; Mairie<br \/>\n&#8211;   Bo\u00ebn sur Lignon de 16h \u00e0 17h30 &#8211; lieu \u00e0 d\u00e9finir<br \/>\n<\/strong><br \/>\n&nbsp;<br \/>\nMerci de confirmer sa pr\u00e9sence au 06 80 10 94 18.<br \/>\n&nbsp;<br \/>\n<img loading=\"lazy\" decoding=\"async\" class=\" aligncenter size-full wp-image-4204\" src=\"http:\/\/5.45.101.177\/haut-allier\/usagers-transportse\/wp-content\/uploads\/2022\/12\/flyer_lumieres_sur_les_rails-min.jpg\" alt=\"flyer_lumieres_sur_les_rails-min.jpg\" align=\"center\" width=\"1400\" height=\"1987\" srcset=\"https:\/\/usagers-transports.haut-allier.eu\/wp-content\/uploads\/2022\/12\/flyer_lumieres_sur_les_rails-min.jpg 1400w, https:\/\/usagers-transports.haut-allier.eu\/wp-content\/uploads\/2022\/12\/flyer_lumieres_sur_les_rails-min-211x300.jpg 211w, https:\/\/usagers-transports.haut-allier.eu\/wp-content\/uploads\/2022\/12\/flyer_lumieres_sur_les_rails-min-721x1024.jpg 721w, https:\/\/usagers-transports.haut-allier.eu\/wp-content\/uploads\/2022\/12\/flyer_lumieres_sur_les_rails-min-768x1090.jpg 768w, https:\/\/usagers-transports.haut-allier.eu\/wp-content\/uploads\/2022\/12\/flyer_lumieres_sur_les_rails-min-1082x1536.jpg 1082w\" sizes=\"auto, (max-width: 1400px) 100vw, 1400px\" \/><br \/>\n&nbsp;<br \/>\n<em>[Communiqu\u00e9 LeTrain634269]<\/em><\/p>\n","protected":false},"excerpt":{"rendered":"<p>L&rsquo;association LeTrain634269 organise une mobilisation le 28 janvier 2023 sur trois gares pour d\u00e9montrer l&rsquo;int\u00e9r\u00eat de la r\u00e9ouverture<\/p>\n","protected":false},"author":1,"featured_media":4203,"comment_status":"open","ping_status":"open","sticky":false,"template":"","format":"standard","meta":{"footnotes":""},"categories":[3],"tags":[],"class_list":["post-959","post","type-post","status-publish","format-standard","has-post-thumbnail","hentry","category-en-train"],"_links":{"self":[{"href":"https:\/\/usagers-transports.haut-allier.eu\/index.php\/wp-json\/wp\/v2\/posts\/959","targetHints":{"allow":["GET"]}}],"collection":[{"href":"https:\/\/usagers-transports.haut-allier.eu\/index.php\/wp-json\/wp\/v2\/posts"}],"about":[{"href":"https:\/\/usagers-transports.haut-allier.eu\/index.php\/wp-json\/wp\/v2\/types\/post"}],"author":[{"embeddable":true,"href":"https:\/\/usagers-transports.haut-allier.eu\/index.php\/wp-json\/wp\/v2\/users\/1"}],"replies":[{"embeddable":true,"href":"https:\/\/usagers-transports.haut-allier.eu\/index.php\/wp-json\/wp\/v2\/comments?post=959"}],"version-history":[{"count":0,"href":"https:\/\/usagers-transports.haut-allier.eu\/index.php\/wp-json\/wp\/v2\/posts\/959\/revisions"}],"wp:featuredmedia":[{"embeddable":true,"href":"https:\/\/usagers-transports.haut-allier.eu\/index.php\/wp-json\/wp\/v2\/media\/4203"}],"wp:attachment":[{"href":"https:\/\/usagers-transports.haut-allier.eu\/index.php\/wp-json\/wp\/v2\/media?parent=959"}],"wp:term":[{"taxonomy":"category","embeddable":true,"href":"https:\/\/usagers-transports.haut-allier.eu\/index.php\/wp-json\/wp\/v2\/categories?post=959"},{"taxonomy":"post_tag","embeddable":true,"href":"https:\/\/usagers-transports.haut-allier.eu\/index.php\/wp-json\/wp\/v2\/tags?post=959"}],"curies":[{"name":"wp","href":"https:\/\/api.w.org\/{rel}","templated":true}]}}