{"id":96,"date":"2013-12-10T15:18:17","date_gmt":"2013-12-10T14:18:17","guid":{"rendered":"http:\/\/5.45.101.177\/haut-allier\/usagers-transportse\/index.php\/2013\/12\/10\/inquietude-de-michel-vauzelle-sur096\/"},"modified":"2013-12-10T15:18:17","modified_gmt":"2013-12-10T14:18:17","slug":"inquietude-de-michel-vauzelle-sur096","status":"publish","type":"post","link":"https:\/\/usagers-transports.haut-allier.eu\/index.php\/2013\/12\/10\/inquietude-de-michel-vauzelle-sur096\/","title":{"rendered":"Inqui\u00e9tude de Michel Vauzelle sur le service SNCF en PACA : l&rsquo;enfumage de P\u00e9py"},"content":{"rendered":"<p>Apr\u00e8s la <a href=\"http:\/\/usagers-transports.haut-allier.eu\/spip.php?article76\">grogne<\/a> de Ren\u00e9 Souchon, c&rsquo;est au tour du pr\u00e9sident de la r\u00e9gion Provence Alpes C\u00f4te d&rsquo;Azur  de s&rsquo;interroger dans une <a href=\"http:\/\/www.regionpaca.fr\/actualites\/detail-actualite\/article\/michel-vauzelle-alerte-la-sncf.html\">lettre<\/a> adress\u00e9e le 23 septembre dernier au pr\u00e9sident de la SNCF sur les nombreux dysfonctionnements qui affectent le service des trains r\u00e9gionaux &lsquo;<em>qui p\u00e9nalisent fortement le quotidien des usagers du TER et affectent, malgr\u00e9 tous nos efforts, le d\u00e9veloppement du transport ferroviaire r\u00e9gional<\/em>&lsquo;. La r\u00e9gion avait pourtant conclu un protocole de redressement de la qualit\u00e9 des services en 2011 avec la soci\u00e9t\u00e9 dite ferroviaire qui lui donne le droit de la p\u00e9naliser financi\u00e8rement. On comprend alors la promptitude \u00e0 lui r\u00e9pondre&#8230; Deux mois.<br \/>\n&nbsp;<br \/>\nMais qu&rsquo;attendre de Guillaume P\u00e9py ? Avec sa r\u00e9ponse on atteint le summum de l&rsquo;enfumage : <em>Je prends les mesures n\u00e9cessaires<\/em> dit-il et <em>&lsquo; Cette politique de travaux r\u00e9alis\u00e9e avec l\u2019appui des collectivit\u00e9s locales n\u00e9cessite aujourd\u2019hui des limitations de vitesse et des r\u00e9ductions de capacit\u00e9s sur certaines lignes qui ont un impact sur les trajets de nos clients. Le b\u00e9n\u00e9fice pour ces derniers sera \u00e0 la hauteur des travaux engag\u00e9s&rsquo;<\/em>. <strong>N&rsquo;y croyez pas usagers de PACA ! <\/strong> Nous en faisons la triste exp\u00e9rience puisque les 4 ans de travaux dans les gorges de l&rsquo;Allier viennent de se terminer et que la SNCF et RFF refusent de r\u00e9tablir les vitesses initiales.<br \/>\n&nbsp;<br \/>\nL&rsquo;<a href=\"http:\/\/www.regionpaca.fr\/actualites\/detail-actualite\/article\/michel-vauzelle-alerte-la-sncf.html\">article<\/a> publi\u00e9 sur le site du conseil r\u00e9gional est fort int\u00e9ressant \u00e0 lire et d\u00e9montre la difficult\u00e9 d&rsquo;agir dans le domaine des transports pour l&rsquo;\u00e9lu d&rsquo;un pays en proie \u00e0 une technocratie que nous appellerons ferroviaire et sans la volont\u00e9 r\u00e9elle de changement d&rsquo;un gouvernement adepte lui aussi de la langue de bois.<br \/>\n&nbsp;<br \/>\nLe pr\u00e9sident d&rsquo;Auvergne lui, a compris : il est all\u00e9 plaider ce jour 10 d\u00e9cembre la cause des transports de sa r\u00e9gion \u00e0 l&rsquo;Elys\u00e9e, chez Hollande, comprenant bien que sans d\u00e9cision politique claire et courageuse, on ne s&rsquo;en sortira pas&#8230; Notre collectif lui a demand\u00e9 dans un tweet de ne pas oublier non plus le brinquebalant train C\u00e9venol.<\/p>\n","protected":false},"excerpt":{"rendered":"<p>Apr\u00e8s la grogne de Ren\u00e9 Souchon, c&rsquo;est au tour du pr\u00e9sident de la r\u00e9gion Provence Alpes C\u00f4te d&rsquo;Azur<\/p>\n","protected":false},"author":1,"featured_media":1528,"comment_status":"closed","ping_status":"open","sticky":false,"template":"","format":"standard","meta":{"footnotes":""},"categories":[2],"tags":[],"class_list":["post-96","post","type-post","status-publish","format-standard","has-post-thumbnail","hentry","category-infos"],"_links":{"self":[{"href":"https:\/\/usagers-transports.haut-allier.eu\/index.php\/wp-json\/wp\/v2\/posts\/96","targetHints":{"allow":["GET"]}}],"collection":[{"href":"https:\/\/usagers-transports.haut-allier.eu\/index.php\/wp-json\/wp\/v2\/posts"}],"about":[{"href":"https:\/\/usagers-transports.haut-allier.eu\/index.php\/wp-json\/wp\/v2\/types\/post"}],"author":[{"embeddable":true,"href":"https:\/\/usagers-transports.haut-allier.eu\/index.php\/wp-json\/wp\/v2\/users\/1"}],"replies":[{"embeddable":true,"href":"https:\/\/usagers-transports.haut-allier.eu\/index.php\/wp-json\/wp\/v2\/comments?post=96"}],"version-history":[{"count":0,"href":"https:\/\/usagers-transports.haut-allier.eu\/index.php\/wp-json\/wp\/v2\/posts\/96\/revisions"}],"wp:featuredmedia":[{"embeddable":true,"href":"https:\/\/usagers-transports.haut-allier.eu\/index.php\/wp-json\/wp\/v2\/media\/1528"}],"wp:attachment":[{"href":"https:\/\/usagers-transports.haut-allier.eu\/index.php\/wp-json\/wp\/v2\/media?parent=96"}],"wp:term":[{"taxonomy":"category","embeddable":true,"href":"https:\/\/usagers-transports.haut-allier.eu\/index.php\/wp-json\/wp\/v2\/categories?post=96"},{"taxonomy":"post_tag","embeddable":true,"href":"https:\/\/usagers-transports.haut-allier.eu\/index.php\/wp-json\/wp\/v2\/tags?post=96"}],"curies":[{"name":"wp","href":"https:\/\/api.w.org\/{rel}","templated":true}]}}