{"id":960,"date":"2022-12-15T15:11:12","date_gmt":"2022-12-15T14:11:12","guid":{"rendered":"http:\/\/5.45.101.177\/haut-allier\/usagers-transportse\/index.php\/2022\/12\/15\/ligne-clermont-fd-paris-comite-de960\/"},"modified":"2026-09-01T16:01:05","modified_gmt":"2026-09-01T14:01:05","slug":"ligne-clermont-fd-paris-comite-de960","status":"publish","type":"post","link":"https:\/\/usagers-transports.haut-allier.eu\/index.php\/2022\/12\/15\/ligne-clermont-fd-paris-comite-de960\/","title":{"rendered":"Ligne Clermont Fd &#8211; Paris : comit\u00e9 de suivi du 14 d\u00e9cembre"},"content":{"rendered":"Premi\u00e8res conclusions du Collectif des usagers de la ligne SNCF Clermont-Paris qui \u00e9tait repr\u00e9sent\u00e9 par St\u00e9phanie Picard lors de cette 2\u00e8me r\u00e9union :\n&nbsp;\nNous retenons les \u00e9l\u00e9ments suivants :\n&nbsp;\n<strong>R\u00e9gularit\u00e9 \/ retards \/ suppression <\/strong> \n< 10 minutes : 88,6% (2019 : 84,5%) \n< 30 minutes : 94,4% (2019 : 92,7%) \n< 1 heure : 98,1% (2019 : 97,8%) \n&nbsp;\n<strong>Suppressions de trains<\/strong> \n\u00e0 date 0,89% (2021 : 0,79%) \/ octobre \u2013novembre : 1,3%   \n&nbsp;\nAttention : les grands retards concernent davantage les trains de fin de journ\u00e9e.  \n&nbsp;\n<strong>Fr\u00e9quentation <\/strong> \n+ 3% de passagers en 2022 \/2019 \n&nbsp;\n<strong>Trajets<\/strong>\nParis vers : \n&#8211;   Clermont : 47%  \n&#8211;   Vichy : 13% Vichy \n&#8211;   Nevers : 11%  \n&#8211;   Moulins : 9%  \n&#8211;   Riom : 6%  \n&nbsp;\n<strong>Passagers en correspondance : <\/strong>\n&#8211; Clermont : 1 passager sur 10 \n&#8211; Nevers : 2 passagers sur 10 \n&nbsp;\n<strong>Fin des travaux <\/strong> \nFin de livraison rames (2026) : pas de retard sur la livraison du dernier mat\u00e9riel (gain temps de parcours : 5 minutes)  \n&nbsp;\nTravaux de d\u00e9veloppement sur la ligne : 15\/18 mois de retard => plut\u00f4t 2027-2028 \n&nbsp;\nTemps de parcours cibles apr\u00e8s ces investissements : \n&#8211;   Direct : 3h06 (3h07 d\u00e8s 2023) \n&#8211;   Avec arr\u00eats : 3h15 (3h26 en 2023) \n&nbsp;\n<strong>Le collectif dans ce comit\u00e9 <\/strong> \n&nbsp;\nNous retenons que\u2026 \n&nbsp;\nLa SNCF ne peut pas faire de miracle avec le mat\u00e9riel et les \u00e9quipements dont elle dispose avant les travaux et le nouveau mat\u00e9riel. Ou plut\u00f4t, elle fait des miracles tous les jours.    \n&nbsp;\nNous ressentons une r\u00e9elle volont\u00e9 d\u2019am\u00e9lioration de la communication de la part de la SNCF avec des actions entreprises en ce sens. Nous remercions la SNCF pour sa grande transparence. \n&nbsp;\nUne bonne nouvelle : l\u2019installation de nouveaux mat\u00e9riels wifi va \u00eatre achev\u00e9e d\u2019ici fin 2022. \n&nbsp;\nUne moins bonne nouvelle : il faut s\u2019attendre \u00e0 des am\u00e9nagements (temps ? Horaires ? Gares ?) sur la ligne au 1er semestre en raison des travaux de r\u00e9g\u00e9n\u00e9ration. La SNCF va rapidement communiquer sur le calendrier de ces am\u00e9nagements.     \n&nbsp;\n<strong>Le collectif a r\u00e9agi sur :<\/strong>\n&nbsp;\nLes passages \u00e0 niveau. Il y a 92 passages \u00e0 niveau sur la ligne. Un programme de suppression de 15 est dans les tuyaux. Nous avons souhait\u00e9 attirer l\u2019attention sur les passages \u00e0 niveau, 4 incidents majeurs depuis d\u00e9but 2022, dont deux dramatiques. C\u2019est un traumatisme pour les usagers mais surtout pour le personnel SNCF.  \n&nbsp;\nLa communication m\u00e9dias : cette ligne SNCF \u00e9tant une infrastructure structurante majeure pour nos territoires, nous avons sugg\u00e9r\u00e9 que les journalistes soient invit\u00e9s \u00e0 ces r\u00e9unions qui sont une source d\u2019informations et d\u2019explications pr\u00e9cieuse.  \n&nbsp;\n<strong>Nous ajoutons que la pr\u00e9sentation du futur mat\u00e9riel command\u00e9 pour la ligne, les Confort 200 de CAF, sera pr\u00e9sent\u00e9 sur le parvis de la gare de Clermont :<\/strong>\n\n\u2705 Jeudi 15\/12 : de 12h a 18h\n\u2705 Vendredi 16\/12 : de 10h \u00e0 18h\n\u2705 Samedi 17\/12 : de 10h \u00e0 16h\n\n&nbsp;\n<img loading=\"lazy\" decoding=\"async\" class=\" aligncenter size-full wp-image-4206\" src=\"http:\/\/5.45.101.177\/haut-allier\/usagers-transportse\/wp-content\/uploads\/2022\/12\/126497090_o.jpg\" alt=\"126497090_o.jpg\" align=\"center\" width=\"1280\" height=\"904\" srcset=\"https:\/\/usagers-transports.haut-allier.eu\/wp-content\/uploads\/2022\/12\/126497090_o.jpg 1280w, https:\/\/usagers-transports.haut-allier.eu\/wp-content\/uploads\/2022\/12\/126497090_o-300x212.jpg 300w, https:\/\/usagers-transports.haut-allier.eu\/wp-content\/uploads\/2022\/12\/126497090_o-1024x723.jpg 1024w, https:\/\/usagers-transports.haut-allier.eu\/wp-content\/uploads\/2022\/12\/126497090_o-768x542.jpg 768w\" sizes=\"auto, (max-width: 1280px) 100vw, 1280px\" \/>\n&nbsp;\n\n<h2 class=\"wp-block-heading\">Documents joints<\/h2>\n\n\n\n<div class=\"wp-block-file\"><a href=\"http:\/\/5.45.101.177\/haut-allier\/usagers-transportse\/wp-content\/uploads\/2022\/12\/presentation.pdf\">presentation.pdf<\/a><\/div>\n\n\n","protected":false},"excerpt":{"rendered":"<p>Premi\u00e8res conclusions du Collectif des usagers de la ligne SNCF Clermont-Paris qui \u00e9tait repr\u00e9sent\u00e9 par St\u00e9phanie Picard lors<\/p>\n","protected":false},"author":1,"featured_media":4205,"comment_status":"open","ping_status":"open","sticky":false,"template":"","format":"standard","meta":{"footnotes":""},"categories":[3],"tags":[],"class_list":["post-960","post","type-post","status-publish","format-standard","has-post-thumbnail","hentry","category-en-train"],"_links":{"self":[{"href":"https:\/\/usagers-transports.haut-allier.eu\/index.php\/wp-json\/wp\/v2\/posts\/960","targetHints":{"allow":["GET"]}}],"collection":[{"href":"https:\/\/usagers-transports.haut-allier.eu\/index.php\/wp-json\/wp\/v2\/posts"}],"about":[{"href":"https:\/\/usagers-transports.haut-allier.eu\/index.php\/wp-json\/wp\/v2\/types\/post"}],"author":[{"embeddable":true,"href":"https:\/\/usagers-transports.haut-allier.eu\/index.php\/wp-json\/wp\/v2\/users\/1"}],"replies":[{"embeddable":true,"href":"https:\/\/usagers-transports.haut-allier.eu\/index.php\/wp-json\/wp\/v2\/comments?post=960"}],"version-history":[{"count":1,"href":"https:\/\/usagers-transports.haut-allier.eu\/index.php\/wp-json\/wp\/v2\/posts\/960\/revisions"}],"predecessor-version":[{"id":4208,"href":"https:\/\/usagers-transports.haut-allier.eu\/index.php\/wp-json\/wp\/v2\/posts\/960\/revisions\/4208"}],"wp:featuredmedia":[{"embeddable":true,"href":"https:\/\/usagers-transports.haut-allier.eu\/index.php\/wp-json\/wp\/v2\/media\/4205"}],"wp:attachment":[{"href":"https:\/\/usagers-transports.haut-allier.eu\/index.php\/wp-json\/wp\/v2\/media?parent=960"}],"wp:term":[{"taxonomy":"category","embeddable":true,"href":"https:\/\/usagers-transports.haut-allier.eu\/index.php\/wp-json\/wp\/v2\/categories?post=960"},{"taxonomy":"post_tag","embeddable":true,"href":"https:\/\/usagers-transports.haut-allier.eu\/index.php\/wp-json\/wp\/v2\/tags?post=960"}],"curies":[{"name":"wp","href":"https:\/\/api.w.org\/{rel}","templated":true}]}}