{"id":961,"date":"2022-12-18T15:13:59","date_gmt":"2022-12-18T14:13:59","guid":{"rendered":"http:\/\/5.45.101.177\/haut-allier\/usagers-transportse\/index.php\/2022\/12\/18\/region-auvergne-rhone-alpes-elle961\/"},"modified":"2022-12-18T15:13:59","modified_gmt":"2022-12-18T14:13:59","slug":"region-auvergne-rhone-alpes-elle961","status":"publish","type":"post","link":"https:\/\/usagers-transports.haut-allier.eu\/index.php\/2022\/12\/18\/region-auvergne-rhone-alpes-elle961\/","title":{"rendered":"R\u00e9gion Auvergne Rh\u00f4ne &#8211; Alpes : elle ne veut plus financer l&rsquo;infrastructure ferroviaire"},"content":{"rendered":"<p>Une d\u00e9claration de Laurent Wauquiez qui doit \u00eatre per\u00e7ue comme faisant partie de la guerre ouverte que m\u00e8ne la r\u00e9gion contre l&rsquo;\u00e9tat et la SNCF sur le financement des infrastructures ferr\u00e9es.<br \/>\n&nbsp;<br \/>\nLe pourquoi de cette guerre dont les habitants peuvent faire les frais : le budget du ferroviaire est un des plus gros budgets de la collectivit\u00e9.<br \/>\n&nbsp;<br \/>\nLe discours tenu est le m\u00eame depuis plusieurs ann\u00e9es : l&rsquo;\u00e9tat doit prendre en charge le r\u00e9seau sur tout le pays. Il vient de le faire pour la hausse du pass Navigo en r\u00e9gion parisienne, et le pr\u00e9sident de r\u00e9gion de demander l&rsquo;\u00e9galit\u00e9 de traitement Paris \/ province.<br \/>\n&nbsp;<br \/>\nOn lira avec int\u00e9r\u00eat ses interventions r\u00e9centes dans la presse \u00e9crite r\u00e9gionale :<br \/>\n&nbsp;<br \/>\n&#8211; Lyon Capitale du 16 d\u00e9cembre 2022 : <a href=\"https:\/\/www.lyonmag.com\/article\/127481\/la-sncf-reclame-168-millions-d-euros-a-la-region-laurent-wauquiez-denonce-un-chantage\"><em>La SNCF r\u00e9clame 168 millions d&rsquo;euros \u00e0 la R\u00e9gion &#8211; Laurent Wauquiez d\u00e9nonce un chantage<\/em><\/a><br \/>\n&#8211; La Montagne du 15 d\u00e9cembre 2022 : <a href=\"https:\/\/www.lamontagne.fr\/clermont-ferrand-63000\/actualites\/la-sncf-reclame-168-millions-d-euros-a-la-region-auvergne-rhone-alpes-pour-2023-afin-de-faire-face-a-l-inflation_14233867\/\"><em>La SNCF r\u00e9clame 168 millions d&rsquo;euros \u00e0 la R\u00e9gion Auvergne-Rh\u00f4ne-Alpes pour faire face \u00e0 l&rsquo;inflation, Wauquiez refuse de payer<\/em><\/a><br \/>\n&nbsp;<br \/>\nLe Vice-pr\u00e9sident charg\u00e9 des mobilit\u00e9s \u00e0 la m\u00eame r\u00e9gion, Fr\u00e9d\u00e9ric Aguilera enfonce le clou et pr\u00e9pare les esprits en pr\u00e9cisant :<a href=\"https:\/\/www.lamontagne.fr\/clermont-ferrand-63000\/actualites\/nous-ne-pourrons-plus-financer-les-lignes-ferroviaires-affirme-frederic-aguilera-vice-president-de-la-region-auvergne-rhone-alpes_14232557\/\"> <em>\u00ab\u00a0Nous ne pourrons plus financer les lignes ferroviaires\u00a0\u00bb<\/em><\/a> dans la Montagne du 16 d\u00e9cembre 2022.<br \/>\n&nbsp;<br \/>\n<em>Le sujet avait \u00e9t\u00e9 \u00e9voqu\u00e9 lors du Comit\u00e9 Auvergne \u00e0 Vichy le 7 novembre dernier<\/em><br \/>\n<img loading=\"lazy\" decoding=\"async\" class=\" aligncenter size-full wp-image-4210\" src=\"http:\/\/5.45.101.177\/haut-allier\/usagers-transportse\/wp-content\/uploads\/2022\/12\/zoom-2000-img_20221107_135301.jpg\" alt=\"zoom-2000-img_20221107_135301.jpg\" align=\"center\" width=\"1284\" height=\"984\" srcset=\"https:\/\/usagers-transports.haut-allier.eu\/wp-content\/uploads\/2022\/12\/zoom-2000-img_20221107_135301.jpg 1284w, https:\/\/usagers-transports.haut-allier.eu\/wp-content\/uploads\/2022\/12\/zoom-2000-img_20221107_135301-300x230.jpg 300w, https:\/\/usagers-transports.haut-allier.eu\/wp-content\/uploads\/2022\/12\/zoom-2000-img_20221107_135301-1024x785.jpg 1024w, https:\/\/usagers-transports.haut-allier.eu\/wp-content\/uploads\/2022\/12\/zoom-2000-img_20221107_135301-768x589.jpg 768w\" sizes=\"auto, (max-width: 1284px) 100vw, 1284px\" \/><br \/>\n&nbsp;<br \/>\nExtrait de l&rsquo;article :<br \/>\n&nbsp;<\/p>\n<blockquote class=\"poesie\">\n<p>Fr\u00e9d\u00e9ric Aguilera : \u00ab On fait rouler des trains dans de tr\u00e8s mauvaises conditions sur la ligne Clermont-Lyon, ce n\u2019est plus acceptable \u00bb.<\/p>\n<p>Pour faire face \u00e0 la hausse de la fr\u00e9quentation des TER, la R\u00e9gion va devoir investir sur du mat\u00e9riel roulant. Et ne pourra plus aider l\u2019\u00c9tat sur le maintien de l\u2019infrastructure, affirme Fr\u00e9d\u00e9ric Aguilera, vice-pr\u00e9sident (LR) de la R\u00e9gion en charge des transports.<\/p>\n<p>Il y a quelques semaines, vous annonciez une hausse de fr\u00e9quentation dans les TER en 2022. De combien est-elle ? <\/p>\n<p>Les comptages ne sont pas termin\u00e9s, mais on serait \u00e0 +15 % en g\u00e9n\u00e9ral et m\u00eame entre 15 et 20 % sur les principales lignes, dont Clermont &#8211; Lyon et autour de Clermont.<\/p>\n<p>Comment expliquez-vous cette augmentation de fr\u00e9quentation ? <\/p>\n<p>La pression sur le pouvoir d\u2019achat et la hausse des carburants, bien s\u00fbr. Mais aussi la difficult\u00e9 d\u2019entrer dans les grandes agglom\u00e9rations. L\u00e0 o\u00f9 le train n\u2019\u00e9tait pas comp\u00e9titif, il le redevient avec les embouteillages. Et la mise en place de Zones \u00e0 faible \u00e9mission (ZFE) devrait accentuer le ph\u00e9nom\u00e8ne&#8230; Le probl\u00e8me des ZFE est qu\u2019elles vont arriver brutalement. Si les m\u00e9tropoles vont pouvoir augmenter vite l\u2019offre de leurs transports urbains, le d\u00e9lai du ferroviaire est plus long : il faut cinq ans pour mettre en place un nouveau train, donc nous n\u2019aurons pas le temps de faire un choc d\u2019offres.<\/p>\n<p>La R\u00e9gion peut-elle investir pour faire face \u00e0 cette demande nouvelle ?<\/p>\n<p>Jusqu\u2019\u00e0 pr\u00e9sent, parce que la demande \u00e9tait stagnante, les R\u00e9gions pouvaient accompagner l\u2019\u00c9tat dans l\u2019investissement sur les lignes ferroviaires. Dans les dix ann\u00e9es \u00e0 venir, les R\u00e9gions vont devoir se reconcentrer sur leurs comp\u00e9tences premi\u00e8res, le mat\u00e9riel et le service. On ne pourra plus aider l\u2019\u00c9tat dans son sujet de comp\u00e9tence qui est l\u2019infrastructure. Cette position est unanime au sein des R\u00e9gions. D\u2019o\u00f9 l\u2019attente tr\u00e8s forte du rapport du Conseil d\u2019orientation des infrastructures (COI), qui fixe les objectifs tous les cinq ans. Le prochain est annonc\u00e9 ces jours-ci. Et le Gouvernement doit rendre ses arbitrages mi-janvier. C\u2019est sur cette base que se tiendront les discussions du volet mobilit\u00e9 du Contrat de plan Etat-R\u00e9gion.<\/p>\n<p>L\u2019opposition vous r\u00e9torquera : arr\u00eatez de financer les routes, qui ne sont pas de votre comp\u00e9tence&#8230; <\/p>\n<p>La loi 3DS dit que les R\u00e9gions doivent s\u2019impliquer sur les routes. Et il restera toujours la grande majorit\u00e9 des gens qui n\u2019auront d\u2019autres choix que de prendre leurs voitures. Donc il n\u2019est pas question d\u2019arr\u00eater de financer les routes, sinon on va concentrer les cr\u00e9dits dans les m\u00e9tropoles.<\/p>\n<p>Dans quel d\u00e9lai faut-il attendre ce CPER ? <\/p>\n<p>Je reste optimiste, je me dis \u00e0 l\u2019\u00e9t\u00e9. Car il faut qu\u2019on avance, on ne peut pas perdre une ann\u00e9e compl\u00e8te.<\/p>\n<p>Au 1er janvier, les tarifs TER vont augmenter. Comment d\u00e9fendez-vous cette d\u00e9cision ? <\/p>\n<p>Des R\u00e9gions augmentent deux fois voire trois fois plus que nous. Nous avons choisi de privil\u00e9gier les abonn\u00e9s, avec une augmentation de 2,95 %, alors que l\u2019occasionnel augmente de 8 %. Les abonn\u00e9s du Clermont-Vichy, par exemple, paieront 1,5 \u20ac par mois en plus. Cela nous paraissait absorbable par rapport \u00e0 nos co\u00fbts, qui explosent. Et nous n\u2019avions pas augment\u00e9 depuis deux ans.<\/p>\n<p>Un RER clermontois, c\u2019est possible ? <\/p>\n<p>Un RER, cela veut dire une offre de trains avec une plus large amplitude, une fr\u00e9quence tous les quarts d\u2019heure, un emport des trains plus importants. Clermont fait partie des six RER qui pourraient \u00e0 terme \u00eatre cr\u00e9\u00e9s dans la r\u00e9gion, avec Lyon, Grenoble ou encore Chamb\u00e9ry. Nous allons lancer une \u00e9tude au premier semestre avec la SNCF et le P\u00f4le m\u00e9tropolitain afin de remettre \u00e0 plat l\u2019offre. Faudra-t-il augmenter le nombre de haltes comme celle d\u2019Aulnat \u00e0 la Rotonde ?? Faudra-t-il augmenter le cadencement ??<\/p>\n<p>L\u2019exp\u00e9rimentation des rames \u00e0 hydrog\u00e8ne, c\u2019est pour quand ? <\/p>\n<p>Fin 2025 voire 2026. En semaine, les rames seront exp\u00e9riment\u00e9es sur la ligne Brioude-Moulins, et le week-end sur Clermont-Lyon. Pour faire cette exp\u00e9rimentation, d\u2019un montant de cinquante millions, on doit aussi moderniser l\u2019atelier de maintenance de Clermont, ce qui co\u00fbtera 40 millions.<\/p>\n<p><strong>Existe-t-il un avenir pour la ligne Thiers-Boen ?<\/strong> <\/p>\n<p><strong>L\u2019\u00e9tude la SNCF sera rendue d\u00e9but 2023. Si la conclusion est une r\u00e9ouverture compl\u00e8te ou partielle, cela fait partie des choses \u00e0 n\u00e9gocier avec l\u2019\u00c9tat, car la ligne lui appartient. <\/strong> <\/p>\n<p>Des usagers du Clermont-Lyon se plaignent de trains bond\u00e9s les vendredis et dimanches soirs. Quelles solutions ? <\/p>\n<p>Nous avons demand\u00e9 \u00e0 la SNCF le renforcement de l\u2019emport, c\u2019est-\u00e0-dire la capacit\u00e9. Et \u00e0 partir de 2024, on aura un train compl\u00e9mentaire aller-retour le dimanche soir. Est-il possible d\u2019am\u00e9liorer cette ligne ? Oui, car son taux de r\u00e9gularit\u00e9 est de 85 % alors qu\u2019il est de 95 % pour les autres lignes auvergnates. La plupart des retards sont li\u00e9s \u00e0 la ligne. On nous dit qu\u2019il faudrait environ 500 millions pour remettre la ligne en \u00e9tat. Nous, nous voulons savoir combien cela co\u00fbterait exactement et sur combien d\u2019ann\u00e9es ils seraient \u00e9tal\u00e9s. Donc nous demandons un sch\u00e9ma directeur. Les \u00e9tudes devraient d\u00e9buter en 2023. On fait rouler des trains dans de tr\u00e8s mauvaises conditions sur cette ligne, ce n\u2019est plus acceptable.<\/p>\n<\/blockquote>\n<p><strong>Entrevue int\u00e9ressante o\u00f9 l&rsquo;on entrevoit plusieurs inqui\u00e9tantes nouvelles, notamment que la r\u00e9gion confirme parler de r\u00e9ouverture partielle de la ligne Thiers Bo\u00ebn. L&rsquo;association <a href=\"https:\/\/letrain634269.org\"><em>Letrain634269<\/em><\/a> et notre collectif y sont oppos\u00e9s puisque nous r\u00e9clamons le r\u00e9tablissement de la liaison entre Saint-Etienne et Clermont Ferrand. Inqui\u00e9tude bien s\u00fbr aussi sur l&rsquo;investissement pour toutes les lignes du Massif central hormis apparemment Clermont Vichy Lyon, lignes de \u00ab\u00a0desserte fine\u00a0\u00bb que l&rsquo;\u00e9tat a abandonn\u00e9 et dont SNCF veut se d\u00e9barrasser depuis des d\u00e9cennies.<\/p>\n<p>La guerre R\u00e9gions &#8211; Etat est d\u00e9clar\u00e9e. Qui va en \u00eatre le gagnant ?<br \/>\n<\/strong><\/p>\n","protected":false},"excerpt":{"rendered":"<p>Une d\u00e9claration de Laurent Wauquiez qui doit \u00eatre per\u00e7ue comme faisant partie de la guerre ouverte que m\u00e8ne<\/p>\n","protected":false},"author":1,"featured_media":4209,"comment_status":"open","ping_status":"open","sticky":false,"template":"","format":"standard","meta":{"footnotes":""},"categories":[2],"tags":[],"class_list":["post-961","post","type-post","status-publish","format-standard","has-post-thumbnail","hentry","category-infos"],"_links":{"self":[{"href":"https:\/\/usagers-transports.haut-allier.eu\/index.php\/wp-json\/wp\/v2\/posts\/961","targetHints":{"allow":["GET"]}}],"collection":[{"href":"https:\/\/usagers-transports.haut-allier.eu\/index.php\/wp-json\/wp\/v2\/posts"}],"about":[{"href":"https:\/\/usagers-transports.haut-allier.eu\/index.php\/wp-json\/wp\/v2\/types\/post"}],"author":[{"embeddable":true,"href":"https:\/\/usagers-transports.haut-allier.eu\/index.php\/wp-json\/wp\/v2\/users\/1"}],"replies":[{"embeddable":true,"href":"https:\/\/usagers-transports.haut-allier.eu\/index.php\/wp-json\/wp\/v2\/comments?post=961"}],"version-history":[{"count":0,"href":"https:\/\/usagers-transports.haut-allier.eu\/index.php\/wp-json\/wp\/v2\/posts\/961\/revisions"}],"wp:featuredmedia":[{"embeddable":true,"href":"https:\/\/usagers-transports.haut-allier.eu\/index.php\/wp-json\/wp\/v2\/media\/4209"}],"wp:attachment":[{"href":"https:\/\/usagers-transports.haut-allier.eu\/index.php\/wp-json\/wp\/v2\/media?parent=961"}],"wp:term":[{"taxonomy":"category","embeddable":true,"href":"https:\/\/usagers-transports.haut-allier.eu\/index.php\/wp-json\/wp\/v2\/categories?post=961"},{"taxonomy":"post_tag","embeddable":true,"href":"https:\/\/usagers-transports.haut-allier.eu\/index.php\/wp-json\/wp\/v2\/tags?post=961"}],"curies":[{"name":"wp","href":"https:\/\/api.w.org\/{rel}","templated":true}]}}