{"id":962,"date":"2023-01-06T12:00:20","date_gmt":"2023-01-06T11:00:20","guid":{"rendered":"http:\/\/5.45.101.177\/haut-allier\/usagers-transportse\/index.php\/2023\/01\/06\/fin-des-bornes-de-compostage-de962\/"},"modified":"2023-01-06T12:00:20","modified_gmt":"2023-01-06T11:00:20","slug":"fin-des-bornes-de-compostage-de962","status":"publish","type":"post","link":"https:\/\/usagers-transports.haut-allier.eu\/index.php\/2023\/01\/06\/fin-des-bornes-de-compostage-de962\/","title":{"rendered":"Fin des bornes de compostage de billets \u00e0 la SNCF"},"content":{"rendered":"<p>La d\u00e9mat\u00e9rialisation des billets de train se poursuit puisque la fin des 3000 composteurs de gare vient d&rsquo;\u00eatre annonc\u00e9e par la SNCF dans les prochains mois. Cette \u00e9tape de validation serait devenue moins n\u00e9cessaire : selon l&rsquo;op\u00e9rateur ferroviaire, plus de 99% des titres de transport TGV et Intercit\u00e9s sont d\u00e9sormais num\u00e9riques, seuls 4% des titres TER n\u00e9cessitent encore d&rsquo;\u00eatre compost\u00e9s.<br \/>\n&nbsp;<br \/>\nLa SNCF met en avant \u00ab\u00a0une logique d&rsquo;am\u00e9lioration du parcours client et de simplification des d\u00e9marches\u00a0\u00bb.<br \/>\n&nbsp;<br \/>\nDes autocollants seront appos\u00e9s sur les composteurs et les distributeurs de billets pour pr\u00e9venir les clients de la fin du compostage.<br \/>\n&nbsp;<br \/>\nLa SNCF qui n&rsquo;a pas averti les groupes d&rsquo;usagers assure pourtant avoir inform\u00e9 les associations de consommateurs du projet.<br \/>\n&nbsp;<br \/>\nElle dit pr\u00e9voir des mesures pour encadrer cette disparition aupr\u00e8s des seniors qui pourraient \u00eatre perdus face \u00e0 la d\u00e9mat\u00e9rialisation croissante.<br \/>\n&nbsp;<br \/>\nException : cette suppression ne concerne pas les voyages Transilien, TER Sud PACA et TER Nouvelle-Aquitaine.<br \/>\n&nbsp;<br \/>\n<strong>Il ne reste plus \u00e0 SNCF qu&rsquo;\u00e0 supprimer les distributeurs de billets en gare et de les remplacer par des machines <em>DANS<\/em> les rames (comme en Suisse), autorisant ainsi la mont\u00e9e dans un train <em>SANS PREPARATION<\/em>, sans Internet, sans smartphone, plus <em>LIBREMENT<\/em>. Plus d\u00e9mocratiquement m\u00eame serait-on tent\u00e9 d&rsquo;ajouter. Avant l&rsquo;arriv\u00e9e du transport en commun gratuit que nous appelons de nos voeux.<\/strong><br \/>\n&nbsp;<\/p>\n","protected":false},"excerpt":{"rendered":"<p>La d\u00e9mat\u00e9rialisation des billets de train se poursuit puisque la fin des 3000 composteurs de gare vient d&rsquo;\u00eatre<\/p>\n","protected":false},"author":1,"featured_media":4211,"comment_status":"open","ping_status":"open","sticky":false,"template":"","format":"standard","meta":{"footnotes":""},"categories":[2],"tags":[],"class_list":["post-962","post","type-post","status-publish","format-standard","has-post-thumbnail","hentry","category-infos"],"_links":{"self":[{"href":"https:\/\/usagers-transports.haut-allier.eu\/index.php\/wp-json\/wp\/v2\/posts\/962","targetHints":{"allow":["GET"]}}],"collection":[{"href":"https:\/\/usagers-transports.haut-allier.eu\/index.php\/wp-json\/wp\/v2\/posts"}],"about":[{"href":"https:\/\/usagers-transports.haut-allier.eu\/index.php\/wp-json\/wp\/v2\/types\/post"}],"author":[{"embeddable":true,"href":"https:\/\/usagers-transports.haut-allier.eu\/index.php\/wp-json\/wp\/v2\/users\/1"}],"replies":[{"embeddable":true,"href":"https:\/\/usagers-transports.haut-allier.eu\/index.php\/wp-json\/wp\/v2\/comments?post=962"}],"version-history":[{"count":0,"href":"https:\/\/usagers-transports.haut-allier.eu\/index.php\/wp-json\/wp\/v2\/posts\/962\/revisions"}],"wp:featuredmedia":[{"embeddable":true,"href":"https:\/\/usagers-transports.haut-allier.eu\/index.php\/wp-json\/wp\/v2\/media\/4211"}],"wp:attachment":[{"href":"https:\/\/usagers-transports.haut-allier.eu\/index.php\/wp-json\/wp\/v2\/media?parent=962"}],"wp:term":[{"taxonomy":"category","embeddable":true,"href":"https:\/\/usagers-transports.haut-allier.eu\/index.php\/wp-json\/wp\/v2\/categories?post=962"},{"taxonomy":"post_tag","embeddable":true,"href":"https:\/\/usagers-transports.haut-allier.eu\/index.php\/wp-json\/wp\/v2\/tags?post=962"}],"curies":[{"name":"wp","href":"https:\/\/api.w.org\/{rel}","templated":true}]}}