{"id":964,"date":"2023-01-16T15:30:44","date_gmt":"2023-01-16T14:30:44","guid":{"rendered":"http:\/\/5.45.101.177\/haut-allier\/usagers-transportse\/index.php\/2023\/01\/16\/ligne-des-cevennes-au-sud-les964\/"},"modified":"2023-01-16T15:30:44","modified_gmt":"2023-01-16T14:30:44","slug":"ligne-des-cevennes-au-sud-les964","status":"publish","type":"post","link":"https:\/\/usagers-transports.haut-allier.eu\/index.php\/2023\/01\/16\/ligne-des-cevennes-au-sud-les964\/","title":{"rendered":"Ligne des C\u00e9vennes au sud : les trains Marseille \/ Lyon Barcelona \/ Madrid de la RENFE avant l&rsquo;\u00e9t\u00e9"},"content":{"rendered":"<p>C&rsquo;est le retour de la RENFE \u00e0 Marseille, Lyon, N\u00eemes, B\u00e9ziers puisque jusqu&rsquo;\u00e0 d\u00e9but d\u00e9cembre existaient des trains grande vitesse (AVE) exploit\u00e9s avec du personnel SNCF entre Marseille et Madrid par Barcelona.<br \/>\n&nbsp;<br \/>\nPlus de coop\u00e9ration donc avec la SNCF, l&rsquo;accord entre les deux soci\u00e9t\u00e9s ferroviaires ayant \u00e9t\u00e9 rompu, concurrence oblige, mais la RENFE est en train de faire des essais sans voyageurs ce lundi 16 janvier entre Marseille, Lyon et Madrid et va proposer un train Marseille Madrid et un Lyon Barcelona.<br \/>\n&nbsp;<br \/>\nLes deux desserviront N\u00eemes centre, B\u00e9ziers, en correspondance donc avec les trains Aubrac et C\u00e9venol. Les grilles horaires seront annonc\u00e9es avant cet \u00e9t\u00e9.<br \/>\n&nbsp;<br \/>\nLa Renfe devrait d\u00e9buter avec six allers retours par semaine sur les lignes Barcelone Lyon et Madrid Marseille, puis deux liaisons quotidiennes \u00e0 moyen terme.<br \/>\n&nbsp;<br \/>\n<img loading=\"lazy\" decoding=\"async\" class=\" aligncenter size-full wp-image-4219\" src=\"http:\/\/5.45.101.177\/haut-allier\/usagers-transportse\/wp-content\/uploads\/2023\/01\/renfe-sncf-map2.jpg\" alt=\"renfe-sncf-map2.jpg\" align=\"center\" width=\"600\" height=\"630\" srcset=\"https:\/\/usagers-transports.haut-allier.eu\/wp-content\/uploads\/2023\/01\/renfe-sncf-map2.jpg 600w, https:\/\/usagers-transports.haut-allier.eu\/wp-content\/uploads\/2023\/01\/renfe-sncf-map2-286x300.jpg 286w\" sizes=\"auto, (max-width: 600px) 100vw, 600px\" \/><br \/>\n&nbsp;<br \/>\nJusqu&rsquo;\u00e0 pr\u00e9sent le service \u00e9tait assur\u00e9 par des trains AVE S100. Ces trains \u00e0 un \u00e9tage atteignaient une vitesse de 200 &#8211; 300 km par heure. \u00c9quip\u00e9s d&rsquo;une voiture restaurant, ils desservaient la ligne Lyon Barcelone en 5 heures et 5 minutes et Marseille Madrid en 7 heures et 39 minutes.<br \/>\n&nbsp;<br \/>\n<img loading=\"lazy\" decoding=\"async\" class=\" aligncenter size-full wp-image-4220\" src=\"http:\/\/5.45.101.177\/haut-allier\/usagers-transportse\/wp-content\/uploads\/2023\/01\/ave-renfe.jpg\" alt=\"ave-renfe.jpg\" align=\"center\" width=\"1000\" height=\"600\" srcset=\"https:\/\/usagers-transports.haut-allier.eu\/wp-content\/uploads\/2023\/01\/ave-renfe.jpg 1000w, https:\/\/usagers-transports.haut-allier.eu\/wp-content\/uploads\/2023\/01\/ave-renfe-300x180.jpg 300w, https:\/\/usagers-transports.haut-allier.eu\/wp-content\/uploads\/2023\/01\/ave-renfe-768x461.jpg 768w\" sizes=\"auto, (max-width: 1000px) 100vw, 1000px\" \/><br \/>\n&nbsp;<br \/>\nLes rames \u00e9taient \u00e9quip\u00e9s du wifi gratuit avec une connexion 4G. Elles disposaient de 8 voitures avec des services de 1\u00e8re et 2nde classe : espace Club, voiture bar restaurant.<br \/>\n&nbsp;<br \/>\nIl sera difficile de proposer un niveau de service inf\u00e9rieur pour les nouvelles liaisons annonc\u00e9es et en cours de validation par nos amis ib\u00e8res.<br \/>\n&nbsp;<br \/>\nC\u00f4t\u00e9 SNCF on freine des quatre fers l&rsquo;arriv\u00e9e de la \u00ab\u00a0RENFE toute seule\u00a0\u00bb en n&rsquo;homologuant pas ses nouveaux trains grande vitesse et en proposant depuis peu sur les m\u00eames parcours quelques liaisons en TGV Inoui. Qui seront rejoint aussi sous peu par les rames des italiens de TrenItalia tr\u00e8s int\u00e9ress\u00e9s par ces liaisons.<br \/>\n&nbsp;<br \/>\n<em>[images RENFE]<\/em><\/p>\n","protected":false},"excerpt":{"rendered":"<p>C&rsquo;est le retour de la RENFE \u00e0 Marseille, Lyon, N\u00eemes, B\u00e9ziers puisque jusqu&rsquo;\u00e0 d\u00e9but d\u00e9cembre existaient des trains<\/p>\n","protected":false},"author":1,"featured_media":4218,"comment_status":"open","ping_status":"open","sticky":false,"template":"","format":"standard","meta":{"footnotes":""},"categories":[3],"tags":[],"class_list":["post-964","post","type-post","status-publish","format-standard","has-post-thumbnail","hentry","category-en-train"],"_links":{"self":[{"href":"https:\/\/usagers-transports.haut-allier.eu\/index.php\/wp-json\/wp\/v2\/posts\/964","targetHints":{"allow":["GET"]}}],"collection":[{"href":"https:\/\/usagers-transports.haut-allier.eu\/index.php\/wp-json\/wp\/v2\/posts"}],"about":[{"href":"https:\/\/usagers-transports.haut-allier.eu\/index.php\/wp-json\/wp\/v2\/types\/post"}],"author":[{"embeddable":true,"href":"https:\/\/usagers-transports.haut-allier.eu\/index.php\/wp-json\/wp\/v2\/users\/1"}],"replies":[{"embeddable":true,"href":"https:\/\/usagers-transports.haut-allier.eu\/index.php\/wp-json\/wp\/v2\/comments?post=964"}],"version-history":[{"count":0,"href":"https:\/\/usagers-transports.haut-allier.eu\/index.php\/wp-json\/wp\/v2\/posts\/964\/revisions"}],"wp:featuredmedia":[{"embeddable":true,"href":"https:\/\/usagers-transports.haut-allier.eu\/index.php\/wp-json\/wp\/v2\/media\/4218"}],"wp:attachment":[{"href":"https:\/\/usagers-transports.haut-allier.eu\/index.php\/wp-json\/wp\/v2\/media?parent=964"}],"wp:term":[{"taxonomy":"category","embeddable":true,"href":"https:\/\/usagers-transports.haut-allier.eu\/index.php\/wp-json\/wp\/v2\/categories?post=964"},{"taxonomy":"post_tag","embeddable":true,"href":"https:\/\/usagers-transports.haut-allier.eu\/index.php\/wp-json\/wp\/v2\/tags?post=964"}],"curies":[{"name":"wp","href":"https:\/\/api.w.org\/{rel}","templated":true}]}}