{"id":965,"date":"2023-01-17T21:39:09","date_gmt":"2023-01-17T20:39:09","guid":{"rendered":"http:\/\/5.45.101.177\/haut-allier\/usagers-transportse\/index.php\/2023\/01\/17\/le-rapport-du-comite-d-orientation965\/"},"modified":"2023-01-17T21:39:09","modified_gmt":"2023-01-17T20:39:09","slug":"le-rapport-du-comite-d-orientation965","status":"publish","type":"post","link":"https:\/\/usagers-transports.haut-allier.eu\/index.php\/2023\/01\/17\/le-rapport-du-comite-d-orientation965\/","title":{"rendered":"Le rapport du Comit\u00e9 d&rsquo;Orientation des Infrastructures est paru"},"content":{"rendered":"<p>Il comprend un grand volet concernant le ferroviaire et \u00e9tait tr\u00e8s attendu des usagers, des acteurs de la mobilit\u00e9, des \u00e9lus et du ministre des transports. Pr\u00e9sid\u00e9 par David Valence le <a href=\"https:\/\/www.ecologie.gouv.fr\/conseil-dorientation-des-infrastructures-coi\"><strong>COI<\/strong><\/a> a rendu un rapport qui conseille beaucoup plus de financement pour le train que n&rsquo;en veut le gouvernement. Mais aucun miracle en vue pour le Massif central, toujours laiss\u00e9 \u00e0 la tra\u00eene et d\u00e9consid\u00e9r\u00e9. Rien ne prouve que les recommandations du rapport seront suivies d&rsquo;effet. Mais si vous avez le temps et la curiosit\u00e9 lisez le il est tr\u00e8s int\u00e9ressant en ce qui concerne les diff\u00e9rents sujets abord\u00e9s, LGV, trains de nuit, trains Intercit\u00e9s, petites lignes&#8230; Nous nous autorisons simplement \u00e0 reprendre le site Mobilettre qui fait r\u00e9f\u00e9rence et son d\u00e9but de pr\u00e9sentation qui r\u00e9sume parfaitement :<br \/>\n&nbsp;<\/p>\n<blockquote class=\"poesie\"><p>\nLe rapport du COI<\/p>\n<p>Invoqu\u00e9 chaque jour ou presque par le ministre Beaune depuis l\u2019automne, esp\u00e9r\u00e9 ou redout\u00e9 par les \u00e9lus locaux, les associations d\u2019usagers, les gestionnaires d\u2019infrastructure, les industriels et les op\u00e9rateurs, et d\u2019ores et d\u00e9j\u00e0 l\u2019objet de rudes tensions au sein du gouvernement\u2026 Le voici, le rapport du Conseil d\u2019orientation des infrastructures (COI), pr\u00e9sid\u00e9 par David Valence, ou plut\u00f4t les voici, le rapport de synth\u00e8se, 158 pages, et le rapport annexe, une revue des projets, 142 pages, que Mobilettre a d\u00e9cid\u00e9 de rendre publics.<\/p>\n<p>Nous les mettons \u00e0 votre disposition pour plusieurs raisons:<\/p>\n<p>&#8211;  Parce que c\u2019est un rapport courageux, riche et de grande qualit\u00e9<br \/>\n&#8211;  Pour le dissocier des \u00e9l\u00e9ments de langage politique \u00e0 venir<br \/>\n&#8211;  Parce que les choix d\u2019infrastructures m\u00e9ritent une information large et transparente<br \/>\n&#8211;  Parce qu\u2019il rec\u00e8le plusieurs p\u00e9pites sur lesquelles nous ne r\u00e9sistons pas \u00e0 attirer votre attention\u2026<\/p>\n<p>Les membres du COI inaugurent de fait une nouvelle fa\u00e7on de faire de la politique avec les transports.<\/p>\n<p>Les temps ont chang\u00e9. Ce rapport du COI n\u2019est ni une liste quasi infinie de tous les projets, comme le fut le SNIT, ni une s\u00e9lection apparemment consensuelle, en r\u00e9alit\u00e9 pilot\u00e9e par les argentiers de Bercy. Le travail du COI version 2023 r\u00e9v\u00e8le une double adaptation, \u00e0 l\u2019archip\u00e9lisation de la vie politique qui complique tout consensus d\u2019inspiration technocratique et\/ou comptable, \u00e0 la priorit\u00e9 \u00e9cologique qui impose des choix diff\u00e9rents de ceux des deux derni\u00e8res d\u00e9cennies. Par l\u2019acceptation de divergences internes, par le refus du cadrage budg\u00e9taire de Bercy, les membres du COI inaugurent de fait une nouvelle fa\u00e7on de faire de la politique avec les transports. Se dirige-t-on vers un d\u00e9bat parlementaire f\u00e9cond et contradictoire qui pourrait d\u00e9boucher sur le vote solennel d\u2019une loi de programmation, \u00e0 la hauteur des enjeux d\u2019avenir qui concernent la Nation tout enti\u00e8re ? L\u2019hypoth\u00e8se nous r\u00e9jouit, parce que cela consacrerait la primaut\u00e9 du long terme sur les pol\u00e9miques politiciennes du moment.<\/p>\n<p>Nous n\u2019en sommes pas l\u00e0\u2026 L\u2019ex\u00e9cutif, \u00e9cartel\u00e9 entre l\u2019asc\u00e9tisme de Bercy et le nouveau paradigme \u00e9cologique, s\u2019appr\u00eaterait d\u00e8s ce d\u00e9but de semaine \u00e0 rendre des arbitrages as usual qui noient le poisson et gagnent du temps : \u00abC\u2019est un rapport tr\u00e8s int\u00e9ressant qui m\u00e9rite d\u2019\u00eatre expertis\u00e9 dans les prochains mois et confront\u00e9 \u00e0 la r\u00e9alit\u00e9 budg\u00e9taire\u2026\u00bb Nous verrons. Le ministre Cl\u00e9ment Beaune a tellement fait le teasing de ce rapport qu\u2019on attend qu\u2019il secoue le cocotier du conformisme et de la double main-mise Matignon-Bercy. Rappelons-nous simplement, et c\u2019est tout r\u00e9cent, qu\u2019avant de partir de Matignon, Jean Castex Premier ministre avait autoritairement fl\u00e9ch\u00e9 pas mal de cr\u00e9dits sur les trois nouvelles LGV (ou deux, si l\u2019on consid\u00e8re que la LNPCA est davantage un projet m\u00e9tropolitain), \u00e0 l\u2019encontre de la doxa \u00e9tablie par Emmanuel Macron lui-m\u00eame en 2017. Est-il encore possible d\u2019obtenir des arbitrages favorables \u00e0 la mobilit\u00e9 quotidienne, plus ferroviaires et fluviaux que routiers, dans la foul\u00e9e des recommandations d\u2019un COI volontariste?\n<\/p><\/blockquote>\n<p>&nbsp;<br \/>\nLisez l&rsquo;article complet <a href=\"https:\/\/www.mobilettre.com\/mobialerte-101-16-janvier-2023\/\"><em>ici<\/em><\/a>.<br \/>\n&nbsp;<\/p>\n<p>Et voici le rapport et son annexe \u00e0 t\u00e9l\u00e9charger :<br \/>\n<a href=\"http:\/\/5.45.101.177\/haut-allier\/usagers-transportse\/wp-content\/uploads\/2023\/01\/2023-01-06-coi_rapport_vdef-def-def.pdf\">2023-01-06-coi_rapport_vdef-def-def.pdf<\/a><br \/>\n<a href=\"http:\/\/5.45.101.177\/haut-allier\/usagers-transportse\/wp-content\/uploads\/2023\/01\/2023-01-06-coi_rapport-annexe-v4-acc.pdf\">2023-01-06-coi_rapport-annexe-v4-acc.pdf<\/a><br \/>\n&nbsp;<br \/>\nBonne lecture.<\/p>\n","protected":false},"excerpt":{"rendered":"<p>Il comprend un grand volet concernant le ferroviaire et \u00e9tait tr\u00e8s attendu des usagers, des acteurs de la<\/p>\n","protected":false},"author":1,"featured_media":4221,"comment_status":"open","ping_status":"open","sticky":false,"template":"","format":"standard","meta":{"footnotes":""},"categories":[2],"tags":[],"class_list":["post-965","post","type-post","status-publish","format-standard","has-post-thumbnail","hentry","category-infos"],"_links":{"self":[{"href":"https:\/\/usagers-transports.haut-allier.eu\/index.php\/wp-json\/wp\/v2\/posts\/965","targetHints":{"allow":["GET"]}}],"collection":[{"href":"https:\/\/usagers-transports.haut-allier.eu\/index.php\/wp-json\/wp\/v2\/posts"}],"about":[{"href":"https:\/\/usagers-transports.haut-allier.eu\/index.php\/wp-json\/wp\/v2\/types\/post"}],"author":[{"embeddable":true,"href":"https:\/\/usagers-transports.haut-allier.eu\/index.php\/wp-json\/wp\/v2\/users\/1"}],"replies":[{"embeddable":true,"href":"https:\/\/usagers-transports.haut-allier.eu\/index.php\/wp-json\/wp\/v2\/comments?post=965"}],"version-history":[{"count":0,"href":"https:\/\/usagers-transports.haut-allier.eu\/index.php\/wp-json\/wp\/v2\/posts\/965\/revisions"}],"wp:featuredmedia":[{"embeddable":true,"href":"https:\/\/usagers-transports.haut-allier.eu\/index.php\/wp-json\/wp\/v2\/media\/4221"}],"wp:attachment":[{"href":"https:\/\/usagers-transports.haut-allier.eu\/index.php\/wp-json\/wp\/v2\/media?parent=965"}],"wp:term":[{"taxonomy":"category","embeddable":true,"href":"https:\/\/usagers-transports.haut-allier.eu\/index.php\/wp-json\/wp\/v2\/categories?post=965"},{"taxonomy":"post_tag","embeddable":true,"href":"https:\/\/usagers-transports.haut-allier.eu\/index.php\/wp-json\/wp\/v2\/tags?post=965"}],"curies":[{"name":"wp","href":"https:\/\/api.w.org\/{rel}","templated":true}]}}