{"id":966,"date":"2023-01-20T19:31:25","date_gmt":"2023-01-20T18:31:25","guid":{"rendered":"http:\/\/5.45.101.177\/haut-allier\/usagers-transportse\/index.php\/2023\/01\/20\/ligne-clermont-fd-paris-les966\/"},"modified":"2023-01-20T19:31:25","modified_gmt":"2023-01-20T18:31:25","slug":"ligne-clermont-fd-paris-les966","status":"publish","type":"post","link":"https:\/\/usagers-transports.haut-allier.eu\/index.php\/2023\/01\/20\/ligne-clermont-fd-paris-les966\/","title":{"rendered":"Ligne Clermont Fd &#8211; Paris : les usagers veulent une liaison par train en moins de 2h30"},"content":{"rendered":"<p>Tous les groupes d&rsquo;usagers que compte le massif central demandent pour l&rsquo;apr\u00e8s 2028, date promise de fin des travaux et du renouvellement des Intercit\u00e9s sur la ligne qu&rsquo;une solution soit mise en place pour que la liaison s&rsquo;effectue en moins de 2 h 30. Ils demandent aussi un v\u00e9ritable engagement des parties concern\u00e9es pour la p\u00e9riode d&rsquo;avant 2028 soit 5 ans, pour diminuer impact des travaux et les al\u00e9as presque quotidiens que conna\u00eet l&rsquo;axe.<br \/>\n&nbsp;<br \/>\nEn effet maintenant que l&rsquo;on sait qu&rsquo;il n&rsquo;y aura sans doute pas de ligne TGV pour le massif, le <a href=\"http:\/\/usagers-transports.haut-allier.eu\/?le-rapport-du-comite-d-orientation,965\"><em>rapport du COI<\/em><\/a> dit ceci : <em>\u00ab\u00a0Le projet de ligne nouvelle \u00e0 grande vitesse dite POCL (Paris Orl\u00e9ans Clermont Lyon) a vu son opportunit\u00e9 largement remise en cause par les progr\u00e8s apport\u00e9s par le d\u00e9veloppement du syst\u00e8me ERMTS\u00a0\u00bb<\/em> [page 59 de l&rsquo;annexe] il \u00e9tait essentiel de ne pas se contenter pour 2028 de la solution toujours au rabais, c&rsquo;est-\u00e0-dire une liaison aux caract\u00e9ristiques d\u00e9grad\u00e9es, au temps de parcours plus long qu&rsquo;il y a 10 ans, mais d&rsquo;envisager d\u00e8s maintenant la mise en place d&rsquo;un syst\u00e8me permettant le parcours en 2 h 30.<br \/>\n&nbsp;<br \/>\nEssentiel pour Clermont dont nous sommes contents d&rsquo;apprendre qu&rsquo;elle ne deviendra pas la ni\u00e8me cit\u00e9 dortoir de Paris et que le prix de l&rsquo;immobilier ne flambera pas gr\u00e2ce \u00e0 son \u00e9loignement relatif maintenu, mais aussi essentiel pour le massif dans sa globalit\u00e9 avec une \u00e9toile auvergnate qui ne demande qu&rsquo;\u00e0 rebriller dot\u00e9e de ses lignes vers la M\u00e9diterran\u00e9e et Toulouse, vers Lyon, vers l&rsquo;ouest et Bordeaux, toutes \u00e0 renouveler et am\u00e9liorer.<br \/>\n&nbsp;<br \/>\nAinsi les usagers viennent de demander au Pr\u00e9sident de la R\u00e9publique une entrevue pour r\u00e9clamer ce projet qu&rsquo;ils pensent r\u00e9aliste. L&rsquo;Auvergne ne peut plus \u00eatre consid\u00e9r\u00e9e comme le seul cul de sac ferroviaire du pays et veut une liaison fiable, p\u00e9renne et correcte avec Paris, mais aussi avec les autres capitales r\u00e9gionales que sont Lyon, Bordeaux, Toulouse, Marseille. Simplement le retour demand\u00e9 en quelque sorte de ce que le Massif central a connu depuis plus de 100 ans. Pas plus.<br \/>\n&nbsp;<br \/>\nVoici le texte de la p\u00e9tition destin\u00e9e \u00e0 soutenir la d\u00e9marche :<br \/>\n&nbsp;<\/p>\n<blockquote class=\"poesie\"><p>\nMettre plus de 3h pour rallier Paris en train depuis Clermont-FD, en 2023, c\u2019est inacceptable !<\/p>\n<p>La ligne est caract\u00e9ris\u00e9e par 2 sujets majeurs :<\/p>\n<p>La non fiabilit\u00e9 de la ligne : retards et suppressions de train, en raison de pannes mat\u00e9rielles (rames \u00e2g\u00e9es de plus de 40 ans et de plus de 30 ans pour les locomotives), v\u00e9tust\u00e9 des infrastructures ferroviaires, d\u00e9faillance \u00e9quipements, heurts d\u2019animaux, chocs sur passages \u00e0 niveau, etc&#8230;<br \/>\nLe temps de parcours s\u2019allonge : pour rejoindre Paris depuis Clermont-FD il fallait 2h58 en 2008 par le direct. Il faut aujourd&rsquo;hui 3h14, soit un allongement de 16 minutes ! (et nous ne parlons que du train direct, soit seulement un aller-retour par jour).<br \/>\nDepuis des d\u00e9cennies, les contribuables du Massif central regardent les constructions de lignes TGV de leurs compatriotes d\u2019autres grandes villes les rapprocher de la capitale, quand eux s\u2019en \u00e9loignent inlassablement.<\/p>\n<p>Carte des temps de parcours depuis Paris en train TGV et intercit\u00e9s<\/p>\n<p><img loading=\"lazy\" decoding=\"async\" class=\" aligncenter size-full wp-image-4225\" src=\"http:\/\/5.45.101.177\/haut-allier\/usagers-transportse\/wp-content\/uploads\/2023\/01\/a7ea494b-6db3-4a07-99d6-37ca96067492.jpg\" alt=\"a7ea494b-6db3-4a07-99d6-37ca96067492.jpg\" align=\"center\" width=\"964\" height=\"1080\" srcset=\"https:\/\/usagers-transports.haut-allier.eu\/wp-content\/uploads\/2023\/01\/a7ea494b-6db3-4a07-99d6-37ca96067492.jpg 964w, https:\/\/usagers-transports.haut-allier.eu\/wp-content\/uploads\/2023\/01\/a7ea494b-6db3-4a07-99d6-37ca96067492-268x300.jpg 268w, https:\/\/usagers-transports.haut-allier.eu\/wp-content\/uploads\/2023\/01\/a7ea494b-6db3-4a07-99d6-37ca96067492-914x1024.jpg 914w, https:\/\/usagers-transports.haut-allier.eu\/wp-content\/uploads\/2023\/01\/a7ea494b-6db3-4a07-99d6-37ca96067492-768x860.jpg 768w\" sizes=\"auto, (max-width: 964px) 100vw, 964px\" \/><\/p>\n<p>Perspectives actuelles pour la ligne :<\/p>\n<p>Apr\u00e8s des d\u00e9cennies d&rsquo;insuffisance d&rsquo;investissement, le mat\u00e9riel roulant va \u00eatre enti\u00e8rement renouvel\u00e9 d&rsquo;ici 2026 et des travaux d\u2019am\u00e9lioration de la ligne devraient \u00eatre achev\u00e9s en 2028.<br \/>\nCes investissements permettront de fiabiliser la ligne. Mais\u2026<br \/>\n&#8230; si le temps de parcours est ramen\u00e9 \u00e0 3h06 par le train direct, cela repr\u00e9sentera malgr\u00e9 tout un allongement de 8 minutes par rapport \u00e0 2008.<\/p>\n<p> <img loading=\"lazy\" decoding=\"async\" class=\" aligncenter size-full wp-image-4226\" src=\"http:\/\/5.45.101.177\/haut-allier\/usagers-transportse\/wp-content\/uploads\/2023\/01\/ace2a79c-679e-448a-ac36-c56fcbc76128.jpg\" alt=\"ace2a79c-679e-448a-ac36-c56fcbc76128.jpg\" align=\"center\" width=\"1920\" height=\"750\" srcset=\"https:\/\/usagers-transports.haut-allier.eu\/wp-content\/uploads\/2023\/01\/ace2a79c-679e-448a-ac36-c56fcbc76128.jpg 1920w, https:\/\/usagers-transports.haut-allier.eu\/wp-content\/uploads\/2023\/01\/ace2a79c-679e-448a-ac36-c56fcbc76128-300x117.jpg 300w, https:\/\/usagers-transports.haut-allier.eu\/wp-content\/uploads\/2023\/01\/ace2a79c-679e-448a-ac36-c56fcbc76128-1024x400.jpg 1024w, https:\/\/usagers-transports.haut-allier.eu\/wp-content\/uploads\/2023\/01\/ace2a79c-679e-448a-ac36-c56fcbc76128-768x300.jpg 768w, https:\/\/usagers-transports.haut-allier.eu\/wp-content\/uploads\/2023\/01\/ace2a79c-679e-448a-ac36-c56fcbc76128-1536x600.jpg 1536w\" sizes=\"auto, (max-width: 1920px) 100vw, 1920px\" \/><\/p>\n<p>Trains Clermont Paris temps de parcours depuis 30 ans<\/p>\n<p>Nous ne pouvons pas nous satisfaire d\u2019un tel temps de parcours. Le dynamisme de nos territoires m\u00e9rite mieux. Les Auvergnats m\u00e9ritent de disposer d\u2019une ligne ferroviaire de qualit\u00e9 les incitant \u00e0 pr\u00e9f\u00e9rer le train (mode de transport le plus sobre en carbone), \u00e0 la voiture ou l\u2019avion pour se rendre \u00e0 Paris.  <\/p>\n<p>Nous souhaitons qu\u2019un projet de trajet Clermont-FD \/ Paris en 2h30 maximum soit lanc\u00e9 d\u00e8s aujourd\u2019hui. Des solutions techniques existent, notamment une solution permettant \u00e9galement de traiter la ligne Limoges\/Paris.<\/p>\n<p>Nous refusons que Clermont-FD soit un cul-de-sac ferroviaire et que l&rsquo;\u00e9toile ferroviaire de Clermont s&rsquo;\u00e9teigne. Paris est \u00e9galement la capitale des Fran\u00e7ais vivant sur l&rsquo;ensemble de nos territoires, notamment ruraux.<\/p>\n<p>Dans ce contexte, 8 collectifs et associations d\u2019usagers de trains du Massif Central ont adress\u00e9 un courrier au Pr\u00e9sident de la R\u00e9publique sollicitant un entretien pour \u00e9voquer un projet de \u00ab\u00a0Clermont-FD\/Paris en 2h30\u00a0\u00bb (copie de la lettre ci-apr\u00e8s).<\/p>\n<p>Pour avoir plus de poids, nous faisons appel \u00e0 votre soutien citoyen. Nous devons collectivement et massivement montrer au Pr\u00e9sident de la R\u00e9publique et au Gouvernement que c\u2019est tout le Massif central qui se mobilise pour son accessibilit\u00e9 \u00e0 la capitale. Et, au-del\u00e0, ce sont, \u00e9galement de nombreux Parisiens et Franciliens qui aspirent \u00e0 acc\u00e9der dans de bonnes conditions \u00e0 leur terre de c\u0153ur, \u00e0 leur lieu de vill\u00e9giature, \u00e0 notre Auvergne, \u00e0 notre Massif central. <\/p>\n<p>Nous avons besoin de vous, pour cela nous vous invitons \u00e0 signer cette p\u00e9tition. Merci pour votre soutien !<\/p>\n<\/blockquote>\n<p>&nbsp;<br \/>\nLe <a href=\"https:\/\/www.change.org\/p\/clermont-fd-paris-en-2h30-par-le-train-c-est-pourtant-possible\"><em>lien pour signer<\/em><\/a>.<br \/>\n&nbsp;<br \/>\nEt voici la lettre adress\u00e9e ce jour au cabinet pr\u00e9sidentiel sign\u00e9e par tous les groupes d&rsquo;usagers actifs du massif central :<br \/>\n&nbsp;<br \/>\n<a href=\"http:\/\/5.45.101.177\/haut-allier\/usagers-transportse\/wp-content\/uploads\/2023\/01\/lettrecp-pr.pdf\">lettrecp-pr.pdf<\/a><br \/>\n&nbsp;<br \/>\nLes repr\u00e9sentants des structures signataires lors de la derni\u00e8re r\u00e9union de concertation :<br \/>\n&nbsp;<br \/>\n<em>St\u00e9phanie Picard (Collectif de d\u00e9fense des usagers de Clermont Paris)<br \/>\n<\/em><br \/>\n<img loading=\"lazy\" decoding=\"async\" class=\" aligncenter size-full wp-image-4228\" src=\"http:\/\/5.45.101.177\/haut-allier\/usagers-transportse\/wp-content\/uploads\/2023\/01\/spicard.jpg\" alt=\"spicard.jpg\" align=\"center\" width=\"682\" height=\"332\" srcset=\"https:\/\/usagers-transports.haut-allier.eu\/wp-content\/uploads\/2023\/01\/spicard.jpg 682w, https:\/\/usagers-transports.haut-allier.eu\/wp-content\/uploads\/2023\/01\/spicard-300x146.jpg 300w\" sizes=\"auto, (max-width: 682px) 100vw, 682px\" \/><br \/>\n<em>Un membre de ce m\u00eame collectif<\/em><br \/>\n<img loading=\"lazy\" decoding=\"async\" class=\" aligncenter size-full wp-image-4229\" src=\"http:\/\/5.45.101.177\/haut-allier\/usagers-transportse\/wp-content\/uploads\/2023\/01\/ccp.jpg\" alt=\"ccp.jpg\" align=\"center\" width=\"681\" height=\"332\" srcset=\"https:\/\/usagers-transports.haut-allier.eu\/wp-content\/uploads\/2023\/01\/ccp.jpg 681w, https:\/\/usagers-transports.haut-allier.eu\/wp-content\/uploads\/2023\/01\/ccp-300x146.jpg 300w\" sizes=\"auto, (max-width: 681px) 100vw, 681px\" \/><br \/>\n<em>Eliane Serre (Collectif pour la r\u00e9ouverture de Clermont Le Montdore)<\/em><br \/>\n<img loading=\"lazy\" decoding=\"async\" class=\" aligncenter size-full wp-image-4230\" src=\"http:\/\/5.45.101.177\/haut-allier\/usagers-transportse\/wp-content\/uploads\/2023\/01\/eserre.jpg\" alt=\"eserre.jpg\" align=\"center\" width=\"681\" height=\"332\" srcset=\"https:\/\/usagers-transports.haut-allier.eu\/wp-content\/uploads\/2023\/01\/eserre.jpg 681w, https:\/\/usagers-transports.haut-allier.eu\/wp-content\/uploads\/2023\/01\/eserre-300x146.jpg 300w\" sizes=\"auto, (max-width: 681px) 100vw, 681px\" \/><br \/>\n<em>Jean-Louis Th\u00e9venon (AUTA)<\/em><br \/>\n<img loading=\"lazy\" decoding=\"async\" class=\" aligncenter size-full wp-image-4231\" src=\"http:\/\/5.45.101.177\/haut-allier\/usagers-transportse\/wp-content\/uploads\/2023\/01\/jlthevenon-fnaut.jpg\" alt=\"jlthevenon-fnaut.jpg\" align=\"center\" width=\"680\" height=\"332\" srcset=\"https:\/\/usagers-transports.haut-allier.eu\/wp-content\/uploads\/2023\/01\/jlthevenon-fnaut.jpg 680w, https:\/\/usagers-transports.haut-allier.eu\/wp-content\/uploads\/2023\/01\/jlthevenon-fnaut-300x146.jpg 300w\" sizes=\"auto, (max-width: 680px) 100vw, 680px\" \/><br \/>\n<em>Patrick Wolf (Objectif Capitales) et Marc Gouttebroze (Usagers des transports du Haut Allier &#8211; Collectif Nous Voyageurs ! Massif central &#8211; Vive le train C\u00e9venol !)<\/em><br \/>\n<img loading=\"lazy\" decoding=\"async\" class=\" aligncenter size-full wp-image-4232\" src=\"http:\/\/5.45.101.177\/haut-allier\/usagers-transportse\/wp-content\/uploads\/2023\/01\/pwolf-mgouttebroze.jpg\" alt=\"pwolf-mgouttebroze.jpg\" align=\"center\" width=\"682\" height=\"332\" srcset=\"https:\/\/usagers-transports.haut-allier.eu\/wp-content\/uploads\/2023\/01\/pwolf-mgouttebroze.jpg 682w, https:\/\/usagers-transports.haut-allier.eu\/wp-content\/uploads\/2023\/01\/pwolf-mgouttebroze-300x146.jpg 300w\" sizes=\"auto, (max-width: 682px) 100vw, 682px\" \/><\/p>\n","protected":false},"excerpt":{"rendered":"<p>Tous les groupes d&rsquo;usagers que compte le massif central demandent pour l&rsquo;apr\u00e8s 2028, date promise de fin des<\/p>\n","protected":false},"author":1,"featured_media":4224,"comment_status":"open","ping_status":"open","sticky":false,"template":"","format":"standard","meta":{"footnotes":""},"categories":[3],"tags":[],"class_list":["post-966","post","type-post","status-publish","format-standard","has-post-thumbnail","hentry","category-en-train"],"_links":{"self":[{"href":"https:\/\/usagers-transports.haut-allier.eu\/index.php\/wp-json\/wp\/v2\/posts\/966","targetHints":{"allow":["GET"]}}],"collection":[{"href":"https:\/\/usagers-transports.haut-allier.eu\/index.php\/wp-json\/wp\/v2\/posts"}],"about":[{"href":"https:\/\/usagers-transports.haut-allier.eu\/index.php\/wp-json\/wp\/v2\/types\/post"}],"author":[{"embeddable":true,"href":"https:\/\/usagers-transports.haut-allier.eu\/index.php\/wp-json\/wp\/v2\/users\/1"}],"replies":[{"embeddable":true,"href":"https:\/\/usagers-transports.haut-allier.eu\/index.php\/wp-json\/wp\/v2\/comments?post=966"}],"version-history":[{"count":0,"href":"https:\/\/usagers-transports.haut-allier.eu\/index.php\/wp-json\/wp\/v2\/posts\/966\/revisions"}],"wp:featuredmedia":[{"embeddable":true,"href":"https:\/\/usagers-transports.haut-allier.eu\/index.php\/wp-json\/wp\/v2\/media\/4224"}],"wp:attachment":[{"href":"https:\/\/usagers-transports.haut-allier.eu\/index.php\/wp-json\/wp\/v2\/media?parent=966"}],"wp:term":[{"taxonomy":"category","embeddable":true,"href":"https:\/\/usagers-transports.haut-allier.eu\/index.php\/wp-json\/wp\/v2\/categories?post=966"},{"taxonomy":"post_tag","embeddable":true,"href":"https:\/\/usagers-transports.haut-allier.eu\/index.php\/wp-json\/wp\/v2\/tags?post=966"}],"curies":[{"name":"wp","href":"https:\/\/api.w.org\/{rel}","templated":true}]}}